{"id":7752,"date":"2022-01-08T17:33:50","date_gmt":"2022-01-08T16:33:50","guid":{"rendered":"http:\/\/parafiasmardzewo.pl\/?p=7752"},"modified":"2022-01-08T17:49:52","modified_gmt":"2022-01-08T16:49:52","slug":"niedziela-chrztu-panskiego-9-stycznia-2022","status":"publish","type":"post","link":"https:\/\/parafiasmardzewo.pl\/?p=7752","title":{"rendered":"NIEDZIELA CHRZTU PA\u0143SKIEGO &#8211; 9 stycznia 2022"},"content":{"rendered":"<p><strong>OG\u0141OSZENIA DUSZPASTERSKIE<\/strong><\/p>\n<ol>\n<li>Dzi\u015b w liturgii celebrujemy \u015bwi\u0119to Chrztu Pa\u0144skiego. Jezus staje w gronie grzesznik\u00f3w, aby przyj\u0105\u0107 chrzest nawr\u00f3cenia od Jana. Od tej chwili rozpoczyna publiczn\u0105 dzia\u0142alno\u015b\u0107, g\u0142oszenie kr\u00f3lestwa Bo\u017cego i wzywanie do nawr\u00f3cenia.<\/li>\n<li>Dzisiejszy dzie\u0144 to okazja, aby wspomnie\u0107 sakrament chrztu \u015bwi\u0119tego. Chrzest Janowy by\u0142 zapowiedzi\u0105 prawdziwego chrztu. Przez ten sakrament zostali\u015bmy z\u0142\u0105czeni z Chrystusem i\u00a0w\u0142\u0105czeni do Ko\u015bcio\u0142a. Niech dzisiejszy dzie\u0144 b\u0119dzie dniem wdzi\u0119czno\u015bci za naszych rodzic\u00f3w, rodzic\u00f3w chrzestnych, kt\u00f3rzy wyznaj\u0105c wiar\u0119, przynie\u015bli nas do \u015bwi\u0105tyni, aby\u015bmy mogli dost\u0105pi\u0107 odrodzenia z wody i Ducha \u015awi\u0119tego.<\/li>\n<li>Dzi\u015b ko\u0144czy si\u0119 liturgiczny okres Narodzenia Pa\u0144skiego. Jednak \u017c\u0142\u00f3bek i choinki pozostan\u0105 w \u015bwi\u0105tyni do 2 lutego, r\u00f3wnie\u017c kol\u0119dy b\u0119dziemy \u015bpiewa\u0107 do \u015bwi\u0119ta Matki Bo\u017cej Gromnicznej.<\/li>\n<li>Kol\u0119da, w tym roku, czyli spotkania mieszka\u0144c\u00f3w z poszczeg\u00f3lnych wiosek na wyznaczonej Mszy \u015awi\u0119tej w ko\u015bciele oraz nieliczne odwiedziny ksi\u0119dza w domach rodzin, kt\u00f3re prosi\u0142y by wizyta duszpasterska odby\u0142a si\u0119 w formie tradycyjnej, powoli dobiega ko\u0144ca. Za dwa tygodnie (23 stycznia br.) podam kilka informacji o przebiegu tegorocznej kol\u0119dy.<\/li>\n<li>Przypominam, \u017ce Msza \u015awi\u0119ta odprawiana w soboty (do lutego w\u0142\u0105cznie) o godz. 16.00 ma charakter niedzielny i osoby, kt\u00f3re uczestnicz\u0105 w tej Eucharystii spe\u0142niaj\u0105 niedzielny obowi\u0105zek uczestniczenia we Mszy \u015awi\u0119tej.<\/li>\n<li>Informacja dla zelatorek r\u00f3\u017ca\u0144ca i wszystkich cz\u0142onk\u00f3w K\u00f3\u0142 \u017bywego R\u00f3\u017ca\u0144ca w naszej parafii. <strong>W styczniu opr\u00f3cz intencji osobistych modlimy si\u0119 w nast\u0119puj\u0105cej intencji: <em>O wychowanie do braterstwa. M\u00f3dlmy si\u0119 za wszystkie osoby, kt\u00f3re do\u015bwiadczaj\u0105 dyskryminacji i prze\u015bladowa\u0144 religijnych, aby spo\u0142ecze\u0144stwo, w kt\u00f3rym \u017cyj\u0105, uzna\u0142o ich prawa i godno\u015b\u0107 wynikaj\u0105ce z tego, \u017ce jeste\u015bmy bra\u0107mi i siostrami.<\/em> <\/strong><\/li>\n<li>Wszystkim solenizantom i jubilatom tego tygodnia \u017cyczymy obfito\u015bci Bo\u017cych \u0142ask oraz wzrastania w wierze, nadziei i mi\u0142o\u015bci.<\/li>\n<li>Zach\u0119cam do nabycia prasy katolickiej. <strong><em>Go\u015b\u0107 Niedzielny<\/em><\/strong> (koszt jednego egzemplarza &#8211; 8 z\u0142otych), <strong><em>Rycerz Niepokalanej, Ma\u0142y Rycerzyk<\/em><\/strong>, miesi\u0119cznik <strong><em>R\u00f3\u017caniec.<\/em><\/strong><\/li>\n<\/ol>\n<p>&nbsp;<\/p>\n<p>&nbsp;<\/p>\n<p>&nbsp;<\/p>\n<p>&nbsp;<\/p>\n<p>&nbsp;<\/p>\n","protected":false},"excerpt":{"rendered":"<p>OG\u0141OSZENIA DUSZPASTERSKIE Dzi\u015b w liturgii celebrujemy \u015bwi\u0119to Chrztu Pa\u0144skiego. Jezus staje w gronie grzesznik\u00f3w, aby przyj\u0105\u0107 chrzest nawr\u00f3cenia od Jana. Od tej chwili rozpoczyna publiczn\u0105 dzia\u0142alno\u015b\u0107, g\u0142oszenie kr\u00f3lestwa Bo\u017cego i wzywanie do nawr\u00f3cenia. Dzisiejszy dzie\u0144 to okazja, aby wspomnie\u0107 sakrament chrztu \u015bwi\u0119tego. Chrzest Janowy by\u0142 zapowiedzi\u0105 prawdziwego chrztu. Przez ten sakrament zostali\u015bmy z\u0142\u0105czeni z Chrystusem &hellip; <\/p>\n<p><a class=\"more-link btn\" href=\"https:\/\/parafiasmardzewo.pl\/?p=7752\">Kontynuuj czytanie<\/a><\/p>\n","protected":false},"author":2,"featured_media":6302,"comment_status":"open","ping_status":"open","sticky":false,"template":"","format":"standard","meta":[],"categories":[2],"tags":[],"_links":{"self":[{"href":"https:\/\/parafiasmardzewo.pl\/index.php?rest_route=\/wp\/v2\/posts\/7752"}],"collection":[{"href":"https:\/\/parafiasmardzewo.pl\/index.php?rest_route=\/wp\/v2\/posts"}],"about":[{"href":"https:\/\/parafiasmardzewo.pl\/index.php?rest_route=\/wp\/v2\/types\/post"}],"author":[{"embeddable":true,"href":"https:\/\/parafiasmardzewo.pl\/index.php?rest_route=\/wp\/v2\/users\/2"}],"replies":[{"embeddable":true,"href":"https:\/\/parafiasmardzewo.pl\/index.php?rest_route=%2Fwp%2Fv2%2Fcomments&post=7752"}],"version-history":[{"count":2,"href":"https:\/\/parafiasmardzewo.pl\/index.php?rest_route=\/wp\/v2\/posts\/7752\/revisions"}],"predecessor-version":[{"id":7756,"href":"https:\/\/parafiasmardzewo.pl\/index.php?rest_route=\/wp\/v2\/posts\/7752\/revisions\/7756"}],"wp:featuredmedia":[{"embeddable":true,"href":"https:\/\/parafiasmardzewo.pl\/index.php?rest_route=\/wp\/v2\/media\/6302"}],"wp:attachment":[{"href":"https:\/\/parafiasmardzewo.pl\/index.php?rest_route=%2Fwp%2Fv2%2Fmedia&parent=7752"}],"wp:term":[{"taxonomy":"category","embeddable":true,"href":"https:\/\/parafiasmardzewo.pl\/index.php?rest_route=%2Fwp%2Fv2%2Fcategories&post=7752"},{"taxonomy":"post_tag","embeddable":true,"href":"https:\/\/parafiasmardzewo.pl\/index.php?rest_route=%2Fwp%2Fv2%2Ftags&post=7752"}],"curies":[{"name":"wp","href":"https:\/\/api.w.org\/{rel}","templated":true}]}}