{"id":7765,"date":"2022-01-22T18:24:03","date_gmt":"2022-01-22T17:24:03","guid":{"rendered":"http:\/\/parafiasmardzewo.pl\/?p=7765"},"modified":"2022-01-22T18:30:40","modified_gmt":"2022-01-22T17:30:40","slug":"trzecia-niedziela-w-ciagu-roku-23-stycznia-2022","status":"publish","type":"post","link":"https:\/\/parafiasmardzewo.pl\/?p=7765","title":{"rendered":"TRZECIA NIEDZIELA W CI\u0104GU ROKU &#8211; 23 stycznia 2022"},"content":{"rendered":"<p><strong>OG\u0141OSZENIA DUSZPASTERSKIE<\/strong><\/p>\n<ol>\n<li>Dzi\u015b trzecia niedziela zwyk\u0142a w roku ko\u015bcielnym, z inicjatywy papie\u017ca Franciszka od 2019 roku obchodzona jako Niedziela S\u0142owa Bo\u017cego. To szczeg\u00f3lne zaproszenie, aby odkrywa\u0107 tajemnic\u0119 Boga przez lektur\u0119 Pisma \u015awi\u0119tego. Papie\u017c przypomina, \u017ce \u201eJezus Chrystus puka do naszych drzwi przez Pismo \u015awi\u0119te; je\u015bli s\u0142uchamy i otwieramy drzwi umys\u0142u i serca, wchodzi On w nasze \u017cycie i z nami zostaje\u201d (List apostolski Ojca \u015awi\u0119tego Franciszka \u201eAperuit illis\u201d, nr 8). Niech b\u0119dzie to szczeg\u00f3lny czas odkrywania Boga i umacniania wiary przez lektur\u0119 tekst\u00f3w natchnionych.<\/li>\n<li>We wtorek, 25 stycznia, przypada liturgiczne \u015bwi\u0119to Nawr\u00f3cenia \u015awi\u0119tego Paw\u0142a. Ko\u0144czy ono Tydzie\u0144 Powszechnej Modlitwy o Jedno\u015b\u0107 Chrze\u015bcijan.<\/li>\n<li>W \u015brod\u0119, 26 stycznia, w Ko\u015bciele katolickim w Polsce obchodzony jest Dzie\u0144 Islamu. To dzie\u0144 wsp\u00f3lnej modlitwy i szukania tego, co \u0142\u0105czy katolik\u00f3w i wyznawc\u00f3w Allaha.<\/li>\n<li>W czwartek, 27 stycznia, obchodzony jest Mi\u0119dzynarodowy Dzie\u0144 Pami\u0119ci o Ofiarach Holokaustu. Ogarniemy modlitewn\u0105 pami\u0119ci\u0105 wszystkich cz\u0142onk\u00f3w narodu \u017cydowskiego, kt\u00f3rzy zgin\u0119li w wyniku hitlerowskich zbrodni, a tak\u017ce tych, kt\u00f3rzy nios\u0105c im pomoc, zostali zamordowani.<\/li>\n<li>W przysz\u0142\u0105 niedziel\u0119, 30 stycznia, b\u0119dziemy obchodzili \u015awiatowy Dzie\u0144 Tr\u0119dowatych.<\/li>\n<li>22 stycznia 2022 (sobota) min\u0119\u0142a 159.\u00a0 rocznica wybuchu Powstania Styczniowego (1863r.). Naprzeciw Szko\u0142y Podstawowej w Smardzewie znajduje si\u0119 pomnik upami\u0119tniaj\u0105cy powsta\u0144c\u00f3w, kt\u00f3rzy walczyli i pogin\u0119li w obronie Ojczyzny. Pami\u0119tajmy o nich w naszych modlitwach.<\/li>\n<li>Zach\u0119cam do nabycia prasy katolickiej.<\/li>\n<li>Solenizantom i jubilatom tego tygodnia \u017cyczymy otwarto\u015bci na s\u0142owo Boga zapisane na kartach Pisma \u015awi\u0119tego oraz trwania w blisko\u015bci z Chrystusem.<\/li>\n<li><strong>Posumowanie kol\u0119dy w roku 2022. <\/strong><\/li>\n<\/ol>\n<p>Podobnie jak w roku ubieg\u0142ym nasze spotkania kol\u0119dowe mia\u0142y miejsce w ko\u015bciele. Cho\u0107 nale\u017cy doda\u0107, \u017ce w niekt\u00f3rych rodzinach kol\u0119da odby\u0142a si\u0119 w formie tradycyjnej. Bardzo serdecznie dzi\u0119kuj\u0119 za te modlitewne spotkania. Z wi\u0119kszo\u015bci wiosek by\u0142o nawet ponad 90% rodzin danej miejscowo\u015bci. Niekt\u00f3re rodziny reprezentowa\u0142a tylko jedna osoba, ale w wielu przypadkach by\u0142o kilka os\u00f3b z jednej rodziny. Swoj\u0105 obecno\u015bci\u0105 dali\u015bcie pi\u0119kne \u015bwiadectwo wiary i przynale\u017cno\u015bci do Ko\u015bcio\u0142a Chrystusowego. Ci, kt\u00f3rzy nie byli w ko\u015bciele na Mszy \u015awi\u0119tej kol\u0119dowej mieli zapewne jakie\u015b przeszkody: choroba, starszy wiek i inne. Nie mam oczywi\u015bcie pretensji do tych, kt\u00f3rzy nie przybyli do \u015bwi\u0105tyni, cho\u0107 zapewne \u0142\u0105czyli si\u0119 z nami w modlitwie. W spos\u00f3b szczeg\u00f3lny dzi\u0119kuj\u0119 tym rodzinom, kt\u00f3re zaprosi\u0142y ksi\u0119dza z wizyt\u0105 kol\u0119dow\u0105 do domu. Dzi\u0119kuj\u0119 r\u00f3wnie\u017c za ofiary pieni\u0119\u017cne, kt\u00f3re z\u0142o\u017cyli\u015bcie w czasie tych spotka\u0144 kol\u0119dowych.<\/p>\n","protected":false},"excerpt":{"rendered":"<p>OG\u0141OSZENIA DUSZPASTERSKIE Dzi\u015b trzecia niedziela zwyk\u0142a w roku ko\u015bcielnym, z inicjatywy papie\u017ca Franciszka od 2019 roku obchodzona jako Niedziela S\u0142owa Bo\u017cego. To szczeg\u00f3lne zaproszenie, aby odkrywa\u0107 tajemnic\u0119 Boga przez lektur\u0119 Pisma \u015awi\u0119tego. Papie\u017c przypomina, \u017ce \u201eJezus Chrystus puka do naszych drzwi przez Pismo \u015awi\u0119te; je\u015bli s\u0142uchamy i otwieramy drzwi umys\u0142u i serca, wchodzi On w &hellip; <\/p>\n<p><a class=\"more-link btn\" href=\"https:\/\/parafiasmardzewo.pl\/?p=7765\">Kontynuuj czytanie<\/a><\/p>\n","protected":false},"author":2,"featured_media":6302,"comment_status":"open","ping_status":"open","sticky":false,"template":"","format":"standard","meta":[],"categories":[2],"tags":[],"_links":{"self":[{"href":"https:\/\/parafiasmardzewo.pl\/index.php?rest_route=\/wp\/v2\/posts\/7765"}],"collection":[{"href":"https:\/\/parafiasmardzewo.pl\/index.php?rest_route=\/wp\/v2\/posts"}],"about":[{"href":"https:\/\/parafiasmardzewo.pl\/index.php?rest_route=\/wp\/v2\/types\/post"}],"author":[{"embeddable":true,"href":"https:\/\/parafiasmardzewo.pl\/index.php?rest_route=\/wp\/v2\/users\/2"}],"replies":[{"embeddable":true,"href":"https:\/\/parafiasmardzewo.pl\/index.php?rest_route=%2Fwp%2Fv2%2Fcomments&post=7765"}],"version-history":[{"count":4,"href":"https:\/\/parafiasmardzewo.pl\/index.php?rest_route=\/wp\/v2\/posts\/7765\/revisions"}],"predecessor-version":[{"id":7769,"href":"https:\/\/parafiasmardzewo.pl\/index.php?rest_route=\/wp\/v2\/posts\/7765\/revisions\/7769"}],"wp:featuredmedia":[{"embeddable":true,"href":"https:\/\/parafiasmardzewo.pl\/index.php?rest_route=\/wp\/v2\/media\/6302"}],"wp:attachment":[{"href":"https:\/\/parafiasmardzewo.pl\/index.php?rest_route=%2Fwp%2Fv2%2Fmedia&parent=7765"}],"wp:term":[{"taxonomy":"category","embeddable":true,"href":"https:\/\/parafiasmardzewo.pl\/index.php?rest_route=%2Fwp%2Fv2%2Fcategories&post=7765"},{"taxonomy":"post_tag","embeddable":true,"href":"https:\/\/parafiasmardzewo.pl\/index.php?rest_route=%2Fwp%2Fv2%2Ftags&post=7765"}],"curies":[{"name":"wp","href":"https:\/\/api.w.org\/{rel}","templated":true}]}}