{"id":7772,"date":"2022-01-29T20:33:15","date_gmt":"2022-01-29T19:33:15","guid":{"rendered":"http:\/\/parafiasmardzewo.pl\/?p=7772"},"modified":"2022-01-29T20:33:15","modified_gmt":"2022-01-29T19:33:15","slug":"czwarta-niedziela-ciagu-roku-30-stycznia-2022","status":"publish","type":"post","link":"https:\/\/parafiasmardzewo.pl\/?p=7772","title":{"rendered":"CZWARTA NIEDZIELA CI\u0104GU ROKU &#8211; 30 stycznia 2022"},"content":{"rendered":"<p><strong>OG\u0141OSZENIA DUSZPASTERSKIE<\/strong><\/p>\n<ol>\n<li>Dzi\u015b czwarta niedziela zwyk\u0142a w roku liturgicznym. Ostatnia niedziela stycznia tradycyjnie obchodzona jest jako \u015awiatowy Dzie\u0144 Tr\u0119dowatych ustanowiony w 1954 roku. M\u00f3dlmy si\u0119 dzisiaj za wszystkich dotkni\u0119tych t\u0105 chorob\u0105, aby zostali uzdrowieni. Pro\u015bmy tak\u017ce za tych, kt\u00f3rzy lecz\u0105 i opiekuj\u0105 si\u0119 chorymi, aby czynili to zawsze, szanuj\u0105c godno\u015b\u0107 ka\u017cdego cz\u0142owieka.<\/li>\n<li>W \u015brod\u0119, 2 lutego, przypada \u015bwi\u0119to Ofiarowania Pa\u0144skiego, popularnie zwane \u015bwi\u0119tem Matki Bo\u017cej Gromnicznej. B\u0119dziemy wspomina\u0107 dzie\u0144, kiedy Maryja i J\u00f3zef przynie\u015bli ma\u0142ego Jezusa do \u015bwi\u0105tyni, aby ofiarowa\u0107 Go Panu. Starzec Symeon nazwa\u0142 Jezusa \u201e\u015awiat\u0142em na o\u015bwiecenie pogan i ludu Izraela\u201d. Msze \u015awi\u0119te w\u00a0naszej \u015bwi\u0105tyni o godz. 10.00 i 16.00.<\/li>\n<li>Tego dnia obchodzimy tak\u017ce ustanowiony przez \u015awi\u0119tego Jana Paw\u0142a II \u015awiatowy Dzie\u0144 \u017bycia Konsekrowanego. Nasz\u0105 modlitw\u0105 b\u0119dziemy wspiera\u0107 wszystkich, kt\u00f3rzy oddali si\u0119 na s\u0142u\u017cb\u0119 Bogu i ludziom w zgromadzeniach \u017cycia zakonnego i instytutach \u015bwieckich. B\u0119dziemy prosi\u0107 Boga o nowe powo\u0142ania do \u017cycia zakonnego. Ofiary sk\u0142adane na tac\u0119 przeznaczone s\u0105 na wparcie zakon\u00f3w klauzurowych.<\/li>\n<li>W tym tygodniu przypada pierwszy czwartek, pierwszy pi\u0105tek i pierwsza sobota miesi\u0105ca: &#8211; w czwartek modlimy si\u0119 o u\u015bwi\u0119cenie kap\u0142an\u00f3w i nowe powo\u0142ania o godz. 16.00; &#8211; w pi\u0105tek nabo\u017ce\u0144stwo do Naj\u015bwi\u0119tszego Serca Pana Jezusa o godz. 15.30, spowied\u017a od godz. 15.30 (zapraszam szczeg\u00f3lnie kandydat\u00f3w do bierzmowania); &#8211; w sobot\u0119 oddajemy\u00a0 cze\u015b\u0107 Matce Naj\u015bwi\u0119tszej po Mszy \u015awi\u0119tej o godz. 16.00 modlitwa r\u00f3\u017ca\u0144cowa.<\/li>\n<li>Najbli\u017csza niedziela, 6 lutego, b\u0119dzie pierwsz\u0105 niedziel\u0105 miesi\u0105ca. Po sumie (godz. 10.45) wystawienie Naj\u015bwi\u0119tszego Sakramentu i adoracja.<\/li>\n<li>Wszystkim prze\u017cywaj\u0105cym w najbli\u017cszym tygodniu dzie\u0144 imienin, urodzin oraz inne jubileusze \u017cyczymy obfito\u015bci Bo\u017cego b\u0142ogos\u0142awie\u0144stwa i Bo\u017cego \u015bwiat\u0142a na drogach codzienno\u015bci.<\/li>\n<li>Zach\u0119cam do nabycia prasy katolickiej.<\/li>\n<\/ol>\n<p><strong>\u00a0 \u00a0 \u00a0W tym tygodniu patronuj\u0105 nam:\u00a0 \u00a0 \u00a0 \u00a0 \u00a0 \u00a0 \u00a0 \u00a0 \u00a0 \u00a0 \u00a0 \u00a0 \u00a0 \u00a0 \u00a0 \u00a0 \u00a0 \u00a0 \u00a0 \u00a0 \u00a0 \u00a0 \u00a0 \u00a0 \u00a0 \u00a0 \u00a0 \u00a0 \u00a0 \u00a0 \u00a0 \u00a0 \u00a0 \u00a0 \u00a0 \u00a0 \u00a0 \u00a0 \u00a0 \u00a0 \u00a0 \u00a0 \u00a0 \u00a0 \u00a0 \u00a0 \u00a0 \u00a0 \u00a0 \u00a0 \u00a0 \u00a0 \u00a0 \u00a0 \u00a0 \u00a0 \u00a0 \u00a0 \u00a0 \u00a0 \u00a0 \u00a0 \u00a0 \u00a0 \u00a0 \u00a0 \u00a0 \u00a0 \u00a0 \u00a0 \u00a0 \u00a0 \u00a0 \u00a0 \u00a0 \u00a0 \u00a0 \u00a0 \u00a0 \u00a0 \u00a0 \u00a0 <\/strong>\u00a0 &#8211; poniedzia\u0142ek, 31 stycznia \u2013 \u015awi\u0119ty Jan Bosko (1815-1888), w\u0142oski\u00a0 \u00a0 kap\u0142an, za\u0142o\u017cyciel\u00a0 \u00a0wsp\u00f3lnoty\u00a0 \u00a0 \u00a0 \u00a0 \u00a0 \u00a0 \u00a0 \u00a0 \u00a0 \u00a0 \u00a0 \u00a0 \u00a0 salezja\u0144skiej, wybitny wychowawca m\u0142odzie\u017cy;\u00a0 \u00a0 \u00a0 \u00a0 \u00a0 \u00a0 \u00a0 \u00a0 \u00a0 \u00a0 \u00a0 \u00a0 \u00a0 \u00a0 \u00a0 \u00a0 \u00a0 \u00a0 \u00a0 \u00a0 \u00a0 \u00a0 \u00a0 \u00a0 \u00a0 \u00a0 \u00a0 \u00a0 \u00a0 \u00a0 \u00a0 \u00a0 \u00a0 \u00a0 \u00a0 \u00a0 \u00a0 \u00a0 \u00a0 \u00a0 \u00a0 \u00a0 \u00a0 \u00a0 \u00a0 \u00a0 \u00a0 \u00a0 \u00a0 \u00a0 \u00a0 \u00a0 \u00a0 \u00a0 \u00a0 \u00a0 \u00a0 \u00a0 \u00a0 \u00a0 \u00a0 \u00a0 \u00a0 \u00a0 \u00a0\u00a0 \u00a0 \u00a0 \u00a0&#8211;\u00a0 sobota, 5 lutego \u2013 \u015awi\u0119ta Agata (III w.), dziewica i m\u0119czennica, \u00a0szczeg\u00f3lna\u00a0 or\u0119downiczka w po\u017carach.<\/p>\n<p>&nbsp;<\/p>\n<p>&nbsp;<\/p>\n<p><strong>\u00a0<\/strong><\/p>\n<p><strong>\u00a0<\/strong><\/p>\n<p><strong>\u00a0<\/strong><\/p>\n","protected":false},"excerpt":{"rendered":"<p>OG\u0141OSZENIA DUSZPASTERSKIE Dzi\u015b czwarta niedziela zwyk\u0142a w roku liturgicznym. Ostatnia niedziela stycznia tradycyjnie obchodzona jest jako \u015awiatowy Dzie\u0144 Tr\u0119dowatych ustanowiony w 1954 roku. M\u00f3dlmy si\u0119 dzisiaj za wszystkich dotkni\u0119tych t\u0105 chorob\u0105, aby zostali uzdrowieni. Pro\u015bmy tak\u017ce za tych, kt\u00f3rzy lecz\u0105 i opiekuj\u0105 si\u0119 chorymi, aby czynili to zawsze, szanuj\u0105c godno\u015b\u0107 ka\u017cdego cz\u0142owieka. W \u015brod\u0119, 2 &hellip; <\/p>\n<p><a class=\"more-link btn\" href=\"https:\/\/parafiasmardzewo.pl\/?p=7772\">Kontynuuj czytanie<\/a><\/p>\n","protected":false},"author":2,"featured_media":6302,"comment_status":"open","ping_status":"open","sticky":false,"template":"","format":"standard","meta":[],"categories":[2],"tags":[],"_links":{"self":[{"href":"https:\/\/parafiasmardzewo.pl\/index.php?rest_route=\/wp\/v2\/posts\/7772"}],"collection":[{"href":"https:\/\/parafiasmardzewo.pl\/index.php?rest_route=\/wp\/v2\/posts"}],"about":[{"href":"https:\/\/parafiasmardzewo.pl\/index.php?rest_route=\/wp\/v2\/types\/post"}],"author":[{"embeddable":true,"href":"https:\/\/parafiasmardzewo.pl\/index.php?rest_route=\/wp\/v2\/users\/2"}],"replies":[{"embeddable":true,"href":"https:\/\/parafiasmardzewo.pl\/index.php?rest_route=%2Fwp%2Fv2%2Fcomments&post=7772"}],"version-history":[{"count":1,"href":"https:\/\/parafiasmardzewo.pl\/index.php?rest_route=\/wp\/v2\/posts\/7772\/revisions"}],"predecessor-version":[{"id":7773,"href":"https:\/\/parafiasmardzewo.pl\/index.php?rest_route=\/wp\/v2\/posts\/7772\/revisions\/7773"}],"wp:featuredmedia":[{"embeddable":true,"href":"https:\/\/parafiasmardzewo.pl\/index.php?rest_route=\/wp\/v2\/media\/6302"}],"wp:attachment":[{"href":"https:\/\/parafiasmardzewo.pl\/index.php?rest_route=%2Fwp%2Fv2%2Fmedia&parent=7772"}],"wp:term":[{"taxonomy":"category","embeddable":true,"href":"https:\/\/parafiasmardzewo.pl\/index.php?rest_route=%2Fwp%2Fv2%2Fcategories&post=7772"},{"taxonomy":"post_tag","embeddable":true,"href":"https:\/\/parafiasmardzewo.pl\/index.php?rest_route=%2Fwp%2Fv2%2Ftags&post=7772"}],"curies":[{"name":"wp","href":"https:\/\/api.w.org\/{rel}","templated":true}]}}