{"id":7782,"date":"2022-02-05T19:04:35","date_gmt":"2022-02-05T18:04:35","guid":{"rendered":"http:\/\/parafiasmardzewo.pl\/?p=7782"},"modified":"2022-02-05T21:53:38","modified_gmt":"2022-02-05T20:53:38","slug":"piata-niedziela-w-roku-w-ciagu-roku-6-lutego-2022","status":"publish","type":"post","link":"https:\/\/parafiasmardzewo.pl\/?p=7782","title":{"rendered":"PI\u0104TA NIEDZIELA W CI\u0104GU ROKU &#8211; 6 lutego 2022"},"content":{"rendered":"<p><strong>OG\u0141OSZENIA DUSZPASTERSKIE<\/strong><\/p>\n<ol>\n<li>Dzi\u015b pi\u0105ta niedziela w ci\u0105gu w roku ko\u015bcielnego. Dobry B\u00f3g gromadzi nas na \u015awi\u0119tej Wieczerzy, aby karmi\u0107 s\u0142owem i Cia\u0142em Chrystusa. W ten spos\u00f3b umacnia nas na drodze naszych codziennych zmaga\u0144.<\/li>\n<li>Dzi\u015b pierwsza niedziela miesi\u0105ca. Po sumie (godz. 10.45) wystawienie Naj\u015bwi\u0119tszego Sakramentu i adoracja.<\/li>\n<li>W pi\u0105tek, 11 lutego, przypada wspomnienie Naj\u015bwi\u0119tszej Maryi Panny z Lourdes. W 1858 roku Maryja objawi\u0142a si\u0119 Bernadecie Soubirous w Grocie Massabielskiej. Wzywa\u0142a w\u00f3wczas do modlitwy i pokuty. Dzi\u015b Lourdes to jedno z najbardziej znanych sanktuari\u00f3w maryjnych na \u015bwiecie. S\u0142ynie z wielu pielgrzymek oraz licznych uzdrowie\u0144 duszy i cia\u0142a.<\/li>\n<li>Dzie\u0144 wspomnienia Naj\u015bwi\u0119tszej Maryi Panny z Lourdes jest obchodzony tak\u017ce jako \u015awiatowy Dzie\u0144 Chorych. Szczeg\u00f3ln\u0105 modlitw\u0105 b\u0119dziemy otacza\u0107 wszystkich, kt\u00f3rzy zmagaj\u0105 si\u0119 z trudno\u015bciami choroby i cierpienia. <strong>11 lutego (pi\u0105tek) zapraszam na Msz\u0119 \u015awi\u0119t\u0105 (godz.10.00) w intencji chorych i cierpi\u0105cych oraz tych, kt\u00f3rzy opiekuj\u0105 si\u0119 chorymi. <\/strong><\/li>\n<li>Przypominam i informuj\u0119, \u017ce Pierwsza Komunia \u015awi\u0119ta dzieci (kl. III) naszej parafii odb\u0119dzie si\u0119 22 maja (niedziela), odnowienie Przyrzecze\u0144 Chrztu \u015awi\u0119tego (kl. IV) 29 maja (niedziela), odpust na Zes\u0142anie Ducha \u015awi\u0119tego 5 czerwca (niedziela), <strong>sakrament bierzmowania dla m\u0142odzie\u017cy 11 czerwca (sobota)<\/strong>.<\/li>\n<li>Zach\u0119cam do nabycia prasy katolickiej.\u2019<\/li>\n<li>Wszystkim solenizantom i jubilatom tego tygodnia \u017cyczymy odwa\u017cnego odpowiadania na g\u0142os Bo\u017cego wezwania, ufnego kroczenia za Panem i bycia znakiem Bo\u017cej obecno\u015bci dla innych.<\/li>\n<li>W ostatnim czasie odszed\u0142 do Pana + Eugeniusz Jastrz\u0119bski, kt\u00f3ry prze\u017cy\u0142 81 lat. Od uczestnik\u00f3w pogrzebu b\u0119dzie odprawionych 12 Mszy \u015awi\u0119tych. Pro\u015bmy, aby Dobry B\u00f3g uwolni\u0142 zmar\u0142ych od wszelkiego z\u0142a i obdarzy\u0142 wiecznym pokojem: Wieczny odpoczynek racz im da\u0107, Panie, a\u00a0\u015bwiat\u0142o\u015b\u0107 wiekuista niechaj im \u015bwieci. Niech odpoczywaj\u0105 w pokoju wiecznym. Amen.<\/li>\n<\/ol>\n<p>&nbsp;<\/p>\n<p><strong>W tym tygodniu patronuje nam: <\/strong><\/p>\n<p>&#8211; czwartek, 10 lutego \u2013 \u015awi\u0119ta Scholastyka (ok. 480-542), dziewica, siostra bli\u017aniaczka \u015awi\u0119tego Benedykta, patrona Europy.<\/p>\n<p><strong>\u00a0<\/strong><\/p>\n<p><strong>\u00a0<\/strong><\/p>\n<p><strong>\u00a0<\/strong><\/p>\n<p><strong>\u00a0<\/strong><\/p>\n","protected":false},"excerpt":{"rendered":"<p>OG\u0141OSZENIA DUSZPASTERSKIE Dzi\u015b pi\u0105ta niedziela w ci\u0105gu w roku ko\u015bcielnego. Dobry B\u00f3g gromadzi nas na \u015awi\u0119tej Wieczerzy, aby karmi\u0107 s\u0142owem i Cia\u0142em Chrystusa. W ten spos\u00f3b umacnia nas na drodze naszych codziennych zmaga\u0144. Dzi\u015b pierwsza niedziela miesi\u0105ca. Po sumie (godz. 10.45) wystawienie Naj\u015bwi\u0119tszego Sakramentu i adoracja. W pi\u0105tek, 11 lutego, przypada wspomnienie Naj\u015bwi\u0119tszej Maryi Panny &hellip; <\/p>\n<p><a class=\"more-link btn\" href=\"https:\/\/parafiasmardzewo.pl\/?p=7782\">Kontynuuj czytanie<\/a><\/p>\n","protected":false},"author":2,"featured_media":6302,"comment_status":"open","ping_status":"open","sticky":false,"template":"","format":"standard","meta":[],"categories":[2],"tags":[],"_links":{"self":[{"href":"https:\/\/parafiasmardzewo.pl\/index.php?rest_route=\/wp\/v2\/posts\/7782"}],"collection":[{"href":"https:\/\/parafiasmardzewo.pl\/index.php?rest_route=\/wp\/v2\/posts"}],"about":[{"href":"https:\/\/parafiasmardzewo.pl\/index.php?rest_route=\/wp\/v2\/types\/post"}],"author":[{"embeddable":true,"href":"https:\/\/parafiasmardzewo.pl\/index.php?rest_route=\/wp\/v2\/users\/2"}],"replies":[{"embeddable":true,"href":"https:\/\/parafiasmardzewo.pl\/index.php?rest_route=%2Fwp%2Fv2%2Fcomments&post=7782"}],"version-history":[{"count":3,"href":"https:\/\/parafiasmardzewo.pl\/index.php?rest_route=\/wp\/v2\/posts\/7782\/revisions"}],"predecessor-version":[{"id":7785,"href":"https:\/\/parafiasmardzewo.pl\/index.php?rest_route=\/wp\/v2\/posts\/7782\/revisions\/7785"}],"wp:featuredmedia":[{"embeddable":true,"href":"https:\/\/parafiasmardzewo.pl\/index.php?rest_route=\/wp\/v2\/media\/6302"}],"wp:attachment":[{"href":"https:\/\/parafiasmardzewo.pl\/index.php?rest_route=%2Fwp%2Fv2%2Fmedia&parent=7782"}],"wp:term":[{"taxonomy":"category","embeddable":true,"href":"https:\/\/parafiasmardzewo.pl\/index.php?rest_route=%2Fwp%2Fv2%2Fcategories&post=7782"},{"taxonomy":"post_tag","embeddable":true,"href":"https:\/\/parafiasmardzewo.pl\/index.php?rest_route=%2Fwp%2Fv2%2Ftags&post=7782"}],"curies":[{"name":"wp","href":"https:\/\/api.w.org\/{rel}","templated":true}]}}