{"id":7788,"date":"2022-02-12T18:57:39","date_gmt":"2022-02-12T17:57:39","guid":{"rendered":"http:\/\/parafiasmardzewo.pl\/?p=7788"},"modified":"2022-02-12T18:58:07","modified_gmt":"2022-02-12T17:58:07","slug":"szosta-niedziela-w-ciagu-roku-13-lutego-2022","status":"publish","type":"post","link":"https:\/\/parafiasmardzewo.pl\/?p=7788","title":{"rendered":"SZ\u00d3STA NIEDZIELA W CI\u0104GU ROKU &#8211; 13 lutego 2022"},"content":{"rendered":"<p><strong>OG\u0141OSZENIA DUSZPASTERSKIE<\/strong><\/p>\n<ol>\n<li>Dzi\u015b sz\u00f3sta niedziela zwyk\u0142a w ci\u0105gu roku liturgicznego. Ka\u017cda Msza \u015awi\u0119ta jest uwielbieniem Boga i u\u015bwi\u0119ceniem cz\u0142owieka. Niech us\u0142yszane s\u0142owo Bo\u017ce i udzia\u0142 w\u00a0\u015bwi\u0119tych obrz\u0119dach b\u0119d\u0105 dla nas pomoc\u0105 w chrze\u015bcija\u0144skim prze\u017cywaniu naszej codzienno\u015bci.<\/li>\n<li>Jutro, w poniedzia\u0142ek, 14 lutego, przypada liturgiczne \u015bwi\u0119to \u015awi\u0119tych Cyryla i Metodego, patron\u00f3w Europy.<\/li>\n<li>Mieszka\u0144cy Koliszewa P\u00f3\u0142noc z\u0142o\u017cyli ofiary (\u2026) na podgrzewanie ko\u015bcio\u0142a. W ostatnim czasie r\u00f3wnie\u017c kilka rodzin z innych wiosek z\u0142o\u017cy\u0142o ofiar\u0119 na ten cel. Wszystkim darczy\u0144com serdecznie dzi\u0119kuj\u0119.<\/li>\n<li>Zach\u0119cam do nabycia prasy katolickiej.<\/li>\n<li><strong>Informacja dla os\u00f3b pragn\u0105cych zawrze\u0107 sakramentalny zwi\u0105zek ma\u0142\u017ce\u0144ski<\/strong>. Spotkania dla narzeczonych w par. \u015bw. Maksymiliana Kolbego w P\u0142o\u0144sku odbywaj\u0105 si\u0119 w I, II, III i IV niedziel\u0119 w miesi\u0105cach: luty, marzec, maj i czerwiec od godz. 15.30 \u2013 17.30 w auli domu parafialnego. Zg\u0142oszenia telefoniczne nr 23\/662-11-80 w czasie otwarcia kancelarii parafialnej. Koszt udzia\u0142u w konferencjach 130,00 z\u0142 od jednej pary narzeczonych.<\/li>\n<li>Wszystkim solenizantom i jubilatom tego tygodnia sk\u0142adamy najlepsze \u017cyczenia: obfito\u015bci Bo\u017cego b\u0142ogos\u0142awie\u0144stwa i wzrastania w mi\u0142o\u015bci do Boga i ludzi.<\/li>\n<\/ol>\n<p><strong>W tym tygodniu patronuj\u0105 nam:<\/strong><\/p>\n<p>&#8211; poniedzia\u0142ek, 14 lutego \u2013 \u015awi\u0119ty Cyryl (826-869), mnich i \u015awi\u0119ty Metody (815\/820-885) biskup, aposto\u0142owie S\u0142owian, wsp\u00f3\u0142patroni Europy.<\/p>\n<p>&nbsp;<\/p>\n<p>&nbsp;<\/p>\n<p>&nbsp;<\/p>\n","protected":false},"excerpt":{"rendered":"<p>OG\u0141OSZENIA DUSZPASTERSKIE Dzi\u015b sz\u00f3sta niedziela zwyk\u0142a w ci\u0105gu roku liturgicznego. Ka\u017cda Msza \u015awi\u0119ta jest uwielbieniem Boga i u\u015bwi\u0119ceniem cz\u0142owieka. Niech us\u0142yszane s\u0142owo Bo\u017ce i udzia\u0142 w\u00a0\u015bwi\u0119tych obrz\u0119dach b\u0119d\u0105 dla nas pomoc\u0105 w chrze\u015bcija\u0144skim prze\u017cywaniu naszej codzienno\u015bci. Jutro, w poniedzia\u0142ek, 14 lutego, przypada liturgiczne \u015bwi\u0119to \u015awi\u0119tych Cyryla i Metodego, patron\u00f3w Europy. Mieszka\u0144cy Koliszewa P\u00f3\u0142noc z\u0142o\u017cyli ofiary &hellip; <\/p>\n<p><a class=\"more-link btn\" href=\"https:\/\/parafiasmardzewo.pl\/?p=7788\">Kontynuuj czytanie<\/a><\/p>\n","protected":false},"author":2,"featured_media":6302,"comment_status":"open","ping_status":"open","sticky":false,"template":"","format":"standard","meta":[],"categories":[2],"tags":[],"_links":{"self":[{"href":"https:\/\/parafiasmardzewo.pl\/index.php?rest_route=\/wp\/v2\/posts\/7788"}],"collection":[{"href":"https:\/\/parafiasmardzewo.pl\/index.php?rest_route=\/wp\/v2\/posts"}],"about":[{"href":"https:\/\/parafiasmardzewo.pl\/index.php?rest_route=\/wp\/v2\/types\/post"}],"author":[{"embeddable":true,"href":"https:\/\/parafiasmardzewo.pl\/index.php?rest_route=\/wp\/v2\/users\/2"}],"replies":[{"embeddable":true,"href":"https:\/\/parafiasmardzewo.pl\/index.php?rest_route=%2Fwp%2Fv2%2Fcomments&post=7788"}],"version-history":[{"count":2,"href":"https:\/\/parafiasmardzewo.pl\/index.php?rest_route=\/wp\/v2\/posts\/7788\/revisions"}],"predecessor-version":[{"id":7790,"href":"https:\/\/parafiasmardzewo.pl\/index.php?rest_route=\/wp\/v2\/posts\/7788\/revisions\/7790"}],"wp:featuredmedia":[{"embeddable":true,"href":"https:\/\/parafiasmardzewo.pl\/index.php?rest_route=\/wp\/v2\/media\/6302"}],"wp:attachment":[{"href":"https:\/\/parafiasmardzewo.pl\/index.php?rest_route=%2Fwp%2Fv2%2Fmedia&parent=7788"}],"wp:term":[{"taxonomy":"category","embeddable":true,"href":"https:\/\/parafiasmardzewo.pl\/index.php?rest_route=%2Fwp%2Fv2%2Fcategories&post=7788"},{"taxonomy":"post_tag","embeddable":true,"href":"https:\/\/parafiasmardzewo.pl\/index.php?rest_route=%2Fwp%2Fv2%2Ftags&post=7788"}],"curies":[{"name":"wp","href":"https:\/\/api.w.org\/{rel}","templated":true}]}}