{"id":7796,"date":"2022-02-19T18:35:29","date_gmt":"2022-02-19T17:35:29","guid":{"rendered":"http:\/\/parafiasmardzewo.pl\/?p=7796"},"modified":"2022-02-19T18:46:16","modified_gmt":"2022-02-19T17:46:16","slug":"siodma-niedziela-w-ciagu-roku-20-lutego-2022","status":"publish","type":"post","link":"https:\/\/parafiasmardzewo.pl\/?p=7796","title":{"rendered":"SI\u00d3DMA NIEDZIELA W CIAGU ROKU &#8211; 20 lutego 2022"},"content":{"rendered":"<p><strong>OG\u0141OSZENIA DUSZPASTERSKIE<\/strong><\/p>\n<ol>\n<li>Dzi\u015b si\u00f3dma niedziela zwyk\u0142a w roku ko\u015bcielnym. Modlimy si\u0119 wraz z ca\u0142ym Ko\u015bcio\u0142em, aby\u015bmy spe\u0142niali s\u0142owem i czynem to, co podoba si\u0119 Bogu (kolekta mszalna). Niech sprawowanie tajemnicy paschalnej Jezusa Chrystusa b\u0119dzie do\u015bwiadczeniem zbawczej mocy Boga i umocnieniem na trud kolejnego tygodnia.<\/li>\n<li>We wtorek, 22 lutego, obchodzimy \u015bwi\u0119to Katedry \u015awi\u0119tego Piotra Aposto\u0142a. Chrze\u015bcijanie w Rzymie ju\u017c od IV wieku obchodzili pami\u0105tk\u0119 wybrania Wiecznego Miasta na stolic\u0119 Ko\u015bcio\u0142a. To dzie\u0144 naszej \u0142\u0105czno\u015bci z nast\u0119pc\u0105 \u015awi\u0119tego Piotra, papie\u017cem Franciszkiem. Pami\u0119tajmy o nim w naszej modlitwie, wypraszaj\u0105c mu Bo\u017c\u0105 pomoc i opiek\u0119 w trudzie pasterskiej pos\u0142ugi w Ko\u015bciele.<\/li>\n<li>We wtorek, 22 lutego 2022, roku minie 91. rocznica objawienia obrazu Jezusa Mi\u0142osiernego \u015bw. Siostrze Faustynie Kowalskiej. To wydarzenie mia\u0142o miejsce w celi p\u0142ockiego klasztoru Zgromadzenia Si\u00f3str Matki Bo\u017cej Mi\u0142osierdzia przy Starym Rynku w dniu 22 lutego 1931 roku.<\/li>\n<li>W przysz\u0142\u0105 niedziel\u0119, 27 lutego \u2013 w ostatni\u0105 niedziel\u0119 lutego rozpocznie si\u0119 55. Tydzie\u0144 Modlitw o Trze\u017awo\u015b\u0107 Narodu. Modlitewn\u0105 pami\u0119ci\u0105 ogarnijmy wszystkich uzale\u017cnionych od alkoholu i ich najbli\u017cszych, wypraszaj\u0105c im wolno\u015b\u0107 od na\u0142ogu.<\/li>\n<li>Od 6 marca (b\u0119dzie to I-sza niedziela Wielkiego Postu) Msze \u015awi\u0119te w ka\u017cd\u0105 niedziel\u0119 b\u0119d\u0105 odprawiane wed\u0142ug nast\u0119puj\u0105cego porz\u0105dku: godz. 9.00 \u2013 10.45 \u2013 16.00. W najbli\u017csz\u0105 sobot\u0119 (26 lutego) Liturgia Mszy \u015awi\u0119tej o godz. 16.00 b\u0119dzie jeszcze z niedzieli.<\/li>\n<li>Za tydzie\u0144 po Mszy \u015awi\u0119tej o godz. 9.00 b\u0119dzie spotkanie z dzie\u0107mi kl. III i IV, przygotowuj\u0105cymi si\u0119 do Pierwszej i Generalnej Komunii \u015awi\u0119tej. 6 marca (niedziela) po Mszy \u015awi\u0119tej o godz. 16.00 zapraszam na spotkanie m\u0142odzie\u017c, kt\u00f3ra przygotowuje si\u0119 do sakramentu bierzmowania.<\/li>\n<li>Zach\u0119cam do nabycia prasy katolickiej.<\/li>\n<li>Wszystkim solenizantom i jubilatom tego tygodnia \u017cyczymy obfito\u015bci Bo\u017cego b\u0142ogos\u0142awie\u0144stwa i wzrastania w wierze, nadziei i mi\u0142o\u015bci.<\/li>\n<\/ol>\n<p><strong>W tym tygodniu patronuje nam:<\/strong><\/p>\n<p>&#8211; \u015broda, 23 lutego &#8211; \u015awi\u0119ty Polikarp (I\/II w.), ucze\u0144 \u015awi\u0119tego Jana, biskup Smyrny, m\u0119czennik za wiar\u0119.<\/p>\n","protected":false},"excerpt":{"rendered":"<p>OG\u0141OSZENIA DUSZPASTERSKIE Dzi\u015b si\u00f3dma niedziela zwyk\u0142a w roku ko\u015bcielnym. Modlimy si\u0119 wraz z ca\u0142ym Ko\u015bcio\u0142em, aby\u015bmy spe\u0142niali s\u0142owem i czynem to, co podoba si\u0119 Bogu (kolekta mszalna). Niech sprawowanie tajemnicy paschalnej Jezusa Chrystusa b\u0119dzie do\u015bwiadczeniem zbawczej mocy Boga i umocnieniem na trud kolejnego tygodnia. We wtorek, 22 lutego, obchodzimy \u015bwi\u0119to Katedry \u015awi\u0119tego Piotra Aposto\u0142a. Chrze\u015bcijanie &hellip; <\/p>\n<p><a class=\"more-link btn\" href=\"https:\/\/parafiasmardzewo.pl\/?p=7796\">Kontynuuj czytanie<\/a><\/p>\n","protected":false},"author":2,"featured_media":6302,"comment_status":"open","ping_status":"open","sticky":false,"template":"","format":"standard","meta":[],"categories":[2],"tags":[],"_links":{"self":[{"href":"https:\/\/parafiasmardzewo.pl\/index.php?rest_route=\/wp\/v2\/posts\/7796"}],"collection":[{"href":"https:\/\/parafiasmardzewo.pl\/index.php?rest_route=\/wp\/v2\/posts"}],"about":[{"href":"https:\/\/parafiasmardzewo.pl\/index.php?rest_route=\/wp\/v2\/types\/post"}],"author":[{"embeddable":true,"href":"https:\/\/parafiasmardzewo.pl\/index.php?rest_route=\/wp\/v2\/users\/2"}],"replies":[{"embeddable":true,"href":"https:\/\/parafiasmardzewo.pl\/index.php?rest_route=%2Fwp%2Fv2%2Fcomments&post=7796"}],"version-history":[{"count":6,"href":"https:\/\/parafiasmardzewo.pl\/index.php?rest_route=\/wp\/v2\/posts\/7796\/revisions"}],"predecessor-version":[{"id":7802,"href":"https:\/\/parafiasmardzewo.pl\/index.php?rest_route=\/wp\/v2\/posts\/7796\/revisions\/7802"}],"wp:featuredmedia":[{"embeddable":true,"href":"https:\/\/parafiasmardzewo.pl\/index.php?rest_route=\/wp\/v2\/media\/6302"}],"wp:attachment":[{"href":"https:\/\/parafiasmardzewo.pl\/index.php?rest_route=%2Fwp%2Fv2%2Fmedia&parent=7796"}],"wp:term":[{"taxonomy":"category","embeddable":true,"href":"https:\/\/parafiasmardzewo.pl\/index.php?rest_route=%2Fwp%2Fv2%2Fcategories&post=7796"},{"taxonomy":"post_tag","embeddable":true,"href":"https:\/\/parafiasmardzewo.pl\/index.php?rest_route=%2Fwp%2Fv2%2Ftags&post=7796"}],"curies":[{"name":"wp","href":"https:\/\/api.w.org\/{rel}","templated":true}]}}