{"id":7803,"date":"2022-02-25T23:19:47","date_gmt":"2022-02-25T22:19:47","guid":{"rendered":"http:\/\/parafiasmardzewo.pl\/?p=7803"},"modified":"2022-02-25T23:20:27","modified_gmt":"2022-02-25T22:20:27","slug":"apel-przewodniczacego-kep-w-zwiazku-z-inwazja-rosyjska-na-ukraine","status":"publish","type":"post","link":"https:\/\/parafiasmardzewo.pl\/?p=7803","title":{"rendered":"APEL PRZEWODNICZ\u0104CEGO KEP W ZWI\u0104ZKU Z INWAZJ\u0104 ROSYJSK\u0104 NA UKRAIN\u0118"},"content":{"rendered":"<p>W zwi\u0105zku inwazj\u0105 rosyjsk\u0105 na Ukrain\u0119, w imieniu Konferencji Episkopatu Polski, stanowczo pot\u0119piam dzia\u0142ania Rosji i W\u0142adimira Putina, uznaj\u0105c je za niedopuszczalny i haniebny akt barbarzy\u0144stwa, skierowany wobec suwerenno\u015bci i niezale\u017cno\u015bci niepodleg\u0142ego pa\u0144stwa. Jednocze\u015bnie \u2013 wraz z ca\u0142ym Ko\u015bcio\u0142em w Polsce \u2013 wyra\u017cam moj\u0105 solidarno\u015b\u0107 ze wszystkimi Ukrai\u0144cami, zar\u00f3wno w Polsce, jak i na Ukrainie, zapewniaj\u0105c ich o naszej blisko\u015bci, modlitwie oraz gotowo\u015bci do pomocy. W zwi\u0105zku z pro\u015bb\u0105 Ojca \u015awi\u0119tego Franciszka, zwracam si\u0119 do Ksi\u0119\u017cy Biskup\u00f3w oraz wszystkich wiernych, aby \u015aroda Popielcowa by\u0142a obchodzona w Ko\u015bciele w Polsce jako dzie\u0144 postu i modlitwy w intencji pokoju oraz solidarno\u015bci z Ukrain\u0105. Prosz\u0119, aby w ka\u017cdym ko\u015bciele i parafii w Polsce zanosi\u0107 gor\u0105ce b\u0142agania w intencji pokoju, a tak\u017ce w intencji Ukrai\u0144c\u00f3w, by Pan pokrzepi\u0142 ich serca w obecnej dramatycznej sytuacji. Jako Ko\u015bci\u00f3\u0142 w Polsce pragniemy przyj\u015b\u0107 naszym Braciom r\u00f3wnie\u017c z materialn\u0105 pomoc\u0105, dlatego apeluj\u0119, aby zar\u00f3wno w najbli\u017csz\u0105 niedziel\u0119, jak i w \u015arod\u0119 Popielcow\u0105, po ka\u017cdej Mszy \u015awi\u0119tej zorganizowa\u0107 zbi\u00f3rk\u0119 ofiar do puszek, kt\u00f3re \u2013 za po\u015brednictwem Caritas Polska &#8211; zostan\u0105 przeznaczone na pomoc uchod\u017acom wojennym z Ukrainy. Pomoc Ko\u015bcio\u0142a katolickiego w Polsce b\u0119dzie \u015bwiadczona sukcesywnie i systemowo za po\u015brednictwem naszych instytucji charytatywnych \u2013 parafialnych, diecezjalnych i og\u00f3lnopolskich \u2013 w tym, przez Zesp\u00f3\u0142 Pomocy Ko\u015bcio\u0142owi na Wschodzie przy Konferencji Episkopatu Polski. Ponadto, prosz\u0119 wszystkich wierz\u0105cych i ludzi dobrej woli o otwart\u0105 postaw\u0119 wobec potrzebuj\u0105cych schronienia.\u00a0\u00a0\u00a0\u00a0\u00a0\u00a0\u00a0\u00a0\u00a0\u00a0\u00a0 Kr\u00f3lowej Pokoju zawierzam losy Ukrainy i Polski, zapewniaj\u0105c wszystkich o mojej duchowej blisko\u015bci i modlitwie.<\/p>\n<p>Warszawa, dnia 24 lutego 2022 roku<\/p>\n<p>+ Stanis\u0142aw G\u0105decki\u00a0\u00a0 Arcybiskup Metropolita Pozna\u0144ski &#8211; Przewodnicz\u0105cy konferencji Episkopatu Polski<\/p>\n<p><strong>ZARZ\u0104DZENIE:<\/strong>\u00a0Apel Przewodnicz\u0105cego KEP nale\u017cy odczyta\u0107 w najbli\u017csz\u0105 niedziel\u0119 27 lutego 2022 r., w czasie og\u0142osze\u0144 duszpasterskich, podczas wszystkich Mszy \u015bw.<\/p>\n<p>Ponadto zgodnie z pro\u015bb\u0105 Ks. Abp. Stanis\u0142awa G\u0105deckiego Biskup P\u0142ocki zarz\u0105dza w Diecezji P\u0142ockiej zbi\u00f3rk\u0119 ofiar do puszek, kt\u00f3re za po\u015brednictwem Caritas Polska zostan\u0105 przeznaczone na pomoc uchod\u017acom wojennym z Ukrainy. Zbi\u00f3rki te powinny odby\u0107 si\u0119 w najbli\u017csz\u0105 niedziel\u0119 27 lutego br. oraz w \u015arod\u0119 Popielcow\u0105 2 marca br., po ka\u017cdej Mszy \u015bw. Zebrane \u015brodki nale\u017cy wp\u0142aca\u0107 w miar\u0119 pilnie na konto Kurii Diecezjalnej P\u0142ockiej, z dopiskiem\u00a0<em>Pomoc Ukrainie<\/em>.<\/p>\n<p>Dzi\u0119kujemy wszystkim ofiarodawcom za wra\u017cliwo\u015b\u0107 i otwarte serce dla cierpi\u0105cego z powodu wojny narodu ukrai\u0144skiego. Te trudne sprawy polecajmy w naszej modlitwie przez wstawiennictwo Matki Bo\u017cej Kr\u00f3lowej Pokoju.<\/p>\n<p>P\u0142ock, dnia 25 lutego 2022 r.<\/p>\n<p>+ Miros\u0142aw Milewski \u2013 Wikariusz Generalny<\/p>\n<p>&nbsp;<\/p>\n<p>&nbsp;<\/p>\n<p>&nbsp;<\/p>\n","protected":false},"excerpt":{"rendered":"<p>W zwi\u0105zku inwazj\u0105 rosyjsk\u0105 na Ukrain\u0119, w imieniu Konferencji Episkopatu Polski, stanowczo pot\u0119piam dzia\u0142ania Rosji i W\u0142adimira Putina, uznaj\u0105c je za niedopuszczalny i haniebny akt barbarzy\u0144stwa, skierowany wobec suwerenno\u015bci i niezale\u017cno\u015bci niepodleg\u0142ego pa\u0144stwa. Jednocze\u015bnie \u2013 wraz z ca\u0142ym Ko\u015bcio\u0142em w Polsce \u2013 wyra\u017cam moj\u0105 solidarno\u015b\u0107 ze wszystkimi Ukrai\u0144cami, zar\u00f3wno w Polsce, jak i na Ukrainie, &hellip; <\/p>\n<p><a class=\"more-link btn\" href=\"https:\/\/parafiasmardzewo.pl\/?p=7803\">Kontynuuj czytanie<\/a><\/p>\n","protected":false},"author":2,"featured_media":5168,"comment_status":"open","ping_status":"open","sticky":false,"template":"","format":"standard","meta":[],"categories":[1],"tags":[],"_links":{"self":[{"href":"https:\/\/parafiasmardzewo.pl\/index.php?rest_route=\/wp\/v2\/posts\/7803"}],"collection":[{"href":"https:\/\/parafiasmardzewo.pl\/index.php?rest_route=\/wp\/v2\/posts"}],"about":[{"href":"https:\/\/parafiasmardzewo.pl\/index.php?rest_route=\/wp\/v2\/types\/post"}],"author":[{"embeddable":true,"href":"https:\/\/parafiasmardzewo.pl\/index.php?rest_route=\/wp\/v2\/users\/2"}],"replies":[{"embeddable":true,"href":"https:\/\/parafiasmardzewo.pl\/index.php?rest_route=%2Fwp%2Fv2%2Fcomments&post=7803"}],"version-history":[{"count":1,"href":"https:\/\/parafiasmardzewo.pl\/index.php?rest_route=\/wp\/v2\/posts\/7803\/revisions"}],"predecessor-version":[{"id":7804,"href":"https:\/\/parafiasmardzewo.pl\/index.php?rest_route=\/wp\/v2\/posts\/7803\/revisions\/7804"}],"wp:featuredmedia":[{"embeddable":true,"href":"https:\/\/parafiasmardzewo.pl\/index.php?rest_route=\/wp\/v2\/media\/5168"}],"wp:attachment":[{"href":"https:\/\/parafiasmardzewo.pl\/index.php?rest_route=%2Fwp%2Fv2%2Fmedia&parent=7803"}],"wp:term":[{"taxonomy":"category","embeddable":true,"href":"https:\/\/parafiasmardzewo.pl\/index.php?rest_route=%2Fwp%2Fv2%2Fcategories&post=7803"},{"taxonomy":"post_tag","embeddable":true,"href":"https:\/\/parafiasmardzewo.pl\/index.php?rest_route=%2Fwp%2Fv2%2Ftags&post=7803"}],"curies":[{"name":"wp","href":"https:\/\/api.w.org\/{rel}","templated":true}]}}