{"id":7807,"date":"2022-02-26T19:16:14","date_gmt":"2022-02-26T18:16:14","guid":{"rendered":"http:\/\/parafiasmardzewo.pl\/?p=7807"},"modified":"2022-02-26T19:18:38","modified_gmt":"2022-02-26T18:18:38","slug":"osma-niedziela-w-ciagu-roku-27-lutego-2022","status":"publish","type":"post","link":"https:\/\/parafiasmardzewo.pl\/?p=7807","title":{"rendered":"\u00d3SMA NIEDZIELA W CI\u0104GU ROKU &#8211; 27 lutego 2022"},"content":{"rendered":"<p><strong>OG\u0141OSZENIA DUSZPASTERSKIE<\/strong><\/p>\n<ol>\n<li>Dzisiaj, po Mszy \u015awi\u0119tej o godz. 9.00 b\u0119dzie spotkanie z dzie\u0107mi kl. III i IV, przygotowuj\u0105cymi si\u0119 do Pierwszej i Generalnej Komunii \u015awi\u0119tej. 6 marca (niedziela) po Mszy \u015awi\u0119tej o godz. 16.00 zapraszam na spotkanie m\u0142odzie\u017c, kt\u00f3ra przygotowuje si\u0119 do sakramentu bierzmowania.<\/li>\n<li>Dzi\u015b, w ostatni\u0105 niedziel\u0119 lutego, tradycyjnie rozpoczynamy 55. Tydzie\u0144 Modlitw o\u00a0Trze\u017awo\u015b\u0107 Narodu. To zaproszenie do modlitwy indywidualnej i wsp\u00f3lnotowej o trze\u017awo\u015b\u0107 w naszych rodzinach. Z darem modlitwy mo\u017cemy tak\u017ce podj\u0105\u0107 abstynencj\u0119 oraz inne wyrzeczenia w intencji tych, kt\u00f3rzy nadu\u017cywaj\u0105 alkoholu lub cierpi\u0105 z powodu choroby alkoholowej najbli\u017cszych.<\/li>\n<li>We wtorek, 1 marca, przypada Narodowy Dzie\u0144 Pami\u0119ci <strong>\u201e\u017bo\u0142nierzy Wykl\u0119tych\u201d.<\/strong> Od 2011 roku ma on rang\u0119 \u015bwi\u0119ta pa\u0144stwowego. W naszej modlitwie pami\u0119tajmy o wszystkich, kt\u00f3rzy w trudnych czasach komunistycznego re\u017cimu podejmowali walk\u0119 o wolno\u015b\u0107 i suwerenno\u015b\u0107 naszej ojczyzny.<\/li>\n<li>W najbli\u017csz\u0105 \u015brod\u0119, 2 marca, przypada \u015aroda Popielcowa rozpoczynaj\u0105ca w Ko\u015bciele czas Wielkiego Postu. To dzie\u0144, kiedy wchodzimy na drog\u0119 pokuty i nawr\u00f3cenia. Zewn\u0119trznym znakiem takiej postawy jest obrz\u0119d posypania g\u0142\u00f3w popio\u0142em. Kap\u0142an posypuj\u0105c nasze g\u0142owy, wypowie s\u0142owa: <strong>\u201ePami\u0119taj, \u017ce prochem jeste\u015b i w proch si\u0119 obr\u00f3cisz\u201d<\/strong> (por. Rdz 3,19) lub <strong>\u201eNawracajcie si\u0119 i wierzcie Ewangelii\u201d<\/strong> (Mk 1,15). Ten staro\u017cytny gest jest wyrazem pokuty, uni\u017cenia przed Bogiem. Msze \u015awi\u0119te tego dnia o godz.10.00 i 16.00.<\/li>\n<li>W \u015arod\u0119 Popielcow\u0105 obowi\u0105zuje post \u015bcis\u0142y (jeden posi\u0142ek do syta i dwa mniejsze oraz wstrzemi\u0119\u017aliwo\u015b\u0107 od pokarm\u00f3w mi\u0119snych). Do zachowania postu \u015bcis\u0142ego zobowi\u0105zani s\u0105 wierni pomi\u0119dzy 18. a 60. rokiem \u017cycia. Natomiast wszystkich od 14. roku \u017cycia obowi\u0105zuje wstrzemi\u0119\u017aliwo\u015b\u0107 od pokarm\u00f3w mi\u0119snych. W my\u015bl przykaza\u0144 ko\u015bcielnych czas Wielkiego Postu jest tak\u017ce okresem pokuty, dlatego jako wierz\u0105cy nie organizujemy hucznych zabaw i\u00a0nie bierzemy udzia\u0142u w takich spotkaniach.<\/li>\n<li>W \u015arod\u0119 Popielcow\u0105 rozpoczynaj\u0105 si\u0119 tak\u017ce Kwartalne dni modlitw o ducha pokuty, kt\u00f3re potrwaj\u0105 do pierwszej niedzieli Wielkiego Postu.<\/li>\n<li>W sobot\u0119, 4 marca, przypada liturgiczne \u015bwi\u0119to \u015awi\u0119tego Kazimierza, kr\u00f3lewicza. Od 2018 roku sobota przed pierwsz\u0105 niedziel\u0105 Wielkiego Postu z inicjatywy Konferencji Episkopatu Polski jest Dniem postu i modlitwy wynagradzaj\u0105cej za grzech wykorzystywania seksualnego ma\u0142oletnich.<\/li>\n<li>Pomoc\u0105 w prze\u017cywaniu czasu pokuty i nawr\u00f3cenia b\u0119d\u0105 nabo\u017ce\u0144stwa wielkopostne. Zapraszam serdecznie na drog\u0119 krzy\u017cow\u0105 w pi\u0105tki o godz.16.30 oraz na nabo\u017ce\u0144stwo gorzkich \u017cali w ka\u017cd\u0105 niedziel\u0119 po Mszy \u015awi\u0119tej o godz. 10.45.<\/li>\n<li>W tym tygodniu przypada pierwszy czwartek, pierwszy pi\u0105tek i pierwsza sobota miesi\u0105ca: <strong>&#8211; w pi\u0105tek nabo\u017ce\u0144stwo do Naj\u015bwi\u0119tszego Serca Pana Jezusa od godz. 15.30 \u2013 16.00. Mo\u017cliwo\u015b\u0107 korzystania z sakramentu pokuty w czasie adoracji oraz o godz. 17.00, szczeg\u00f3lnie dla m\u0142odzie\u017cy przygotowuj\u0105cej si\u0119 do sakramentu bierzmowania. Ci, kt\u00f3rzy nie mog\u0105 wcze\u015bniej przyby\u0107 do \u015bwi\u0105tyni mog\u0105 skorzysta\u0107 z sakramentu pokuty o godz. 17.00 i nast\u0119pnie uczestniczy\u0107 w nabo\u017ce\u0144stwie do Naj\u015bwi\u0119tszego Serca Pana Jezusa i przyst\u0105pi\u0107 do Komunii \u015awi\u0119tej.<\/strong><\/li>\n<li>Najbli\u017csza niedziela b\u0119dzie pierwsz\u0105 niedziel\u0105 Wielkiego Postu i pierwsz\u0105 niedziel\u0105 miesi\u0105ca. Po summie b\u0119dzie wystawienie Naj\u015bwi\u0119tszego Sakramentu i nabo\u017ce\u0144stwo gorzkich \u017cali.<\/li>\n<li>Od nast\u0119pnej niedzieli, 6 marca, Msze \u015awi\u0119te w ka\u017cd\u0105 niedziel\u0119 b\u0119d\u0105 odprawiane wed\u0142ug nast\u0119puj\u0105cego porz\u0105dku: godz. 9.00 \u2013 10.45 \u2013 16.00.<\/li>\n<li>Zgodnie z pro\u015bb\u0105 Ks. Abp. Stanis\u0142awa G\u0105deckiego Biskup P\u0142ocki zarz\u0105dza w Diecezji P\u0142ockiej zbi\u00f3rk\u0119 ofiar do puszek, kt\u00f3re za po\u015brednictwem Caritas Polska zostan\u0105 przeznaczone na pomoc uchod\u017acom wojennym z Ukrainy. Zbi\u00f3rki te powinny odby\u0107 si\u0119 w niedziel\u0119 27 lutego br. oraz w \u015arod\u0119 Popielcow\u0105 2 marca br., po ka\u017cdej Mszy \u015awi\u0119tej.<\/li>\n<li>Zach\u0119cam do nabycia prasy katolickiej.<\/li>\n<li>Wszystkim jubilatom i solenizantom tego tygodnia \u017cyczymy post\u0119p\u00f3w w rozumieniu tajemnicy Chrystusa oraz do\u015bwiadczenia blisko\u015bci Pana i mocy Jego s\u0142owa w codziennym \u017cyciu.<\/li>\n<\/ol>\n<p><strong>W tym tygodniu patronuje nam:<\/strong><\/p>\n<p>&#8211; sobota, 4 marca \u2013 \u015awi\u0119ty Kazimierz (1458-1483), kr\u00f3lewicz, wielki czciciel Maryi.<\/p>\n<p>&nbsp;<\/p>\n<p>&nbsp;<\/p>\n","protected":false},"excerpt":{"rendered":"<p>OG\u0141OSZENIA DUSZPASTERSKIE Dzisiaj, po Mszy \u015awi\u0119tej o godz. 9.00 b\u0119dzie spotkanie z dzie\u0107mi kl. III i IV, przygotowuj\u0105cymi si\u0119 do Pierwszej i Generalnej Komunii \u015awi\u0119tej. 6 marca (niedziela) po Mszy \u015awi\u0119tej o godz. 16.00 zapraszam na spotkanie m\u0142odzie\u017c, kt\u00f3ra przygotowuje si\u0119 do sakramentu bierzmowania. Dzi\u015b, w ostatni\u0105 niedziel\u0119 lutego, tradycyjnie rozpoczynamy 55. Tydzie\u0144 Modlitw o\u00a0Trze\u017awo\u015b\u0107 &hellip; <\/p>\n<p><a class=\"more-link btn\" href=\"https:\/\/parafiasmardzewo.pl\/?p=7807\">Kontynuuj czytanie<\/a><\/p>\n","protected":false},"author":2,"featured_media":6302,"comment_status":"open","ping_status":"open","sticky":false,"template":"","format":"standard","meta":[],"categories":[2],"tags":[],"_links":{"self":[{"href":"https:\/\/parafiasmardzewo.pl\/index.php?rest_route=\/wp\/v2\/posts\/7807"}],"collection":[{"href":"https:\/\/parafiasmardzewo.pl\/index.php?rest_route=\/wp\/v2\/posts"}],"about":[{"href":"https:\/\/parafiasmardzewo.pl\/index.php?rest_route=\/wp\/v2\/types\/post"}],"author":[{"embeddable":true,"href":"https:\/\/parafiasmardzewo.pl\/index.php?rest_route=\/wp\/v2\/users\/2"}],"replies":[{"embeddable":true,"href":"https:\/\/parafiasmardzewo.pl\/index.php?rest_route=%2Fwp%2Fv2%2Fcomments&post=7807"}],"version-history":[{"count":2,"href":"https:\/\/parafiasmardzewo.pl\/index.php?rest_route=\/wp\/v2\/posts\/7807\/revisions"}],"predecessor-version":[{"id":7809,"href":"https:\/\/parafiasmardzewo.pl\/index.php?rest_route=\/wp\/v2\/posts\/7807\/revisions\/7809"}],"wp:featuredmedia":[{"embeddable":true,"href":"https:\/\/parafiasmardzewo.pl\/index.php?rest_route=\/wp\/v2\/media\/6302"}],"wp:attachment":[{"href":"https:\/\/parafiasmardzewo.pl\/index.php?rest_route=%2Fwp%2Fv2%2Fmedia&parent=7807"}],"wp:term":[{"taxonomy":"category","embeddable":true,"href":"https:\/\/parafiasmardzewo.pl\/index.php?rest_route=%2Fwp%2Fv2%2Fcategories&post=7807"},{"taxonomy":"post_tag","embeddable":true,"href":"https:\/\/parafiasmardzewo.pl\/index.php?rest_route=%2Fwp%2Fv2%2Ftags&post=7807"}],"curies":[{"name":"wp","href":"https:\/\/api.w.org\/{rel}","templated":true}]}}