{"id":7813,"date":"2022-03-05T20:36:51","date_gmt":"2022-03-05T19:36:51","guid":{"rendered":"http:\/\/parafiasmardzewo.pl\/?p=7813"},"modified":"2022-03-05T20:36:51","modified_gmt":"2022-03-05T19:36:51","slug":"pierwsza-niedziela-wielkiego-postu-6-marca-2022-roku","status":"publish","type":"post","link":"https:\/\/parafiasmardzewo.pl\/?p=7813","title":{"rendered":"PIERWSZA NIEDZIELA WIELKIEGO POSTU &#8211; 6 marca 2022 roku"},"content":{"rendered":"<p><strong>OG\u0141OSZENIA DUSZPASTERSKIE<\/strong><\/p>\n<ol>\n<li>Dzi\u015b pierwsza niedziela Wielkiego Postu oraz ostatni dzie\u0144 Kwartalnych dni modlitw o\u00a0ducha pokuty. Niech czas Wielkiego Postu b\u0119dzie dla ka\u017cdego z nas czasem zbli\u017cania si\u0119 do Boga, pracy nad sob\u0105 i wra\u017cliwo\u015bci na potrzeby innych. Ko\u015bci\u00f3\u0142 w spos\u00f3b szczeg\u00f3lny zaprasza nas do praktykowania modlitwy, postu i ja\u0142mu\u017cny.<\/li>\n<li>Po Mszy \u015awi\u0119tej o godz. 9.00 b\u0119dzie spotkanie z dzie\u0107mi kl. III i IV, kt\u00f3rzy przygotowuj\u0105 si\u0119 do Pierwszej i Generalnej Komunii \u015awi\u0119tej. Po Eucharystii o godz. 16.00 zapraszam na spotkanie m\u0142odzie\u017c, kt\u00f3ra przygotowuje si\u0119 do przyj\u0119cia sakramentu bierzmowania.<\/li>\n<li>Dzisiejsza niedziela jest pierwsz\u0105 niedziel\u0105 miesi\u0105ca. Po Mszy \u015awi\u0119tej o godz.10.45. wystawienie Naj\u015bwi\u0119tszego Sakramentu, adoracja i gorzkie \u017cale.<\/li>\n<li>W czasie Wielkiego Postu zapraszam serdecznie na drog\u0119 krzy\u017cow\u0105 w ka\u017cdy pi\u0105tek o\u00a0godz. 16.30. Niech rozwa\u017canie m\u0119ki Chrystusa b\u0119dzie dla nas pomoc\u0105 w prze\u017cywaniu codziennych trudno\u015bci.<\/li>\n<li>We wtorek, 8 marca, przypada Dzie\u0144 Kobiet. Wszystkim paniom \u017cyczymy obfito\u015bci Bo\u017cego b\u0142ogos\u0142awie\u0144stwa, do\u015bwiadczenia mi\u0142o\u015bci i szacunku oraz opieki Matki Naj\u015bwi\u0119tszej.<\/li>\n<li>Najbli\u017csza niedziela, 13 marca, b\u0119dzie Niedziel\u0105 Ad Gentes \u2013 Dniem Modlitwy, Postu i\u00a0Solidarno\u015bci z Misjonarzami. Zapraszam do modlitwy indywidualnej i wsp\u00f3lnotowej w\u00a0intencji wszystkich pracuj\u0105cych na misjach.<\/li>\n<li>Tego dnia przypada tak\u017ce kolejna rocznica wyboru na Stolic\u0119 Piotrow\u0105 papie\u017ca Franciszka. Zapraszam do modlitwy w intencji nast\u0119pcy \u015awi\u0119tego Piotra, aby by\u0142 dla wszystkich czytelnym drogowskazem pod\u0105\u017cania za Chrystusem.<\/li>\n<li>W Wielkim Po\u015bcie Ko\u015bci\u00f3\u0142 zach\u0119ca nas do podejmowania dzie\u0142 mi\u0142osierdzia. W ostatnim czasie to mi\u0142osierdzie okazujemy w szczeg\u00f3lny spos\u00f3b naszym Braciom i Siostrom Ukrai\u0144com. Ofiary, kt\u00f3re zbierali\u015bmy \u00a0w minion\u0105 niedziel\u0119, 27 lutego, i w \u015arod\u0119 Popielcow\u0105, 2 marca, przes\u0142ali\u015bmy do Caritasu na pomoc Ukrai\u0144com. Dzi\u0119kujemy za ka\u017cdy \u2013 nawet najmniejszy gest mi\u0142osierdzia. Pami\u0119tajmy o codziennej modlitwie w intencji pokoju na Ukrainie.<\/li>\n<li>W ramach naszego wielkopostnego przygotowania do \u015bwi\u0105t zmartwychwstania Chrystusa b\u0119dziemy uczestniczy\u0107 w rekolekcjach. W naszej wsp\u00f3lnocie b\u0119d\u0105 mia\u0142y miejsce w dniach 1-2-3 kwietnia (pi\u0105tek, sobota i niedziela) przed pi\u0105t\u0105 niedziel\u0105 Wielkiego Postu. Szczeg\u00f3\u0142owe informacje dotycz\u0105ce rekolekcji podam w p\u00f3\u017aniejszym czasie.<\/li>\n<li>Od dzisiejszej niedzieli Msze \u015awi\u0119te w naszej \u015bwi\u0105tyni s\u0105 sprawowane o godz. 9.00 \u2013 10.45 \u2013 16.00.<\/li>\n<li>Zach\u0119cam do nabycia prasy katolickiej.<\/li>\n<li>Wszystkim, kt\u00f3rzy w tym tygodniu b\u0119d\u0105 \u015bwi\u0119towa\u0107 imieniny, urodziny oraz r\u00f3\u017cne jubileusze, a tak\u017ce wszystkim paniom \u017cyczymy obfito\u015bci Bo\u017cych dar\u00f3w oraz ws\u0142uchiwania si\u0119 w s\u0142owo Boga, kt\u00f3re daje prawdziwe \u017cycie.<\/li>\n<\/ol>\n<p>&nbsp;<\/p>\n<p>&nbsp;<\/p>\n<p>&nbsp;<\/p>\n<p><strong>\u00a0<\/strong><\/p>\n<p><strong>\u00a0<\/strong><\/p>\n<p><strong>\u00a0<\/strong><\/p>\n<p><strong>\u00a0<\/strong><\/p>\n<p><strong>\u00a0<\/strong><\/p>\n","protected":false},"excerpt":{"rendered":"<p>OG\u0141OSZENIA DUSZPASTERSKIE Dzi\u015b pierwsza niedziela Wielkiego Postu oraz ostatni dzie\u0144 Kwartalnych dni modlitw o\u00a0ducha pokuty. Niech czas Wielkiego Postu b\u0119dzie dla ka\u017cdego z nas czasem zbli\u017cania si\u0119 do Boga, pracy nad sob\u0105 i wra\u017cliwo\u015bci na potrzeby innych. Ko\u015bci\u00f3\u0142 w spos\u00f3b szczeg\u00f3lny zaprasza nas do praktykowania modlitwy, postu i ja\u0142mu\u017cny. Po Mszy \u015awi\u0119tej o godz. 9.00 &hellip; <\/p>\n<p><a class=\"more-link btn\" href=\"https:\/\/parafiasmardzewo.pl\/?p=7813\">Kontynuuj czytanie<\/a><\/p>\n","protected":false},"author":2,"featured_media":6302,"comment_status":"open","ping_status":"open","sticky":false,"template":"","format":"standard","meta":[],"categories":[2],"tags":[],"_links":{"self":[{"href":"https:\/\/parafiasmardzewo.pl\/index.php?rest_route=\/wp\/v2\/posts\/7813"}],"collection":[{"href":"https:\/\/parafiasmardzewo.pl\/index.php?rest_route=\/wp\/v2\/posts"}],"about":[{"href":"https:\/\/parafiasmardzewo.pl\/index.php?rest_route=\/wp\/v2\/types\/post"}],"author":[{"embeddable":true,"href":"https:\/\/parafiasmardzewo.pl\/index.php?rest_route=\/wp\/v2\/users\/2"}],"replies":[{"embeddable":true,"href":"https:\/\/parafiasmardzewo.pl\/index.php?rest_route=%2Fwp%2Fv2%2Fcomments&post=7813"}],"version-history":[{"count":1,"href":"https:\/\/parafiasmardzewo.pl\/index.php?rest_route=\/wp\/v2\/posts\/7813\/revisions"}],"predecessor-version":[{"id":7814,"href":"https:\/\/parafiasmardzewo.pl\/index.php?rest_route=\/wp\/v2\/posts\/7813\/revisions\/7814"}],"wp:featuredmedia":[{"embeddable":true,"href":"https:\/\/parafiasmardzewo.pl\/index.php?rest_route=\/wp\/v2\/media\/6302"}],"wp:attachment":[{"href":"https:\/\/parafiasmardzewo.pl\/index.php?rest_route=%2Fwp%2Fv2%2Fmedia&parent=7813"}],"wp:term":[{"taxonomy":"category","embeddable":true,"href":"https:\/\/parafiasmardzewo.pl\/index.php?rest_route=%2Fwp%2Fv2%2Fcategories&post=7813"},{"taxonomy":"post_tag","embeddable":true,"href":"https:\/\/parafiasmardzewo.pl\/index.php?rest_route=%2Fwp%2Fv2%2Ftags&post=7813"}],"curies":[{"name":"wp","href":"https:\/\/api.w.org\/{rel}","templated":true}]}}