{"id":7817,"date":"2022-03-12T20:39:28","date_gmt":"2022-03-12T19:39:28","guid":{"rendered":"http:\/\/parafiasmardzewo.pl\/?p=7817"},"modified":"2022-03-12T20:40:12","modified_gmt":"2022-03-12T19:40:12","slug":"druga-niedziela-wielkiego-postu-13-marca-2022-roku","status":"publish","type":"post","link":"https:\/\/parafiasmardzewo.pl\/?p=7817","title":{"rendered":"DRUGA NIEDZIELA WIELKIEGO POSTU &#8211; 13 marca 2022 roku"},"content":{"rendered":"<p><strong>G\u0141OSZENIA DUSZPASTERSKIE<\/strong><\/p>\n<ol>\n<li>Dzi\u015b druga niedziela Wielkiego Postu, czyli Niedziela Ad Gentes, kt\u00f3ra jest Dniem Modlitwy, Postu i Solidarno\u015bci z Misjonarzami. W wielu miejscach \u015bwiata ofiarn\u0105 prac\u0119 misyjn\u0105 podejmuj\u0105 misjonarze duchowni i \u015bwieccy. Nie tylko nios\u0105 \u015bwiat\u0142o Ewangelii, ale tak\u017ce codzienn\u0105 pomoc. M\u00f3dlmy si\u0119 dzisiaj za wszystkich pracuj\u0105cych na misjach, aby do\u015bwiadczali Bo\u017cej pomocy i wsparcia ze strony wsp\u00f3lnoty wierz\u0105cych.<\/li>\n<li>Dzisiaj, po Mszy \u015awi\u0119tej o godz. 9.00 b\u0119dzie spotkanie z dzie\u0107mi kl. III i IV. Za tydzie\u0144 po Eucharystii o godz. 16.00 zapraszam kandydat\u00f3w do sakramentu bierzmowania na kolejne spotkanie.<\/li>\n<li>Dzi\u015b przypada tak\u017ce 9. rocznica wyboru papie\u017ca Franciszka na Stolic\u0119 Piotrow\u0105. M\u00f3dlmy si\u0119 za nast\u0119pc\u0119 \u015awi\u0119tego Piotra, aby dla wszystkich by\u0142 znakiem mi\u0142o\u015bci Boga i wiernie prowadzi\u0142 Owczarni\u0119 Chrystusa na spotkanie z Najlepszym Pasterzem.<\/li>\n<li>Zapraszam na nabo\u017ce\u0144stwo drogi krzy\u017cowej w pi\u0105tek o godz.16.30. B\u0119dziemy kroczy\u0107 \u015bladami Zbawiciela i wchodzi\u0107 w tajemnice Jego m\u0119ki i \u015bmierci. Nabo\u017ce\u0144stwo gorzkich \u017cali w niedziel\u0119 po Mszy \u015awi\u0119tej o godz. 10.45.<\/li>\n<li>W sobot\u0119, 19 marca, przypada uroczysto\u015b\u0107 \u015awi\u0119tego J\u00f3zefa, Oblubie\u0144ca Naj\u015bwi\u0119tszej Maryi Panny. \u015awi\u0119ty J\u00f3zef jest patronem Ko\u015bcio\u0142a powszechnego oraz rodzin chrze\u015bcija\u0144skich. Jest tak\u017ce or\u0119downikiem dobrej \u015bmierci. Zapraszam na wsp\u00f3ln\u0105 modlitw\u0119 (godz. 16.00), aby przez wstawiennictwo Oblubie\u0144ca Maryi wyprasza\u0107 Bo\u017c\u0105 pomoc dla Ko\u015bcio\u0142a, naszych rodzin oraz prosi\u0107 o \u0142ask\u0119 dobrej \u015bmierci dla wszystkich konaj\u0105cych.<\/li>\n<li>Wychodz\u0105c z ko\u015bcio\u0142a mo\u017cna kupi\u0107 \u201ebaranka\u201d wielkanocnego w cenie 6 z\u0142otych. Ofiary ze sprzeda\u017cy przesy\u0142amy do Caritas Diecezji P\u0142ockiej, na pomoc potrzebuj\u0105cym.<\/li>\n<li>Zach\u0119cam do nabycia prasy katolickiej.<\/li>\n<li>Wszystkim solenizantom i jubilatom tego tygodnia \u017cyczymy otwarto\u015bci na Bo\u017ce natchnienia i wzrastania w mi\u0142o\u015bci do Bogu i ludzi.<\/li>\n<li>Or\u0119downictwo \u015awi\u0119tego J\u00f3zefa niech wspomaga nasz\u0105 modlitw\u0119 za zmar\u0142ych z naszej wsp\u00f3lnoty parafialnej. W ostatnim tygodniu odesz\u0142a \u00a0do Pana + Daniela W\u0142odarska. Od uczestnik\u00f3w pogrzebu b\u0119dzie odprawionych 5 Mszy \u015awi\u0119tych.<\/li>\n<\/ol>\n<p><strong>W tym tygodniu patronuje nam:\u00a0 \u00a0 \u00a0 \u00a0 \u00a0 \u00a0 \u00a0 \u00a0 \u00a0 \u00a0 \u00a0 \u00a0 \u00a0 \u00a0 \u00a0 \u00a0 \u00a0 \u00a0 \u00a0 \u00a0 \u00a0 \u00a0 \u00a0 \u00a0 \u00a0 \u00a0 \u00a0 \u00a0 \u00a0 \u00a0 \u00a0 \u00a0 \u00a0 \u00a0 \u00a0 \u00a0 \u00a0 \u00a0 \u00a0 \u00a0 \u00a0 \u00a0 \u00a0 \u00a0 \u00a0 \u00a0 \u00a0 \u00a0 \u00a0 \u00a0 \u00a0 \u00a0 \u00a0 \u00a0 \u00a0 \u00a0 \u00a0 \u00a0 \u00a0 \u00a0 \u00a0 \u00a0 \u00a0 \u00a0 \u00a0 \u00a0 \u00a0 \u00a0 \u00a0 \u00a0 \u00a0 \u00a0 \u00a0 \u00a0 \u00a0 \u00a0 \u00a0 \u00a0 \u00a0 \u00a0 \u00a0 \u00a0 \u00a0 \u00a0 <\/strong>&#8211; sobota, 19 marca \u2013 \u015awi\u0119ty J\u00f3zef, Oblubieniec Naj\u015bwi\u0119tszej Maryi Panny, Opiekun Pana Jezusa.<\/p>\n<p>&nbsp;<\/p>\n<p>&nbsp;<\/p>\n","protected":false},"excerpt":{"rendered":"<p>G\u0141OSZENIA DUSZPASTERSKIE Dzi\u015b druga niedziela Wielkiego Postu, czyli Niedziela Ad Gentes, kt\u00f3ra jest Dniem Modlitwy, Postu i Solidarno\u015bci z Misjonarzami. W wielu miejscach \u015bwiata ofiarn\u0105 prac\u0119 misyjn\u0105 podejmuj\u0105 misjonarze duchowni i \u015bwieccy. Nie tylko nios\u0105 \u015bwiat\u0142o Ewangelii, ale tak\u017ce codzienn\u0105 pomoc. M\u00f3dlmy si\u0119 dzisiaj za wszystkich pracuj\u0105cych na misjach, aby do\u015bwiadczali Bo\u017cej pomocy i wsparcia &hellip; <\/p>\n<p><a class=\"more-link btn\" href=\"https:\/\/parafiasmardzewo.pl\/?p=7817\">Kontynuuj czytanie<\/a><\/p>\n","protected":false},"author":2,"featured_media":6302,"comment_status":"open","ping_status":"open","sticky":false,"template":"","format":"standard","meta":[],"categories":[2],"tags":[],"_links":{"self":[{"href":"https:\/\/parafiasmardzewo.pl\/index.php?rest_route=\/wp\/v2\/posts\/7817"}],"collection":[{"href":"https:\/\/parafiasmardzewo.pl\/index.php?rest_route=\/wp\/v2\/posts"}],"about":[{"href":"https:\/\/parafiasmardzewo.pl\/index.php?rest_route=\/wp\/v2\/types\/post"}],"author":[{"embeddable":true,"href":"https:\/\/parafiasmardzewo.pl\/index.php?rest_route=\/wp\/v2\/users\/2"}],"replies":[{"embeddable":true,"href":"https:\/\/parafiasmardzewo.pl\/index.php?rest_route=%2Fwp%2Fv2%2Fcomments&post=7817"}],"version-history":[{"count":3,"href":"https:\/\/parafiasmardzewo.pl\/index.php?rest_route=\/wp\/v2\/posts\/7817\/revisions"}],"predecessor-version":[{"id":7820,"href":"https:\/\/parafiasmardzewo.pl\/index.php?rest_route=\/wp\/v2\/posts\/7817\/revisions\/7820"}],"wp:featuredmedia":[{"embeddable":true,"href":"https:\/\/parafiasmardzewo.pl\/index.php?rest_route=\/wp\/v2\/media\/6302"}],"wp:attachment":[{"href":"https:\/\/parafiasmardzewo.pl\/index.php?rest_route=%2Fwp%2Fv2%2Fmedia&parent=7817"}],"wp:term":[{"taxonomy":"category","embeddable":true,"href":"https:\/\/parafiasmardzewo.pl\/index.php?rest_route=%2Fwp%2Fv2%2Fcategories&post=7817"},{"taxonomy":"post_tag","embeddable":true,"href":"https:\/\/parafiasmardzewo.pl\/index.php?rest_route=%2Fwp%2Fv2%2Ftags&post=7817"}],"curies":[{"name":"wp","href":"https:\/\/api.w.org\/{rel}","templated":true}]}}