{"id":7824,"date":"2022-03-19T20:24:46","date_gmt":"2022-03-19T19:24:46","guid":{"rendered":"http:\/\/parafiasmardzewo.pl\/?p=7824"},"modified":"2022-03-19T20:24:55","modified_gmt":"2022-03-19T19:24:55","slug":"trzecia-niedziela-wielkiego-postu-20-marca-2022-roku","status":"publish","type":"post","link":"https:\/\/parafiasmardzewo.pl\/?p=7824","title":{"rendered":"TRZECIA NIEDZIELA WIELKIEGO POSTU &#8211; 20 marca 2022 roku"},"content":{"rendered":"<p><strong>OG\u0141OSZENIA DUSZPASTERSKIE<\/strong><\/p>\n<ol>\n<li>Trwamy w okresie pokuty i nawr\u00f3cenia \u2013 dzi\u015b przypada ju\u017c trzecia niedziela Wielkiego Postu. Po raz kolejny s\u0142yszymy s\u0142owa Zbawiciela: \u201eNawracajcie si\u0119, bliskie jest kr\u00f3lestwo niebieskie\u201d. B\u00f3g daje nam czas na wydawanie owoc\u00f3w nawr\u00f3cenia. Nie marnujmy go.<\/li>\n<li>Po Mszy \u015awi\u0119tej o godz. 9.00 zapraszam dzieci kl. III i IV na spotkanie przygotowuj\u0105ce do Pierwszej i Generalnej Komunii \u015awi\u0119tej. Po Eucharystii o godz. 16.00 b\u0119dzie spotkanie z kandydatami do sakramentu bierzmowania.<\/li>\n<li>Komunikat Biskupa P\u0142ockiego, Piotra Libery w zwi\u0105zku z Aktem Po\u015bwi\u0119cenia Rosji i Ukrainy Niepokalanemu Sercu Maryi 25 marca br.. Aktu po\u015bwi\u0119cenia dokona papie\u017c Franciszek. (Wi\u0119cej informacji czytaj na stronie internetowej parafii \u2013 Komunikat Biskupa P\u0142ockiego (18 marca 2022).<\/li>\n<li>W czwartek, 24 marca, przypada Narodowy Dzie\u0144 Pami\u0119ci Polak\u00f3w ratuj\u0105cych \u017byd\u00f3w. Pami\u0119tajmy w modlitwie o wszystkich, kt\u00f3rzy nara\u017caj\u0105c w\u0142asne \u017cycie, spieszyli z pomoc\u0105 potrzebuj\u0105cym.<\/li>\n<li>W pi\u0105tek, 25 marca, przypada uroczysto\u015b\u0107 Zwiastowania Pa\u0144skiego. Tego dnia obchodzimy Dzie\u0144 \u015awi\u0119to\u015bci \u017bycia. \u017bycie cz\u0142owieka jest najwi\u0119kszym darem Boga. Nikt nie ma prawa tego daru niszczy\u0107. Przykazanie Bo\u017ce stoi na stra\u017cy \u017cycia cz\u0142owieka od pocz\u0119cia do naturalnej \u015bmierci. Dlatego aborcja i eutanazja s\u0105 naruszeniem \u015bwi\u0119to\u015bci \u017cycia ludzkiego. Wzywaj\u0105c or\u0119downictwa Maryi, kt\u00f3ra zgodzi\u0142a si\u0119 by\u0107 Matk\u0105 Syna Bo\u017cego, polecajmy Bogu ka\u017cde pocz\u0119te dziecko, aby by\u0142o z mi\u0142o\u015bci\u0105 przyj\u0119te, oraz osoby starsze i chore, aby by\u0142y otaczane szacunkiem i pomoc\u0105.<\/li>\n<li>Uroczysto\u015b\u0107 Zwiastowania Pa\u0144skiego to tak\u017ce Dzie\u0144 Duchowej Adopcji Dziecka Pocz\u0119tego. Duchowa adopcja jest modlitw\u0105 w\u00a0intencji dziecka zagro\u017conego zabiciem w\u00a0\u0142onie matki. Trwa dziewi\u0119\u0107 miesi\u0119cy i polega na codziennym odmawianiu jednej tajemnicy r\u00f3\u017ca\u0144cowej oraz\u00a0specjalnej modlitwy w\u00a0intencji dziecka i\u00a0jego rodzic\u00f3w. Do\u00a0modlitwy mo\u017cna do\u0142\u0105czy\u0107 dowolnie wybrane dodatkowe postanowienia. Takie zobowi\u0105zanie b\u0119dzie mo\u017cna podj\u0105\u0107 uroczy\u015bcie podczas Mszy \u015awi\u0119tej o godz.16.00.<\/li>\n<li>Nabo\u017ce\u0144stwo drogi krzy\u017cowej w pi\u0105tek o godz. 16.30.<\/li>\n<li>W sobot\u0119, 26 marca, w liturgii przypada wspomnienie Dobrego \u0141otra oraz Dzie\u0144 modlitwy za wi\u0119\u017ani\u00f3w. Dobry \u0141otr to jeden ze z\u0142oczy\u0144c\u00f3w powieszonych na krzy\u017cu obok Jezusa, do kt\u00f3rego Zbawiciel skierowa\u0142 s\u0142owa: \u201eZaprawd\u0119, powiadam ci, dzi\u015b b\u0119dziesz ze Mn\u0105 w raju\u201d. Dzi\u015b czczony jest w Ko\u015bciele jako patron wi\u0119\u017ani\u00f3w oraz pokutuj\u0105cych i nawr\u00f3conych grzesznik\u00f3w. M\u00f3dlmy si\u0119 wi\u0119c za wszystkich, kt\u00f3rzy pogubili si\u0119 na drogach \u017cycia, aby weszli na drog\u0119 nawr\u00f3cenia i pami\u0119tali, \u017ce \u201ePan jest \u0142askawy, pe\u0142en mi\u0142osierdzia\u201d.<\/li>\n<li>Czas Wielkiego Postu to tak\u017ce czas, kiedy liczniej przyst\u0119pujemy do sakramentu pokuty i\u00a0pojednania. W naszej \u015bwi\u0105tyni spowied\u017a jest codziennie przed ka\u017cd\u0105 Msz\u0105 \u015awi\u0119t\u0105. Pami\u0119tajmy o dobrym przygotowaniu do sakramentalnej spowiedzi i wype\u0142nieniu wszystkich warunk\u00f3w sakramentu pokuty.<\/li>\n<li>1-2 &#8211; 3 kwietnia (pi\u0105tek, sobota, niedziela) b\u0119dziemy prze\u017cywa\u0107 rekolekcje wielkopostne. W zakrystii mo\u017cna zabra\u0107 program rekolekcji. Osoby, kt\u00f3re zwykle zabier\u0105 te programy prosz\u0119 o dostarczenie ich do poszczeg\u00f3lnych rodzin. Zach\u0119cam r\u00f3wnie\u017c do w\u0142\u0105czenia si\u0119 do tej wsp\u00f3lnej akcji tych, kt\u00f3rzy do tej pory nie anga\u017cowali si\u0119. Przy rozprowadzaniu program\u00f3w zbieramy dobrowolne ofiary na kwiaty do Grobu Pana Jezusa.<\/li>\n<li>Zach\u0119cam do nabycia prasy katolickiej.<\/li>\n<li>Wszystkim solenizantom i jubilatom tego tygodnia \u017cyczymy trwania przy Chrystusie i\u00a0pomna\u017cania Bo\u017cych dar\u00f3w oraz wydawania b\u0142ogos\u0142awionych owoc\u00f3w nawr\u00f3cenia.<\/li>\n<li>Do Pana odszed\u0142 w ostatnim tygodniu + Janusz \u015awiderski, kt\u00f3ry prze\u017cy\u0142 56 lat. Od uczestnik\u00f3w pogrzebu b\u0119dzie odprawionych 15 Mszy \u015awi\u0119tych, w tym 8 od rodzin, kt\u00f3re przed pogrzebem zam\u00f3wi\u0142y Msz\u0119 \u015awi\u0119t\u0105 Niech B\u00f3g oka\u017ce mu swoje mi\u0142osierdzie i\u00a0wprowadzi do krainy \u017cycia wiecznego. Amen.<\/li>\n<\/ol>\n<p>&nbsp;<\/p>\n","protected":false},"excerpt":{"rendered":"<p>OG\u0141OSZENIA DUSZPASTERSKIE Trwamy w okresie pokuty i nawr\u00f3cenia \u2013 dzi\u015b przypada ju\u017c trzecia niedziela Wielkiego Postu. Po raz kolejny s\u0142yszymy s\u0142owa Zbawiciela: \u201eNawracajcie si\u0119, bliskie jest kr\u00f3lestwo niebieskie\u201d. B\u00f3g daje nam czas na wydawanie owoc\u00f3w nawr\u00f3cenia. Nie marnujmy go. Po Mszy \u015awi\u0119tej o godz. 9.00 zapraszam dzieci kl. III i IV na spotkanie przygotowuj\u0105ce do &hellip; <\/p>\n<p><a class=\"more-link btn\" href=\"https:\/\/parafiasmardzewo.pl\/?p=7824\">Kontynuuj czytanie<\/a><\/p>\n","protected":false},"author":2,"featured_media":6302,"comment_status":"open","ping_status":"open","sticky":false,"template":"","format":"standard","meta":[],"categories":[2],"tags":[],"_links":{"self":[{"href":"https:\/\/parafiasmardzewo.pl\/index.php?rest_route=\/wp\/v2\/posts\/7824"}],"collection":[{"href":"https:\/\/parafiasmardzewo.pl\/index.php?rest_route=\/wp\/v2\/posts"}],"about":[{"href":"https:\/\/parafiasmardzewo.pl\/index.php?rest_route=\/wp\/v2\/types\/post"}],"author":[{"embeddable":true,"href":"https:\/\/parafiasmardzewo.pl\/index.php?rest_route=\/wp\/v2\/users\/2"}],"replies":[{"embeddable":true,"href":"https:\/\/parafiasmardzewo.pl\/index.php?rest_route=%2Fwp%2Fv2%2Fcomments&post=7824"}],"version-history":[{"count":1,"href":"https:\/\/parafiasmardzewo.pl\/index.php?rest_route=\/wp\/v2\/posts\/7824\/revisions"}],"predecessor-version":[{"id":7825,"href":"https:\/\/parafiasmardzewo.pl\/index.php?rest_route=\/wp\/v2\/posts\/7824\/revisions\/7825"}],"wp:featuredmedia":[{"embeddable":true,"href":"https:\/\/parafiasmardzewo.pl\/index.php?rest_route=\/wp\/v2\/media\/6302"}],"wp:attachment":[{"href":"https:\/\/parafiasmardzewo.pl\/index.php?rest_route=%2Fwp%2Fv2%2Fmedia&parent=7824"}],"wp:term":[{"taxonomy":"category","embeddable":true,"href":"https:\/\/parafiasmardzewo.pl\/index.php?rest_route=%2Fwp%2Fv2%2Fcategories&post=7824"},{"taxonomy":"post_tag","embeddable":true,"href":"https:\/\/parafiasmardzewo.pl\/index.php?rest_route=%2Fwp%2Fv2%2Ftags&post=7824"}],"curies":[{"name":"wp","href":"https:\/\/api.w.org\/{rel}","templated":true}]}}