{"id":7826,"date":"2022-03-19T20:35:08","date_gmt":"2022-03-19T19:35:08","guid":{"rendered":"http:\/\/parafiasmardzewo.pl\/?p=7826"},"modified":"2022-03-19T20:35:08","modified_gmt":"2022-03-19T19:35:08","slug":"komunkiat-biskupa-plockiego-18-marca-2022","status":"publish","type":"post","link":"https:\/\/parafiasmardzewo.pl\/?p=7826","title":{"rendered":"KOMUNKIAT BISKUPA P\u0141OCKIEGO (18 marca 2022)"},"content":{"rendered":"<p>W najbli\u017csz\u0105 niedziel\u0119, 20 marca br., podczas og\u0142osze\u0144 duszpasterskich wszystkich Mszy \u015bw. nale\u017cy odczyta\u0107 wiernym przekazany poni\u017cej komunikat. Ponadto we wszystkich ko\u015bcio\u0142ach i kaplicach w Diecezji P\u0142ockiej w pi\u0105tek 25 marca br.\u00a0 w Uroczysto\u015b\u0107 Zwiastowania Pa\u0144skiego, o godz. 17:00, w jedno\u015bci z Ojcem \u015awi\u0119tym Franciszkiem, nale\u017cy podj\u0105\u0107 modlitw\u0119 do Boga, odmawiaj\u0105c Akt Po\u015bwi\u0119cenia Rosji i Ukrainy Niepokalanemu Sercu Maryi. Kap\u0142an\u00f3w Diecezji P\u0142ockiej zobowi\u0105zuj\u0119 r\u00f3wnie\u017c, by tego dnia odprawi\u0107 Eucharysti\u0119 w intencji pokoju w Ukrainie oraz w intencji nawr\u00f3cenia Rosji. Stosowne materia\u0142y duszpasterskie Sekretariat Konferencji Episkopatu Polski przeka\u017ce Czcigodnym Ksi\u0119\u017com na pocz\u0105tku przysz\u0142ego tygodnia. W\u0142\u0105czmy si\u0119 z gorliwo\u015bci\u0105 w t\u0119 wa\u017cn\u0105 modlitw\u0119 ca\u0142ego Ko\u015bcio\u0142a.<\/p>\n<p>P\u0142ock, dnia 18 marca 2022 roku<\/p>\n<p><em>\u00a0+ Piotr Libera\u00a0<\/em><\/p>\n<p><em>\u00a0 \u00a0 \u00a0 \u00a0 \u00a0 \u00a0 \u00a0 \u00a0 \u00a0 \u00a0 \u00a0 \u00a0 \u00a0 \u00a0 \u00a0 \u00a0 \u00a0 \u00a0 \u00a0 \u00a0 \u00a0 \u00a0 \u00a0 \u00a0 \u00a0 \u00a0 \u00a0 \u00a0 \u00a0 \u00a0 \u00a0 \u00a0 \u00a0 \u00a0 \u00a0 \u00a0 \u00a0 \u00a0 \u00a0 \u00a0 \u00a0Biskup P\u0142ocki\u00a0<\/em><\/p>\n<p><strong>Komunikat do og\u0142osze\u0144 duszpasterskich\u00a0<\/strong><\/p>\n<p><em>Biskup P\u0142ocki Piotr Libera, na pro\u015bb\u0119 Przewodnicz\u0105cego Konferencji Episkopatu Polski, ks. abpa Stanis\u0142awa G\u0105deckiego uprzejmie informuje, \u017ce w zwi\u0105zku z trwaj\u0105c\u0105 agresj\u0105 zbrojn\u0105 Rosji w Ukrainie, dnia 25 marca br., w Uroczysto\u015b\u0107 Zwiastowania Pa\u0144skiego, Ojciec \u015awi\u0119ty Franciszek dokona Aktu Po\u015bwi\u0119cenia Rosji i Ukrainy Niepokalanemu Sercu Maryi.\u00a0<\/em><\/p>\n<p><em>Jednocze\u015bnie Papie\u017c prosi, aby pasterze i wierni na ca\u0142ym \u015bwiecie trwali w tym samym czasie zjednoczeni na modlitwie, pod przewodnictwem Biskupa Rzymu. Ko\u015bci\u00f3\u0142 w Polsce pragnie odpowiedzie\u0107 na to papieskie wezwanie, dlatego zgodnie z pro\u015bb\u0105 Przewodnicz\u0105cego KEP i decyzj\u0105 Biskupa P\u0142ockiego Piotra Libery, zwracamy si\u0119 z apelem do wszystkich kap\u0142an\u00f3w, os\u00f3b \u017cycia konsekrowanego i wszystkich wiernych, aby tego dnia we wszystkich ko\u015bcio\u0142ach i kaplicach naszej Diecezji o godz. 17:00, w jedno\u015bci z Nast\u0119pc\u0105 \u015awi\u0119tego Piotra, wznie\u015b\u0107 modlitwy do Boga, odmawiaj\u0105c Akt Po\u015bwiecenia Rosji i Ukrainy Niepokalanemu Sercu Maryi. Biskup P\u0142ocki prosi kap\u0142an\u00f3w naszej Diecezji, by tego dnia odprawili Eucharysti\u0119 w intencji pokoju w Ukrainie oraz w intencji nawr\u00f3cenia Rosji. Powierzaj\u0105c Dobremu Bogu spraw\u0119 pokoju w \u015bwiecie, Ks. Biskup Piotr przekazuje wszystkim kap\u0142anom, osobom konsekrowanym i wiernym \u015bwieckim pasterskie b\u0142ogos\u0142awie\u0144stwo.\u00a0<\/em><\/p>\n<p><em>\u00a0P\u0142ock, dnia 18 marca 2022 r.\u00a0<\/em><\/p>\n<p><em>\u00a0 \u00a0 \u00a0 \u00a0 \u00a0 \u00a0 \u00a0 \u00a0 \u00a0 \u00a0 \u00a0 \u00a0 \u00a0 \u00a0 \u00a0 \u00a0 \u00a0 \u00a0 \u00a0 \u00a0 \u00a0 \u00a0 \u00a0 \u00a0 \u00a0 \u00a0 \u00a0 Ks. Piotr Grzywaczewski\u00a0<\/em><\/p>\n<p><em>\u00a0 \u00a0 \u00a0 \u00a0 \u00a0 \u00a0 \u00a0 \u00a0 \u00a0 \u00a0 \u00a0 \u00a0 \u00a0 \u00a0 \u00a0 \u00a0 \u00a0 \u00a0 \u00a0 \u00a0 \u00a0 \u00a0 \u00a0 \u00a0 \u00a0 \u00a0 \u00a0 \u00a0 Wikariusz Biskupi ds. sakramentalnych\u00a0<\/em><\/p>\n<p>&nbsp;<\/p>\n<p>&nbsp;<\/p>\n","protected":false},"excerpt":{"rendered":"<p>W najbli\u017csz\u0105 niedziel\u0119, 20 marca br., podczas og\u0142osze\u0144 duszpasterskich wszystkich Mszy \u015bw. nale\u017cy odczyta\u0107 wiernym przekazany poni\u017cej komunikat. Ponadto we wszystkich ko\u015bcio\u0142ach i kaplicach w Diecezji P\u0142ockiej w pi\u0105tek 25 marca br.\u00a0 w Uroczysto\u015b\u0107 Zwiastowania Pa\u0144skiego, o godz. 17:00, w jedno\u015bci z Ojcem \u015awi\u0119tym Franciszkiem, nale\u017cy podj\u0105\u0107 modlitw\u0119 do Boga, odmawiaj\u0105c Akt Po\u015bwi\u0119cenia Rosji i &hellip; <\/p>\n<p><a class=\"more-link btn\" href=\"https:\/\/parafiasmardzewo.pl\/?p=7826\">Kontynuuj czytanie<\/a><\/p>\n","protected":false},"author":2,"featured_media":6914,"comment_status":"open","ping_status":"open","sticky":false,"template":"","format":"standard","meta":[],"categories":[1],"tags":[],"_links":{"self":[{"href":"https:\/\/parafiasmardzewo.pl\/index.php?rest_route=\/wp\/v2\/posts\/7826"}],"collection":[{"href":"https:\/\/parafiasmardzewo.pl\/index.php?rest_route=\/wp\/v2\/posts"}],"about":[{"href":"https:\/\/parafiasmardzewo.pl\/index.php?rest_route=\/wp\/v2\/types\/post"}],"author":[{"embeddable":true,"href":"https:\/\/parafiasmardzewo.pl\/index.php?rest_route=\/wp\/v2\/users\/2"}],"replies":[{"embeddable":true,"href":"https:\/\/parafiasmardzewo.pl\/index.php?rest_route=%2Fwp%2Fv2%2Fcomments&post=7826"}],"version-history":[{"count":1,"href":"https:\/\/parafiasmardzewo.pl\/index.php?rest_route=\/wp\/v2\/posts\/7826\/revisions"}],"predecessor-version":[{"id":7827,"href":"https:\/\/parafiasmardzewo.pl\/index.php?rest_route=\/wp\/v2\/posts\/7826\/revisions\/7827"}],"wp:featuredmedia":[{"embeddable":true,"href":"https:\/\/parafiasmardzewo.pl\/index.php?rest_route=\/wp\/v2\/media\/6914"}],"wp:attachment":[{"href":"https:\/\/parafiasmardzewo.pl\/index.php?rest_route=%2Fwp%2Fv2%2Fmedia&parent=7826"}],"wp:term":[{"taxonomy":"category","embeddable":true,"href":"https:\/\/parafiasmardzewo.pl\/index.php?rest_route=%2Fwp%2Fv2%2Fcategories&post=7826"},{"taxonomy":"post_tag","embeddable":true,"href":"https:\/\/parafiasmardzewo.pl\/index.php?rest_route=%2Fwp%2Fv2%2Ftags&post=7826"}],"curies":[{"name":"wp","href":"https:\/\/api.w.org\/{rel}","templated":true}]}}