{"id":7836,"date":"2022-03-26T21:30:08","date_gmt":"2022-03-26T20:30:08","guid":{"rendered":"http:\/\/parafiasmardzewo.pl\/?p=7836"},"modified":"2022-03-26T21:34:24","modified_gmt":"2022-03-26T20:34:24","slug":"czwarta-niedziela-wielkiego-postu-27-marca-2022-roku","status":"publish","type":"post","link":"https:\/\/parafiasmardzewo.pl\/?p=7836","title":{"rendered":"CZWARTA NIEDZIELA WIELKIEGO POSTU &#8211; 27 marca 2022 roku"},"content":{"rendered":"<p><strong>OG\u0141OSZENIA DUSZPASTERSKIE<\/strong><\/p>\n<ol>\n<li>Dzi\u015b czwarta niedziela Wielkiego Postu, nazywana niedziel\u0105 \u201eLaetare\u201d, czyli wielkopostn\u0105 niedziel\u0105 rado\u015bci. Jej nazwa wywodzi si\u0119 od pierwszych s\u0142\u00f3w antyfony na wej\u015bcie w j\u0119zyku \u0142aci\u0144skim: \u201eLaetare, Jerusalem (\u2026)\u201d, czyli: \u201eRaduj si\u0119, Jerozolimo (\u2026)\u201d. Zewn\u0119trznym wyrazem rado\u015bci jest r\u00f3\u017cowy kolor szat liturgicznych. To znak, \u017ce zbli\u017camy si\u0119 w\u00a0wielkopostnym przygotowaniu do \u015bwi\u0119towania misterium paschalnego Jezusa Chrystusa.<\/li>\n<li>Po Eucharystii o godz. 9.00 zapraszam dzieci kl. III i IV na kr\u00f3tkie spotkanie.<\/li>\n<li>Pi\u0105tek, 1 kwietnia, b\u0119dzie pierwszym pi\u0105tkiem miesi\u0105ca, a sobota, 2 kwietnia, pierwsz\u0105 sobot\u0105. W najbli\u017cszy pi\u0105tek, 1 kwietnia,\u00a0 \u00a0rozpoczniemy rekolekcje wielkopostne, kt\u00f3re zako\u0144czymy w niedziel\u0119 3 kwietnia. Program rekolekcji jest umieszczony na stronie internetowej parafii i w kruchcie ko\u015bcio\u0142a.<\/li>\n<li>Nauki rekolekcyjne b\u0119dzie g\u0142osi\u0142 ks. Jacek Wilczy\u0144ski, salezjanin z Czerwi\u0144ska.<\/li>\n<li>W sobot\u0119 przypada tak\u017ce 17. rocznica \u015bmierci \u015awi\u0119tego Jana Paw\u0142a II. Nasz Wielki Rodak nazywany jest S\u0142ug\u0105 Mi\u0142osierdzia. M\u00f3dlmy si\u0119 przez jego wstawiennictwo o mi\u0142osierdzie dla nas i ca\u0142ego \u015bwiata.<\/li>\n<li>Na kwiaty do Grobu Pana Jezusa z\u0142o\u017cono ofiary: Koliszewo P\u00f3\u0142noc \u2013 430,00 z\u0142, Koliszewo Po\u0142udnie \u2013 270,00 z\u0142, Smardzewo Dzia\u0142ki \u2013 430,00 z\u0142. Kilka rodzin z\u0142o\u017cy\u0142o indywidualnie ofiary. Ofiarodawcom serdecznie dzi\u0119kuj\u0119.<\/li>\n<li>Wychodz\u0105c z ko\u015bcio\u0142a mo\u017cna kupi\u0107 \u201ebaranka\u201d wielkanocnego w cenie 6 z\u0142otych.<\/li>\n<li>Zach\u0119cam do nabycia prasy katolickiej.<\/li>\n<\/ol>\n<p>&nbsp;<\/p>\n<p>&nbsp;<\/p>\n<p>&nbsp;<\/p>\n<p>&nbsp;<\/p>\n<p>&nbsp;<\/p>\n<p>&nbsp;<\/p>\n<p>&nbsp;<\/p>\n<p>&nbsp;<\/p>\n<p>&nbsp;<\/p>\n<p>&nbsp;<\/p>\n<p>&nbsp;<\/p>\n","protected":false},"excerpt":{"rendered":"<p>OG\u0141OSZENIA DUSZPASTERSKIE Dzi\u015b czwarta niedziela Wielkiego Postu, nazywana niedziel\u0105 \u201eLaetare\u201d, czyli wielkopostn\u0105 niedziel\u0105 rado\u015bci. Jej nazwa wywodzi si\u0119 od pierwszych s\u0142\u00f3w antyfony na wej\u015bcie w j\u0119zyku \u0142aci\u0144skim: \u201eLaetare, Jerusalem (\u2026)\u201d, czyli: \u201eRaduj si\u0119, Jerozolimo (\u2026)\u201d. Zewn\u0119trznym wyrazem rado\u015bci jest r\u00f3\u017cowy kolor szat liturgicznych. To znak, \u017ce zbli\u017camy si\u0119 w\u00a0wielkopostnym przygotowaniu do \u015bwi\u0119towania misterium paschalnego Jezusa &hellip; <\/p>\n<p><a class=\"more-link btn\" href=\"https:\/\/parafiasmardzewo.pl\/?p=7836\">Kontynuuj czytanie<\/a><\/p>\n","protected":false},"author":2,"featured_media":6302,"comment_status":"open","ping_status":"open","sticky":false,"template":"","format":"standard","meta":[],"categories":[2],"tags":[],"_links":{"self":[{"href":"https:\/\/parafiasmardzewo.pl\/index.php?rest_route=\/wp\/v2\/posts\/7836"}],"collection":[{"href":"https:\/\/parafiasmardzewo.pl\/index.php?rest_route=\/wp\/v2\/posts"}],"about":[{"href":"https:\/\/parafiasmardzewo.pl\/index.php?rest_route=\/wp\/v2\/types\/post"}],"author":[{"embeddable":true,"href":"https:\/\/parafiasmardzewo.pl\/index.php?rest_route=\/wp\/v2\/users\/2"}],"replies":[{"embeddable":true,"href":"https:\/\/parafiasmardzewo.pl\/index.php?rest_route=%2Fwp%2Fv2%2Fcomments&post=7836"}],"version-history":[{"count":5,"href":"https:\/\/parafiasmardzewo.pl\/index.php?rest_route=\/wp\/v2\/posts\/7836\/revisions"}],"predecessor-version":[{"id":7841,"href":"https:\/\/parafiasmardzewo.pl\/index.php?rest_route=\/wp\/v2\/posts\/7836\/revisions\/7841"}],"wp:featuredmedia":[{"embeddable":true,"href":"https:\/\/parafiasmardzewo.pl\/index.php?rest_route=\/wp\/v2\/media\/6302"}],"wp:attachment":[{"href":"https:\/\/parafiasmardzewo.pl\/index.php?rest_route=%2Fwp%2Fv2%2Fmedia&parent=7836"}],"wp:term":[{"taxonomy":"category","embeddable":true,"href":"https:\/\/parafiasmardzewo.pl\/index.php?rest_route=%2Fwp%2Fv2%2Fcategories&post=7836"},{"taxonomy":"post_tag","embeddable":true,"href":"https:\/\/parafiasmardzewo.pl\/index.php?rest_route=%2Fwp%2Fv2%2Ftags&post=7836"}],"curies":[{"name":"wp","href":"https:\/\/api.w.org\/{rel}","templated":true}]}}