{"id":7845,"date":"2022-04-02T21:46:08","date_gmt":"2022-04-02T19:46:08","guid":{"rendered":"http:\/\/parafiasmardzewo.pl\/?p=7845"},"modified":"2022-04-02T21:51:53","modified_gmt":"2022-04-02T19:51:53","slug":"piata-niedziela-wielkiego-postu-3-kwietnia-2022-roku","status":"publish","type":"post","link":"https:\/\/parafiasmardzewo.pl\/?p=7845","title":{"rendered":"PI\u0104TA NIEDZIELA WIELKIEGO POSTU &#8211; 3 kwietnia 2022 roku"},"content":{"rendered":"<p><strong>OG\u0141OSZENIA DUSZPASTERSKIE<\/strong><\/p>\n<ol>\n<li>Dzi\u015b, w pi\u0105t\u0105 niedziel\u0119 Wielkiego Postu rozpoczynamy cz\u0119\u015b\u0107 tego okresu liturgicznego, kt\u00f3ra b\u0119dzie mia\u0142a charakter pasyjny. Modlimy si\u0119, aby\u015bmy gorliwie na\u015bladowali mi\u0142o\u015b\u0107 Chrystusa, kt\u00f3ry odda\u0142 w\u0142asne \u017cycie za zbawienie \u015bwiata (kolekta mszalna). Niech rozwa\u017canie m\u0119ki Zbawiciela pomaga nam podejmowa\u0107 codzienny trud i prze\u017cywa\u0107 go w \u0142\u0105czno\u015bci ze Zbawicielem. Od dzi\u015b zgodnie z tradycj\u0105 w ko\u015bcio\u0142ach zas\u0142aniane s\u0105 krzy\u017ce.<\/li>\n<li>Dzisiejsza niedziela jest pierwsz\u0105 niedziel\u0105 miesi\u0105ca. Ko\u0144czymy dzisiaj rekolekcje wielkopostne. Dzi\u0119kujemy przede wszystkim Panu Bogu i Matce Naj\u015bwi\u0119tszej za ten \u015bwi\u0119ty czas \u0142aski dla ca\u0142ej naszej wsp\u00f3lnoty parafialnej i czcicieli Matki Bo\u017cej Smardzewskiej , kt\u00f3rzy modl\u0105 si\u0119 z nami. Wielu z nas skorzysta\u0142o z Bo\u017cego Mi\u0142osierdzia w sakramencie pokuty. Ci, kt\u00f3rzy jeszcze tego nie uczynili maj\u0105 mo\u017cliwo\u015b\u0107 spowiedzi w kolejnych dniach Wielkiego Postu. Zach\u0119cam! \u00a0Jeste\u015bmy wdzi\u0119czni ludziom, kt\u00f3rzy pomagali nam w spotkaniu z Bogiem w czasie tych \u0107wicze\u0144 rekolekcyjnych. Serdecznie dzi\u0119kuj\u0119 ks. Jackowi Wilczy\u0144skiemu, salezjaninowi z Czerwi\u0144ska za pi\u0119kne nauki rekolekcyjne, za modlitwy kt\u00f3rym przewodniczy\u0142 i za sprawowane Msze \u015awi\u0119te. \u017byczymy ks. Jackowi Bo\u017cego b\u0142ogos\u0142awie\u0144stwa i opieki Matki Bo\u017cej w \u017cyciu osobistym i w pracy duszpasterskiej w znanym Sanktuarium Matki Bo\u017cej Czerwi\u0144skiej, w Czerwi\u0144sku. Dzi\u0119kuj\u0119 s\u0142u\u017cbie liturgicznej, ministrantom, lektorom i lektorkom, kantorce za u\u015bwietnianie liturgii. Dzi\u0119kuj\u0119 pracownikom ko\u015bcielnym, panom: organi\u015bcie i ko\u015bcielnemu. Dzi\u0119kuj\u0119 paniom za pomoc na plebanii.<\/li>\n<li>Dzi\u0119kuj\u0119 Pa\u0144stwu Henrykowi i Bernardzie Gierkowskim za przygotowanie donic kwiatowych i posadzenie kwiat\u00f3w przy ko\u015bciele. Pa\u0144stwu Danucie i Henrykowi Kr\u00f3lom dzi\u0119kuje za wykonanie porz\u0105dk\u00f3w przy pomnikach za ko\u015bcio\u0142em i przy alejce od plebanii do ko\u015bcio\u0142a.<\/li>\n<li>Na kwiaty do Grobu Pana Jezusa z\u0142o\u017cono ofiary z nast\u0119puj\u0105cych wiosek: K\u0119pa \u2013 340,00 z\u0142, Milewo \u2013 440,00 z\u0142, S\u0142oszewo i cz\u0119\u015b\u0107 Milewa \u2013 400,00 z\u0142, S\u0142oszewo Kolonia \u2013 400,00 z\u0142, Wierzb\u00f3wiec \u2013 500,00 z\u0142 oraz kilka rodzin z\u0142o\u017cy\u0142o ofiar\u0119 indywidualnie. Bardzo serdecznie dzi\u0119kuj\u0119 za te ofiary.<\/li>\n<li>W tym tygodniu przypada pierwszy czwartek miesi\u0105ca. Zapraszam na Msz\u0119 \u015awi\u0119t\u0105 o\u00a0godz. 16.00. Po niej modlitwa w intencji nowych powo\u0142a\u0144 do s\u0142u\u017cby w Ko\u015bciele.<\/li>\n<li>W pi\u0105tek serdecznie zapraszam na nabo\u017ce\u0144stwo drogi krzy\u017cowej o godz. 16.30.<\/li>\n<li>Najbli\u017csza niedziela, 10 kwietnia, b\u0119dzie Niedziel\u0105 M\u0119ki Pa\u0144skiej, czyli Niedziel\u0105 Palmow\u0105. B\u0119dziemy wspomina\u0107 uroczysty wjazd Chrystusa Pana do Jerozolimy. B\u0142ogos\u0142awie\u0144stwo palm na ka\u017cdej Mszy \u015awi\u0119tej. Uroczysta procesja z palmami podczas Mszy \u015awi\u0119tej o godz.10.45. W ten spos\u00f3b rozpoczniemy prze\u017cywanie Wielkiego Tygodnia, w\u00a0kt\u00f3rym b\u0119dziemy wspomina\u0107 najwa\u017cniejsze wydarzenia zbawcze: m\u0119k\u0119, \u015bmier\u0107 i\u00a0zmartwychwstanie Chrystusa.<\/li>\n<li>Tego dnia przypada tak\u017ce kolejna rocznica katastrofy smole\u0144skiej. B\u0119dziemy modli\u0107 si\u0119 za wszystkich, kt\u00f3rzy zgin\u0119li pod Smole\u0144skim, aby mi\u0142osierny B\u00f3g obdarzy\u0142 ich udzia\u0142em w\u00a0\u017cyciu wiecznym.<\/li>\n<li>Zach\u0119cam do nabycia prasy katolickiej.<\/li>\n<li>Wszystkim solenizantom i jubilatom tego tygodnia \u017cyczymy do\u015bwiadczenia blisko\u015bci Boga i Jego zbawczej mocy oraz opieki Matki Naj\u015bwi\u0119tszej.<\/li>\n<\/ol>\n<p>&nbsp;<\/p>\n<p>&nbsp;<\/p>\n<p>&nbsp;<\/p>\n<p>&nbsp;<\/p>\n","protected":false},"excerpt":{"rendered":"<p>OG\u0141OSZENIA DUSZPASTERSKIE Dzi\u015b, w pi\u0105t\u0105 niedziel\u0119 Wielkiego Postu rozpoczynamy cz\u0119\u015b\u0107 tego okresu liturgicznego, kt\u00f3ra b\u0119dzie mia\u0142a charakter pasyjny. Modlimy si\u0119, aby\u015bmy gorliwie na\u015bladowali mi\u0142o\u015b\u0107 Chrystusa, kt\u00f3ry odda\u0142 w\u0142asne \u017cycie za zbawienie \u015bwiata (kolekta mszalna). Niech rozwa\u017canie m\u0119ki Zbawiciela pomaga nam podejmowa\u0107 codzienny trud i prze\u017cywa\u0107 go w \u0142\u0105czno\u015bci ze Zbawicielem. Od dzi\u015b zgodnie z tradycj\u0105 &hellip; <\/p>\n<p><a class=\"more-link btn\" href=\"https:\/\/parafiasmardzewo.pl\/?p=7845\">Kontynuuj czytanie<\/a><\/p>\n","protected":false},"author":2,"featured_media":6302,"comment_status":"open","ping_status":"open","sticky":false,"template":"","format":"standard","meta":[],"categories":[2],"tags":[],"_links":{"self":[{"href":"https:\/\/parafiasmardzewo.pl\/index.php?rest_route=\/wp\/v2\/posts\/7845"}],"collection":[{"href":"https:\/\/parafiasmardzewo.pl\/index.php?rest_route=\/wp\/v2\/posts"}],"about":[{"href":"https:\/\/parafiasmardzewo.pl\/index.php?rest_route=\/wp\/v2\/types\/post"}],"author":[{"embeddable":true,"href":"https:\/\/parafiasmardzewo.pl\/index.php?rest_route=\/wp\/v2\/users\/2"}],"replies":[{"embeddable":true,"href":"https:\/\/parafiasmardzewo.pl\/index.php?rest_route=%2Fwp%2Fv2%2Fcomments&post=7845"}],"version-history":[{"count":3,"href":"https:\/\/parafiasmardzewo.pl\/index.php?rest_route=\/wp\/v2\/posts\/7845\/revisions"}],"predecessor-version":[{"id":7848,"href":"https:\/\/parafiasmardzewo.pl\/index.php?rest_route=\/wp\/v2\/posts\/7845\/revisions\/7848"}],"wp:featuredmedia":[{"embeddable":true,"href":"https:\/\/parafiasmardzewo.pl\/index.php?rest_route=\/wp\/v2\/media\/6302"}],"wp:attachment":[{"href":"https:\/\/parafiasmardzewo.pl\/index.php?rest_route=%2Fwp%2Fv2%2Fmedia&parent=7845"}],"wp:term":[{"taxonomy":"category","embeddable":true,"href":"https:\/\/parafiasmardzewo.pl\/index.php?rest_route=%2Fwp%2Fv2%2Fcategories&post=7845"},{"taxonomy":"post_tag","embeddable":true,"href":"https:\/\/parafiasmardzewo.pl\/index.php?rest_route=%2Fwp%2Fv2%2Ftags&post=7845"}],"curies":[{"name":"wp","href":"https:\/\/api.w.org\/{rel}","templated":true}]}}