{"id":7856,"date":"2022-04-09T18:44:44","date_gmt":"2022-04-09T16:44:44","guid":{"rendered":"http:\/\/parafiasmardzewo.pl\/?p=7856"},"modified":"2022-04-09T18:45:44","modified_gmt":"2022-04-09T16:45:44","slug":"niedziela-palmowa-czyli-meki-panskiej-10-kwietnia-2022","status":"publish","type":"post","link":"https:\/\/parafiasmardzewo.pl\/?p=7856","title":{"rendered":"NIEDZIELA PALMOWA, CZYLI M\u0118KI PA\u0143SKIEJ &#8211; 10 kwietnia 2022"},"content":{"rendered":"<p><strong>OG\u0141OSZENIA DUSZPASTERSKIE<\/strong><\/p>\n<ol>\n<li>Dzi\u015b Niedziela Palmowa, czyli M\u0119ki Pa\u0144skiej. Wspominamy uroczysty wjazd Jezusa do Jerozolimy. B\u0142ogos\u0142awie\u0144stwo palm podczas ka\u017cdej Mszy \u015awi\u0119tej. Uroczysta procesja z\u00a0palmami w czasie Mszy \u015awi\u0119tej o godz. 10.45. Dzisiejsz\u0105 niedziel\u0105 rozpoczynamy obch\u00f3d Wielkiego Tygodnia.<\/li>\n<li>Dzi\u015b tak\u017ce przypada 12. rocznica katastrofy pod Smole\u0144skiem. W naszej modlitwie pami\u0119tajmy o tych, kt\u00f3rzy w\u00f3wczas zgin\u0119li.<\/li>\n<li>W Wielkim Tygodniu b\u0119dziemy prze\u017cywali najwi\u0119ksze tajemnice naszego zbawienia: m\u0119k\u0119, \u015bmier\u0107 i zmartwychwstanie Chrystusa. Niech b\u0119dzie to czas naszego zamy\u015blenia nad relacj\u0105 do Boga i aktywnego udzia\u0142u w celebracjach Triduum Paschalnego, kt\u00f3re stanowi centrum roku liturgicznego.<\/li>\n<li>Triduum Paschalne rozpoczniemy w Wielki Czwartek Msz\u0105 Wieczerzy Pa\u0144skiej o godz.17.00. Ta celebracja upami\u0119tnia ustanowienie sakramentu Eucharystii i kap\u0142a\u0144stwa. Po Mszy \u015awi\u0119tej Naj\u015bwi\u0119tszy Sakrament zostanie przeniesiony w procesji do kaplicy adoracji. Za \u015bpiew hymnu \u201eS\u0142aw, j\u0119zyku, Tajemnic\u0119\u201d mo\u017cna uzyska\u0107 odpust zupe\u0142ny pod zwyk\u0142ymi warunkami. Adoracja w naszej \u015bwi\u0105tyni potrwa do godz. 20.00.<\/li>\n<li>W tym roku, 14 kwietnia, w Wielki Czwartek przypada tak\u017ce ustanowione przez Sejm RP \u015bwi\u0119to Chrztu Polski. Dzi\u0119kuj\u0105c Bogu za dar wiary, m\u00f3dlmy si\u0119, aby\u015bmy byli wierni chrze\u015bcija\u0144skiemu powo\u0142aniu.<\/li>\n<li>Wielki Pi\u0105tek jest dniem \u015bmierci Chrystusa. Tego dnia Ko\u015bci\u00f3\u0142 nie sprawuje Eucharystii, ale trwa na modlitwie, rozwa\u017caj\u0105c m\u0119k\u0119 i \u015bmier\u0107 Zbawiciela. O godz. 15.00 zapraszam na koronk\u0119 do mi\u0142osierdzia Bo\u017cego. Liturgia M\u0119ki Pa\u0144skiej z adoracj\u0105 krzy\u017ca rozpocznie si\u0119 o godz. 17.00. Na zako\u0144czenie liturgii Naj\u015bwi\u0119tszy Sakrament zostanie procesyjnie przeniesiony do grobu Pa\u0144skiego. Adoracja Naj\u015bwi\u0119tszego Sakramentu w grobie Pa\u0144skim potrwa do godz. 21.30. Ofiary sk\u0142adane tego dnia na tac\u0119 s\u0105 przeznaczone na utrzymanie miejsc \u015bwi\u0119tych w Ziemi \u015awi\u0119tej.<\/li>\n<li>W Wielki Pi\u0105tek wszystkich mi\u0119dzy 18. a 60. rokiem \u017cycia obowi\u0105zuje post \u015bcis\u0142y, czyli powstrzymanie si\u0119 od pokarm\u00f3w mi\u0119snych i spo\u017cycie trzech posi\u0142k\u00f3w, w tym jednego do syta. Osoby, kt\u00f3re uko\u0144czy\u0142y 14 lat, obowi\u0105zuje wstrzemi\u0119\u017aliwo\u015b\u0107 od pokarm\u00f3w mi\u0119snych.<\/li>\n<li>Wielka Sobota jest dniem ciszy Ko\u015bcio\u0142a po \u015bmierci Zbawiciela. Tego dnia nie sprawuje si\u0119 Eucharystii. Zapraszam serdecznie na adoracj\u0119 Naj\u015bwi\u0119tszego Sakramentu w grobie Pa\u0144skim. Od godz. 9.00 zapraszam mieszka\u0144c\u00f3w poszczeg\u00f3lnych wiosek na adoracj\u0119 wed\u0142ug porz\u0105dku zamieszczonego na stronie internetowej naszej parafii i w kruchcie ko\u015bcio\u0142a. W oczekiwaniu na rado\u015b\u0107 poranka wielkanocnego trwajmy w zadumie nad \u015bmierci\u0105 Zbawiciela. B\u0142ogos\u0142awie\u0144stwo pokarm\u00f3w na st\u00f3\u0142 wielkanocny o godz. 10.00 \u2013 11.00 \u2013 12.00 \u2013 13.00 &#8211; 14.00 i 18.30.<\/li>\n<li>Podobnie jak w latach ubieg\u0142ych zapraszam stra\u017cak\u00f3w z <strong>K\u0119py, S\u0142oszewa Kolonii, Milewa i Smardzewa<\/strong> do adoracji przy grobie Pa\u0144skim od godzin popo\u0142udniowych w Wielk\u0105 Sobot\u0119 do Mszy \u015awi\u0119tej rezurekcyjnej w\u0142\u0105cznie. W Wielk\u0105 Sobot\u0119 od godz. 9.30 zapraszam te\u017c <strong>M\u0142odzie\u017cow\u0105 Dru\u017cyn\u0119 Po\u017carnicz\u0105,<\/strong> z naszej parafii, do adoracji przy grobie Pa\u0144skim.<\/li>\n<li>W sobot\u0119, 15 kwietnia, przypada 95. rocznica urodzin papie\u017ca seniora Benedykta XVI. W\u00a0naszej modlitwie dzi\u0119kujmy za jego pos\u0142ug\u0119 w Ko\u015bciele i wypraszajmy mu obfito\u015b\u0107 Bo\u017cych dar\u00f3w.<\/li>\n<li>W najbli\u017csz\u0105 niedziel\u0119 b\u0119dziemy celebrowa\u0107 uroczysto\u015b\u0107 Zmartwychwstania Pa\u0144skiego. \u015awi\u0119towanie rozpoczniemy ju\u017c w sobot\u0119 Msz\u0105 Wigilii Paschalnej o godz. 17.00. To najbardziej uroczysta Msza \u015awi\u0119ta w roku liturgicznym, nazywana \u201ematk\u0105 wszystkich liturgii\u201d. Serdecznie zapraszam wszystkich do licznego udzia\u0142u w tej celebracji. W niedziel\u0119 o godz. 6.00 Msza \u015awi\u0119ta poprzedzona procesj\u0105 rezurekcyjn\u0105. Pozosta\u0142e Msze \u015awi\u0119te o godz. 10.45 i 16.00.<\/li>\n<li>Spotkanie s\u0142u\u017cby liturgicznej (ministrant\u00f3w, lektor\u00f3w) i wszystkich, kt\u00f3rzy chc\u0105 aktywnie w\u0142\u0105czy\u0107 si\u0119 w przygotowanie celebracji Triduum Paschalnego w \u015brod\u0119 o godz. 16.30.<\/li>\n<li>Rodzinom, kt\u00f3re w ostatnim czasie z\u0142o\u017cy\u0142y ofiary na kwiaty do grobu Pana Jezusa sk\u0142adam serdeczne podzi\u0119kowanie.<\/li>\n<li>Zach\u0119cam do nabycia prasy katolickiej.<\/li>\n<\/ol>\n<p>&nbsp;<\/p>\n<p>&nbsp;<\/p>\n<p>&nbsp;<\/p>\n","protected":false},"excerpt":{"rendered":"<p>OG\u0141OSZENIA DUSZPASTERSKIE Dzi\u015b Niedziela Palmowa, czyli M\u0119ki Pa\u0144skiej. Wspominamy uroczysty wjazd Jezusa do Jerozolimy. B\u0142ogos\u0142awie\u0144stwo palm podczas ka\u017cdej Mszy \u015awi\u0119tej. Uroczysta procesja z\u00a0palmami w czasie Mszy \u015awi\u0119tej o godz. 10.45. Dzisiejsz\u0105 niedziel\u0105 rozpoczynamy obch\u00f3d Wielkiego Tygodnia. Dzi\u015b tak\u017ce przypada 12. rocznica katastrofy pod Smole\u0144skiem. W naszej modlitwie pami\u0119tajmy o tych, kt\u00f3rzy w\u00f3wczas zgin\u0119li. W Wielkim &hellip; <\/p>\n<p><a class=\"more-link btn\" href=\"https:\/\/parafiasmardzewo.pl\/?p=7856\">Kontynuuj czytanie<\/a><\/p>\n","protected":false},"author":2,"featured_media":6302,"comment_status":"open","ping_status":"open","sticky":false,"template":"","format":"standard","meta":[],"categories":[2],"tags":[],"_links":{"self":[{"href":"https:\/\/parafiasmardzewo.pl\/index.php?rest_route=\/wp\/v2\/posts\/7856"}],"collection":[{"href":"https:\/\/parafiasmardzewo.pl\/index.php?rest_route=\/wp\/v2\/posts"}],"about":[{"href":"https:\/\/parafiasmardzewo.pl\/index.php?rest_route=\/wp\/v2\/types\/post"}],"author":[{"embeddable":true,"href":"https:\/\/parafiasmardzewo.pl\/index.php?rest_route=\/wp\/v2\/users\/2"}],"replies":[{"embeddable":true,"href":"https:\/\/parafiasmardzewo.pl\/index.php?rest_route=%2Fwp%2Fv2%2Fcomments&post=7856"}],"version-history":[{"count":2,"href":"https:\/\/parafiasmardzewo.pl\/index.php?rest_route=\/wp\/v2\/posts\/7856\/revisions"}],"predecessor-version":[{"id":7858,"href":"https:\/\/parafiasmardzewo.pl\/index.php?rest_route=\/wp\/v2\/posts\/7856\/revisions\/7858"}],"wp:featuredmedia":[{"embeddable":true,"href":"https:\/\/parafiasmardzewo.pl\/index.php?rest_route=\/wp\/v2\/media\/6302"}],"wp:attachment":[{"href":"https:\/\/parafiasmardzewo.pl\/index.php?rest_route=%2Fwp%2Fv2%2Fmedia&parent=7856"}],"wp:term":[{"taxonomy":"category","embeddable":true,"href":"https:\/\/parafiasmardzewo.pl\/index.php?rest_route=%2Fwp%2Fv2%2Fcategories&post=7856"},{"taxonomy":"post_tag","embeddable":true,"href":"https:\/\/parafiasmardzewo.pl\/index.php?rest_route=%2Fwp%2Fv2%2Ftags&post=7856"}],"curies":[{"name":"wp","href":"https:\/\/api.w.org\/{rel}","templated":true}]}}