{"id":7863,"date":"2022-04-16T20:31:36","date_gmt":"2022-04-16T18:31:36","guid":{"rendered":"http:\/\/parafiasmardzewo.pl\/?p=7863"},"modified":"2022-04-16T20:31:54","modified_gmt":"2022-04-16T18:31:54","slug":"niedziela-wielkanocna-zmartwychwstania-panskiego-17-kwietnia-2022","status":"publish","type":"post","link":"https:\/\/parafiasmardzewo.pl\/?p=7863","title":{"rendered":"NIEDZIELA WIELKANOCNA &#8211; ZMARTWYCHWSTANIA PA\u0143SKIEGO &#8211; 17 KWIETNIA 2022"},"content":{"rendered":"<p><strong>\u00a0 \u00a0<\/strong><strong>OG\u0141OSZENIA DUSZPASTERSKIE<\/strong><\/p>\n<ol>\n<li>Dzi\u015b uroczysto\u015b\u0107 Zmartwychwstania Pa\u0144skiego. B\u00f3g w swojej wielkiej mi\u0142o\u015bci nie zostawi\u0142 nas samych, ale w Jezusie Chrystusie ofiarowa\u0142 nam nowe \u017cycie. Niech wielkanocna rado\u015b\u0107 p\u0142yn\u0105ca ze zmartwychwstania Pana b\u0119dzie udzia\u0142em nas wszystkich. Niech Zwyci\u0119zca \u015bmierci, piek\u0142a i szatana umacnia wiar\u0119, nadziej\u0119 i mi\u0142o\u015b\u0107 w naszych rodzinach i\u00a0spo\u0142eczno\u015bciach, wspomaga na drogach codzienno\u015bci oraz o\u015bwieca blaskiem swojej prawdy.<\/li>\n<li>Uroczysto\u015b\u0107 Zmartwychwstania Pa\u0144skiego w liturgii zosta\u0142a rozszerzona o oktaw\u0119. Jutro poniedzia\u0142ek w oktawie Wielkanocy \u2013 drugi dzie\u0144 naszego \u015bwi\u0119towania. Msze \u015awi\u0119te w\u00a0naszej \u015bwi\u0105tyni b\u0119d\u0105 sprawowane wed\u0142ug porz\u0105dku niedzielnego. Ofiary sk\u0142adane na tac\u0119 b\u0119d\u0105 przeznaczone na katolickie uczelnie. Za wszystkiego ofiary sk\u0142adam serdeczne B\u00f3g zap\u0142a\u0107!<\/li>\n<li>W pi\u0105tek z racji oktawy Wielkanocy nie obowi\u0105zuje wstrzemi\u0119\u017aliwo\u015b\u0107 od pokarm\u00f3w mi\u0119snych.<\/li>\n<li>Najbli\u017csza niedziela b\u0119dzie drug\u0105 niedziel\u0105 wielkanocn\u0105, czyli Niedziel\u0105 Mi\u0142osierdzia Bo\u017cego, kt\u00f3ra rozpocznie Tydzie\u0144 Mi\u0142osierdzia. Ofiary sk\u0142adane na tac\u0119 b\u0119d\u0105 przeznaczone na dzia\u0142alno\u015b\u0107 Caritas naszej diecezji.<\/li>\n<li>Zach\u0119cam do nabycia prasy katolickiej.<\/li>\n<\/ol>\n<p>&nbsp;<\/p>\n<p>&nbsp;<\/p>\n","protected":false},"excerpt":{"rendered":"<p>\u00a0 \u00a0OG\u0141OSZENIA DUSZPASTERSKIE Dzi\u015b uroczysto\u015b\u0107 Zmartwychwstania Pa\u0144skiego. B\u00f3g w swojej wielkiej mi\u0142o\u015bci nie zostawi\u0142 nas samych, ale w Jezusie Chrystusie ofiarowa\u0142 nam nowe \u017cycie. Niech wielkanocna rado\u015b\u0107 p\u0142yn\u0105ca ze zmartwychwstania Pana b\u0119dzie udzia\u0142em nas wszystkich. Niech Zwyci\u0119zca \u015bmierci, piek\u0142a i szatana umacnia wiar\u0119, nadziej\u0119 i mi\u0142o\u015b\u0107 w naszych rodzinach i\u00a0spo\u0142eczno\u015bciach, wspomaga na drogach codzienno\u015bci oraz &hellip; <\/p>\n<p><a class=\"more-link btn\" href=\"https:\/\/parafiasmardzewo.pl\/?p=7863\">Kontynuuj czytanie<\/a><\/p>\n","protected":false},"author":2,"featured_media":6302,"comment_status":"open","ping_status":"open","sticky":false,"template":"","format":"standard","meta":[],"categories":[2],"tags":[],"_links":{"self":[{"href":"https:\/\/parafiasmardzewo.pl\/index.php?rest_route=\/wp\/v2\/posts\/7863"}],"collection":[{"href":"https:\/\/parafiasmardzewo.pl\/index.php?rest_route=\/wp\/v2\/posts"}],"about":[{"href":"https:\/\/parafiasmardzewo.pl\/index.php?rest_route=\/wp\/v2\/types\/post"}],"author":[{"embeddable":true,"href":"https:\/\/parafiasmardzewo.pl\/index.php?rest_route=\/wp\/v2\/users\/2"}],"replies":[{"embeddable":true,"href":"https:\/\/parafiasmardzewo.pl\/index.php?rest_route=%2Fwp%2Fv2%2Fcomments&post=7863"}],"version-history":[{"count":1,"href":"https:\/\/parafiasmardzewo.pl\/index.php?rest_route=\/wp\/v2\/posts\/7863\/revisions"}],"predecessor-version":[{"id":7864,"href":"https:\/\/parafiasmardzewo.pl\/index.php?rest_route=\/wp\/v2\/posts\/7863\/revisions\/7864"}],"wp:featuredmedia":[{"embeddable":true,"href":"https:\/\/parafiasmardzewo.pl\/index.php?rest_route=\/wp\/v2\/media\/6302"}],"wp:attachment":[{"href":"https:\/\/parafiasmardzewo.pl\/index.php?rest_route=%2Fwp%2Fv2%2Fmedia&parent=7863"}],"wp:term":[{"taxonomy":"category","embeddable":true,"href":"https:\/\/parafiasmardzewo.pl\/index.php?rest_route=%2Fwp%2Fv2%2Fcategories&post=7863"},{"taxonomy":"post_tag","embeddable":true,"href":"https:\/\/parafiasmardzewo.pl\/index.php?rest_route=%2Fwp%2Fv2%2Ftags&post=7863"}],"curies":[{"name":"wp","href":"https:\/\/api.w.org\/{rel}","templated":true}]}}