{"id":7865,"date":"2022-04-16T20:44:58","date_gmt":"2022-04-16T18:44:58","guid":{"rendered":"http:\/\/parafiasmardzewo.pl\/?p=7865"},"modified":"2022-04-16T20:44:58","modified_gmt":"2022-04-16T18:44:58","slug":"zyczenia-wielkanocne-2","status":"publish","type":"post","link":"https:\/\/parafiasmardzewo.pl\/?p=7865","title":{"rendered":"\u017bYCZENIA WIELKANOCNE"},"content":{"rendered":"<p><strong>Alleluja, Jezus \u017cyje!<\/strong><\/p>\n<p>Niech prawda o powstaniu z martwych naszego Zbawiciela Jezusa Chrystusa, kt\u00f3ra niesie tak\u017ce nadziej\u0119 naszego zmartwychwstania, przenika ca\u0142e nasze \u017cycie. Niech b\u0119dzie ukojeniem w cierpieniu i smutku, niech stanie si\u0119 \u017ar\u00f3d\u0142em rado\u015bci w naszej codzienno\u015bci. Niech dodaje si\u0142y w zmaganiu si\u0119 ze s\u0142abo\u015bciami i wzrastaniu w cnotach. Niech przenika nasze \u017cycie rodzinne, zawodowe i spo\u0142eczne. Niech pozwoli nam w ca\u0142kowitej szczero\u015bci serca \u015bwi\u0119towa\u0107 dzie\u0144 radosnego zwyci\u0119stwa \u017cycia nad \u015bmierci\u0105. Niech Zmartwychwsta\u0142y Jezus wleje w nasze serca wiar\u0119, nadziej\u0119 i mi\u0142o\u015b\u0107.\u00a0 \u00a0 \u00a0 \u00a0 \u00a0 \u00a0 \u00a0 \u00a0 \u00a0 \u00a0 \u00a0 \u00a0 \u00a0 \u00a0 \u00a0 \u00a0 \u00a0 \u00a0 \u00a0 \u00a0 \u00a0 \u00a0 \u00a0 \u00a0 \u00a0 \u00a0 \u00a0 \u00a0 \u00a0 \u00a0 \u00a0 \u00a0 \u00a0 \u00a0 \u00a0 \u00a0 \u00a0 \u00a0 \u00a0 \u00a0 \u00a0 \u00a0 \u00a0 \u00a0 \u00a0 \u00a0 \u00a0 \u00a0 \u00a0 \u00a0 Parafianom, Go\u015bciom, kt\u00f3rzy prze\u017cywaj\u0105 te \u015bwi\u0119ta w naszej wsp\u00f3lnocie parafialnej oraz wszystkim czcicielom Matki Bo\u017cej Smardzewskiej \u017cycz\u0119 b\u0142ogos\u0142awionych, szcz\u0119\u015bliwych \u015awi\u0105t Wielkanocnych.<\/p>\n<p>Ks. Henryk Dymek<\/p>\n","protected":false},"excerpt":{"rendered":"<p>Alleluja, Jezus \u017cyje! Niech prawda o powstaniu z martwych naszego Zbawiciela Jezusa Chrystusa, kt\u00f3ra niesie tak\u017ce nadziej\u0119 naszego zmartwychwstania, przenika ca\u0142e nasze \u017cycie. Niech b\u0119dzie ukojeniem w cierpieniu i smutku, niech stanie si\u0119 \u017ar\u00f3d\u0142em rado\u015bci w naszej codzienno\u015bci. Niech dodaje si\u0142y w zmaganiu si\u0119 ze s\u0142abo\u015bciami i wzrastaniu w cnotach. Niech przenika nasze \u017cycie rodzinne, &hellip; <\/p>\n<p><a class=\"more-link btn\" href=\"https:\/\/parafiasmardzewo.pl\/?p=7865\">Kontynuuj czytanie<\/a><\/p>\n","protected":false},"author":2,"featured_media":3469,"comment_status":"open","ping_status":"open","sticky":false,"template":"","format":"standard","meta":[],"categories":[1],"tags":[],"_links":{"self":[{"href":"https:\/\/parafiasmardzewo.pl\/index.php?rest_route=\/wp\/v2\/posts\/7865"}],"collection":[{"href":"https:\/\/parafiasmardzewo.pl\/index.php?rest_route=\/wp\/v2\/posts"}],"about":[{"href":"https:\/\/parafiasmardzewo.pl\/index.php?rest_route=\/wp\/v2\/types\/post"}],"author":[{"embeddable":true,"href":"https:\/\/parafiasmardzewo.pl\/index.php?rest_route=\/wp\/v2\/users\/2"}],"replies":[{"embeddable":true,"href":"https:\/\/parafiasmardzewo.pl\/index.php?rest_route=%2Fwp%2Fv2%2Fcomments&post=7865"}],"version-history":[{"count":1,"href":"https:\/\/parafiasmardzewo.pl\/index.php?rest_route=\/wp\/v2\/posts\/7865\/revisions"}],"predecessor-version":[{"id":7866,"href":"https:\/\/parafiasmardzewo.pl\/index.php?rest_route=\/wp\/v2\/posts\/7865\/revisions\/7866"}],"wp:featuredmedia":[{"embeddable":true,"href":"https:\/\/parafiasmardzewo.pl\/index.php?rest_route=\/wp\/v2\/media\/3469"}],"wp:attachment":[{"href":"https:\/\/parafiasmardzewo.pl\/index.php?rest_route=%2Fwp%2Fv2%2Fmedia&parent=7865"}],"wp:term":[{"taxonomy":"category","embeddable":true,"href":"https:\/\/parafiasmardzewo.pl\/index.php?rest_route=%2Fwp%2Fv2%2Fcategories&post=7865"},{"taxonomy":"post_tag","embeddable":true,"href":"https:\/\/parafiasmardzewo.pl\/index.php?rest_route=%2Fwp%2Fv2%2Ftags&post=7865"}],"curies":[{"name":"wp","href":"https:\/\/api.w.org\/{rel}","templated":true}]}}