{"id":7912,"date":"2022-04-23T21:25:29","date_gmt":"2022-04-23T19:25:29","guid":{"rendered":"http:\/\/parafiasmardzewo.pl\/?p=7912"},"modified":"2022-04-23T21:25:29","modified_gmt":"2022-04-23T19:25:29","slug":"druga-niedziela-wielkanocy-czyli-milosierdzia-bozego-24-kwietnia-2022-r","status":"publish","type":"post","link":"https:\/\/parafiasmardzewo.pl\/?p=7912","title":{"rendered":"DRUGA NIEDZIELA WIELKANOCY CZYLI MI\u0141OSIERDZIA BO\u017bEGO &#8211; 24 kwietnia 2022 r."},"content":{"rendered":"<p><strong>OG\u0141OSZENIA DUSZPASTERSKIE<\/strong><\/p>\n<ol>\n<li>Dzi\u015b druga niedziela Wielkanocy, czyli Niedziela Mi\u0142osierdzia Bo\u017cego. Trwamy w rado\u015bci ze zmartwychwstania Chrystusa. To wydarzenie jest szczeg\u00f3lnym znakiem tego, \u017ce B\u00f3g zlitowa\u0142 si\u0119 nad grzesznymi lud\u017ami i ca\u0142emu \u015bwiatu okaza\u0142 swoje mi\u0142osierdzie.<\/li>\n<li>Po Eucharystii o godz. 9.00 zapraszam na spotkanie dzieci kl. III i IV, kt\u00f3rzy przygotowuj\u0105 si\u0119 do Pierwszej i Generalnej Komunii \u015awi\u0119tej. Po Mszy \u015awi\u0119tej o godz. 16.00 b\u0119dzie spotkanie z m\u0142odzie\u017c\u0105 przygotowuj\u0105c\u0105 si\u0119 do sakramentu bierzmowania.<\/li>\n<li>3 maja (wtorek) po Mszy \u015awi\u0119tej o godz. 10.00 b\u0119dzie spotkanie z dzie\u0107mi kl. III, a po Eucharystii o godz. 16.00 spotkanie z dzie\u0107mi kl. IV.<\/li>\n<li>Dzi\u015b przypada tak\u017ce patronalne \u015bwi\u0119to Caritas oraz rozpoczyna si\u0119 w Ko\u015bciele Tydzie\u0144 Mi\u0142osierdzia. To nie tylko dzie\u0144 modlitwy za wszystkich zaanga\u017cowanych w dzie\u0142a charytatywne, ale tak\u017ce okazja do budzenia wra\u017cliwo\u015bci na potrzeby innych i przychodzenia im z pomoc\u0105. Temu s\u0142u\u017c\u0105 parafialne zespo\u0142y charytatywne czy Szkolne Ko\u0142a Caritas. Ofiary sk\u0142adane dzisiaj na tac\u0119 s\u0105 przeznaczone na dzia\u0142alno\u015b\u0107 Caritas naszej diecezji.<\/li>\n<li>Ostatnia niedziela kwietnia z inicjatywy Stowarzyszenia na rzecz misyjnych \u015brodk\u00f3w transportu MIVA Polska oraz Krajowego Duszpasterstwa Kierowc\u00f3w jest Niedziel\u0105 Modlitw za Kierowc\u00f3w. W spos\u00f3b szczeg\u00f3lny modlimy si\u0119 dzisiaj o bezpieczne i odpowiedzialne poruszanie si\u0119 po drogach dla wszystkich kierowc\u00f3w i uczestnik\u00f3w ruchu drogowego.<\/li>\n<li>Jutro, w poniedzia\u0142ek, 25 kwietnia, przypada \u015bwi\u0119to \u015awi\u0119tego Marka Ewangelisty. Jest to tak\u017ce dzie\u0144 modlitwy o urodzaje. Zapraszam na Msz\u0119 \u015awi\u0119t\u0105 na godz. 18.00, w czasie kt\u00f3rej b\u0119dziemy si\u0119 modli\u0107 za wszystkich pracuj\u0105cych na roli, aby ich praca by\u0142a doceniana i szanowana oraz aby nikomu nie brakowa\u0142o codziennego chleba.<\/li>\n<li>We wtorek, 26 kwietnia, b\u0119dziemy celebrowali uroczysto\u015b\u0107 \u015awi\u0119tego Wojciecha, biskupa i\u00a0m\u0119czennika, g\u0142\u00f3wnego patrona Polski. W tym roku 23 kwietnia przypad\u0142 w oktawie Wielkanocy, dlatego uroczysto\u015b\u0107 ku czci \u015awi\u0119tego Wojciecha zosta\u0142a przeniesiona na 26\u00a0kwietnia. Msza \u015awi\u0119ta tego dnia w naszej \u015bwi\u0105tyni o godz. 18.00.<\/li>\n<li>W pi\u0105tek, 29 kwietnia, obchodzimy \u015bwi\u0119to \u015awi\u0119tej Katarzyny Siene\u0144skiej, patronki Europy. To r\u00f3wnie\u017c Dzie\u0144 M\u0119cze\u0144stwa Duchowie\u0144stwa Polskiego, obchodzony w rocznic\u0119 wyzwolenia obozu w Dachau (1945). Nasz\u0105 modlitw\u0105 b\u0119dziemy otacza\u0107 wszystkie ofiary nazistowskiego i stalinowskiego totalitaryzmu, szczeg\u00f3lnie kap\u0142an\u00f3w oraz osoby \u017cycia konsekrowanego.<\/li>\n<li>Za tydzie\u0144 przypada pierwsza niedziela miesi\u0105ca. Po sumie b\u0119dzie wystawienie Naj\u015bwi\u0119tszego Sakramentu i adoracja oraz procesja wok\u00f3\u0142 ko\u015bcio\u0142a. Zapraszam asyst\u0119 procesyjn\u0105. B\u0119dzie to tak\u017ce kolejna Niedziela Biblijna, rozpoczynaj\u0105ca Tydzie\u0144 Biblijny. To szczeg\u00f3lne zaproszenie do poznawania i rozwa\u017cania s\u0142owa Bo\u017cego zapisanego na kartach Pisma \u015awi\u0119tego.<\/li>\n<li>Bardzo serdecznie dzi\u0119kuj\u0119 P. Grzegorzowi Grabowskiemu za przygotowanie, po raz kolejny, Grobu Pa\u0144skiego, dzi\u0119kuj\u0119 r\u00f3wnie\u017c osobom, kt\u00f3re pomaga\u0142y przy poszczeg\u00f3lnych pracach w przygotowywaniu Grobu. S\u0105 to nast\u0119puj\u0105ce osoby: Tomasz Geller, Bo\u017cena Chojnacka, Jadwiga Grabowska, Waldemar Zimakowski, pracownicy P. Bogdana Szcze\u015bniewskiego, kt\u00f3rzy pomagali przenie\u015b\u0107 elementy dekoracji do ko\u015bcio\u0142a. Pani Marzenie Kupniewskiej z Sochocina dzi\u0119kuj\u0119 za ustrojenie o\u0142tarzy kwiatami. Dzi\u0119kuj\u0119 r\u00f3wnie\u017c asy\u015bcie procesyjnej i dziewczynkom, kt\u00f3re sypa\u0142y kwiatkami oraz paniom, kt\u00f3re pomagaj\u0105 dzieciom w czasie procesji. S\u0142owa wdzi\u0119czno\u015bci kieruj\u0119 do ministrant\u00f3w i lektor\u00f3w (m\u0142odzie\u017cy m\u0119skiej i \u017ce\u0144skiej) oraz kantorki. Dzi\u0119kuj\u0119 stra\u017cakom z K\u0119py, Milewa, S\u0142oszewa Kolonii i Smardzewa oraz M\u0142odzie\u017cowej Dru\u017cynie Po\u017carniczej, kt\u00f3rzy pe\u0142nili wart\u0119 przy Grobie Pa\u0144skim. Dzi\u0119kuj\u0119 r\u00f3wnie\u017c pracownikom ko\u015bcielnym (P. organista i ko\u015bcielny).<\/li>\n<li>Na kwiaty do Grobu Pa\u0144skiego z\u0142o\u017cono ofiary w kwocie &#8211; 5150,00 z\u0142otych. Serdecznie dzi\u0119kuj\u0119 wszystkim ofiarodawcom.<\/li>\n<li>Wszystkim solenizantom i jubilatom tego tygodnia \u017cyczymy wzrastania w wierze, do\u015bwiadczenia blisko\u015bci Zmartwychwsta\u0142ego Pana i Jego mocy w codziennym \u017cyciu.<\/li>\n<li>Zach\u0119cam do nabycia prasy katolickiej.<\/li>\n<\/ol>\n<p><strong>W tym tygodniu patronuj\u0105 nam:\u00a0 \u00a0 \u00a0 \u00a0 \u00a0 \u00a0 \u00a0 \u00a0 \u00a0 \u00a0 \u00a0 \u00a0 \u00a0 \u00a0 \u00a0 \u00a0 \u00a0 \u00a0 \u00a0 \u00a0 \u00a0 \u00a0 \u00a0 \u00a0 \u00a0 \u00a0 \u00a0 \u00a0 \u00a0 \u00a0 \u00a0 \u00a0 \u00a0 \u00a0 \u00a0 \u00a0 \u00a0 \u00a0 \u00a0 \u00a0 \u00a0 \u00a0 \u00a0 \u00a0 \u00a0 \u00a0 \u00a0 \u00a0 \u00a0 \u00a0 \u00a0 \u00a0 \u00a0 \u00a0 \u00a0 \u00a0 \u00a0 \u00a0 \u00a0 \u00a0 \u00a0 \u00a0 \u00a0 \u00a0 \u00a0 \u00a0 \u00a0 \u00a0 \u00a0 \u00a0 \u00a0 \u00a0 \u00a0 \u00a0 \u00a0 \u00a0 \u00a0 \u00a0 \u00a0 \u00a0 \u00a0 \u00a0 \u00a0 \u00a0 \u00a0 \u00a0<\/strong>&#8211; poniedzia\u0142ek, 25 kwietnia \u2013 \u015awi\u0119ty Marek Ewangelista (I\/II w.), bliski wsp\u00f3\u0142pracownik \u015awi\u0119tego Paw\u0142a;\u00a0 \u00a0 \u00a0 \u00a0 \u00a0 \u00a0&#8211; wtorek, 26 kwietnia \u2013 \u015awi\u0119ty Wojciech (ok. 956-997), biskup i m\u0119czennik, patron Polski;\u00a0 \u00a0 \u00a0 \u00a0 \u00a0 \u00a0 \u00a0 \u00a0 \u00a0 \u00a0 \u00a0 \u00a0 \u00a0 \u00a0 \u00a0 \u00a0 \u00a0 \u00a0 \u00a0 \u00a0 \u00a0 \u00a0 &#8211; pi\u0105tek, 29 kwietnia \u2013 \u015awi\u0119ta Katarzyna Siene\u0144ska (1347-1380), dziewica i doktor Ko\u015bcio\u0142a, patronka Europy.<\/p>\n<p>&nbsp;<\/p>\n<p>&nbsp;<\/p>\n<p>&nbsp;<\/p>\n<p>&nbsp;<\/p>\n","protected":false},"excerpt":{"rendered":"<p>OG\u0141OSZENIA DUSZPASTERSKIE Dzi\u015b druga niedziela Wielkanocy, czyli Niedziela Mi\u0142osierdzia Bo\u017cego. Trwamy w rado\u015bci ze zmartwychwstania Chrystusa. To wydarzenie jest szczeg\u00f3lnym znakiem tego, \u017ce B\u00f3g zlitowa\u0142 si\u0119 nad grzesznymi lud\u017ami i ca\u0142emu \u015bwiatu okaza\u0142 swoje mi\u0142osierdzie. Po Eucharystii o godz. 9.00 zapraszam na spotkanie dzieci kl. III i IV, kt\u00f3rzy przygotowuj\u0105 si\u0119 do Pierwszej i Generalnej &hellip; <\/p>\n<p><a class=\"more-link btn\" href=\"https:\/\/parafiasmardzewo.pl\/?p=7912\">Kontynuuj czytanie<\/a><\/p>\n","protected":false},"author":2,"featured_media":6302,"comment_status":"open","ping_status":"open","sticky":false,"template":"","format":"standard","meta":[],"categories":[2],"tags":[],"_links":{"self":[{"href":"https:\/\/parafiasmardzewo.pl\/index.php?rest_route=\/wp\/v2\/posts\/7912"}],"collection":[{"href":"https:\/\/parafiasmardzewo.pl\/index.php?rest_route=\/wp\/v2\/posts"}],"about":[{"href":"https:\/\/parafiasmardzewo.pl\/index.php?rest_route=\/wp\/v2\/types\/post"}],"author":[{"embeddable":true,"href":"https:\/\/parafiasmardzewo.pl\/index.php?rest_route=\/wp\/v2\/users\/2"}],"replies":[{"embeddable":true,"href":"https:\/\/parafiasmardzewo.pl\/index.php?rest_route=%2Fwp%2Fv2%2Fcomments&post=7912"}],"version-history":[{"count":1,"href":"https:\/\/parafiasmardzewo.pl\/index.php?rest_route=\/wp\/v2\/posts\/7912\/revisions"}],"predecessor-version":[{"id":7913,"href":"https:\/\/parafiasmardzewo.pl\/index.php?rest_route=\/wp\/v2\/posts\/7912\/revisions\/7913"}],"wp:featuredmedia":[{"embeddable":true,"href":"https:\/\/parafiasmardzewo.pl\/index.php?rest_route=\/wp\/v2\/media\/6302"}],"wp:attachment":[{"href":"https:\/\/parafiasmardzewo.pl\/index.php?rest_route=%2Fwp%2Fv2%2Fmedia&parent=7912"}],"wp:term":[{"taxonomy":"category","embeddable":true,"href":"https:\/\/parafiasmardzewo.pl\/index.php?rest_route=%2Fwp%2Fv2%2Fcategories&post=7912"},{"taxonomy":"post_tag","embeddable":true,"href":"https:\/\/parafiasmardzewo.pl\/index.php?rest_route=%2Fwp%2Fv2%2Ftags&post=7912"}],"curies":[{"name":"wp","href":"https:\/\/api.w.org\/{rel}","templated":true}]}}