{"id":7987,"date":"2022-04-30T22:17:30","date_gmt":"2022-04-30T20:17:30","guid":{"rendered":"http:\/\/parafiasmardzewo.pl\/?p=7987"},"modified":"2022-04-30T22:17:30","modified_gmt":"2022-04-30T20:17:30","slug":"trzecia-niedziela-wielkanocy-1-maja-2022-roku","status":"publish","type":"post","link":"https:\/\/parafiasmardzewo.pl\/?p=7987","title":{"rendered":"TRZECIA NIEDZIELA WIELKANOCY 1 maja 2022 roku"},"content":{"rendered":"<p><strong>OG\u0141OSZENIA DUSZPASTERSKIE<\/strong><\/p>\n<ol>\n<li>Dzi\u015b trzecia niedziela Wielkanocy. Trwamy w rado\u015bci ze zmartwychwstania Chrystusa. Po Mszy \u015awi\u0119tej o godz. 9.00 b\u0119dzie spotkanie z dzie\u0107mi kl. III i IV, kt\u00f3rzy przygotowuj\u0105 si\u0119 do Pierwszej i Generalnej Komunii \u015awi\u0119tej. 3 maja (wtorek) zapraszam dzieci (kl. III) i rodzic\u00f3w na Msz\u0119 \u015awi\u0119t\u0105 na godz. 10.00 i na spotkanie zaraz po Eucharystii. Dzieci kl. IV zapraszam tego samego dnia (3 maja) na godz. 16.00. Pierwsza Komunia dzieci kl. III 22 maja br., o godz. 13.00. Odnowienie Przyrzecze\u0144 Chrztu \u015awi\u0119tego dzieci kl. IV 29 maja br., o godz. 10.45. Za tydzie\u0144 na Msz\u0119 \u015awi\u0119t\u0105 i spotkanie po Eucharystii o godz. 16.00\u00a0 zapraszam kandydat\u00f3w do bierzmowania.<\/li>\n<li>Z racji pierwszej niedzieli miesi\u0105ca po sumie (godz. 10.45) b\u0119dzie wystawienie Naj\u015bwi\u0119tszego Sakramentu, adoracja i procesja wok\u00f3\u0142 ko\u015bcio\u0142a.<\/li>\n<li>Dzi\u015b w ca\u0142ej Polsce obchodzona jest po raz kolejny Niedziela Biblijna, rozpoczynaj\u0105ca Tydzie\u0144 Biblijny. To zach\u0119ta do lektury i rozwa\u017cania tekst\u00f3w Pisma \u015awi\u0119tego. <strong>\u201eNieznajomo\u015b\u0107 Pisma \u015awi\u0119tego jest nieznajomo\u015bci\u0105 Chrystusa\u201d<\/strong> \u2013 m\u00f3wi\u0142 \u015awi\u0119ty Hieronim. Niech b\u0119dzie to czas szczeg\u00f3lnego zas\u0142uchania i rozwa\u017cania s\u0142owa Pana.<\/li>\n<li>Dzi\u015b rozpoczynamy miesi\u0105c maj, w kt\u00f3rym w spos\u00f3b szczeg\u00f3lny b\u0119dziemy oddawa\u0107 cze\u015b\u0107 Matce Zbawiciela. W naszej \u015bwi\u0105tyni nabo\u017ce\u0144stwo majowe w dni powszednie po Eucharystii o godz. 18.00, w\u00a0niedziel\u0119 o godz. 15.40. Serdecznie zapraszam, aby \u015bpiewem Litanii loreta\u0144skiej wyprasza\u0107 wstawiennictwo Naj\u015bwi\u0119tszej Maryi Panny w naszych codziennych potrzebach. Tych, kt\u00f3rzy nie mog\u0105 uczestniczy\u0107 w nabo\u017ce\u0144stwach majowych w ko\u015bciele, zach\u0119cam do modlitwy przy przydro\u017cnych krzy\u017cach, kapliczkach oraz domach rodzinnych.<\/li>\n<li>Dzi\u015b tak\u017ce przypada \u015awi\u0119to Pracy. Nasz\u0105 modlitw\u0105 wspieramy wszystkich pracownik\u00f3w i\u00a0pracodawc\u00f3w, aby podejmowali uczciwie swoje obowi\u0105zki. Modlimy si\u0119 r\u00f3wnie\u017c za wszystkich bezrobotnych i poszukuj\u0105cych pracy, aby znale\u017ali godne zaj\u0119cie i mogli zapewni\u0107 byt swoim bliskim.<\/li>\n<li>Jutro, 2 maja, przypada Dzie\u0144 Polonii oraz Dzie\u0144 Flagi Narodowej. W modlitwie pami\u0119tajmy o naszych rodakach mieszkaj\u0105cych poza granicami ojczyzny. Nie zapomnijmy tak\u017ce wywiesi\u0107 flagi narodowej.<\/li>\n<li>We wtorek, 3 maja, przypada uroczysto\u015b\u0107 Naj\u015bwi\u0119tszej Maryi Panny, Kr\u00f3lowej Polski, g\u0142\u00f3wnej Patronki naszej ojczyzny. To tak\u017ce kolejna rocznica uchwalenia Konstytucji 3 Maja w 1791 roku. Msze \u015awi\u0119te w naszej \u015bwi\u0105tyni b\u0119d\u0105 sprawowane o godz. 10.00 i 16.00. O godz. 10.00 Msza \u015awi\u0119ta b\u0119dzie sprawowana w intencji ojczyzny i druga intencja o Bo\u017ce b\u0142ogos\u0142awie\u0144stwo dla stra\u017cak\u00f3w naszej parafii, z K\u0119py, Milewa, S\u0142oszewa Kolonii i Smardzewa oraz M\u0142odzie\u017cowej Dru\u017cyny Po\u017carniczej ze Smardzewa. Zapraszam na wsp\u00f3ln\u0105 modlitw\u0119, aby przez wstawiennictwo Kr\u00f3lowej Polski i \u015bw. Floriana wyprasza\u0107 Bo\u017c\u0105 opiek\u0119 dla ca\u0142ego naszego narodu, szczeg\u00f3lnie dar jedno\u015bci i wzajemnego szacunku.<\/li>\n<li>W pi\u0105tek, 6 maja, w liturgii b\u0119dziemy obchodzili \u015bwi\u0119to \u015awi\u0119tych Aposto\u0142\u00f3w Filipa i\u00a0Jakuba.<\/li>\n<li>Duszpasterstwo nauczycieli z P\u0142o\u0144ska i okolic zaprasza w najbli\u017csz\u0105 sobot\u0119 7 maja do pielgrzymowania do Smardzewa \u2013 do Sanktuarium Matki Bo\u017cej R\u00f3\u017ca\u0144cowej. O godz.10.00 rozpocznie si\u0119 modlitwa r\u00f3\u017ca\u0144cowa, nast\u0119pnie nabo\u017ce\u0144stwo majowe i Msza \u015awi\u0119ta. B\u0119dzie to czas szczeg\u00f3lnej modlitwy za nauczycieli, wychowawc\u00f3w i szczeg\u00f3lnie tegorocznych maturzyst\u00f3w. Zaprasza ks. W\u0142odzimierz Pi\u0119tka \u2013 diecezjalny duszpasterz nauczycieli.<\/li>\n<li>W tym tygodniu przypada pierwszy czwartek, pierwszy pi\u0105tek i pierwsza sobota miesi\u0105ca:<\/li>\n<\/ol>\n<p>&#8211; w czwartek modlimy si\u0119 o u\u015bwi\u0119cenie\u00a0 kap\u0142an\u00f3w oraz o nowe powo\u0142ania\u00a0 \u00a0 \u00a0 \u00a0 \u00a0 \u00a0 \u00a0 \u00a0 \u00a0 \u00a0 \u00a0 \u00a0 \u00a0 \u00a0 \u00a0 \u00a0 \u00a0 \u00a0 \u00a0 \u00a0 \u00a0 \u00a0 \u00a0 \u00a0 \u00a0 \u00a0 \u00a0 \u00a0 \u00a0 \u00a0 \u00a0 \u00a0 \u00a0 \u00a0 \u00a0 \u00a0 \u00a0 \u00a0 \u00a0 \u00a0\u00a0 &#8211; w pi\u0105tek spowied\u017a od godz. 17.30. Litani\u0119 do Naj\u015bwi\u0119tszego Serca Pana\u00a0 \u00a0Jezusa odm\u00f3wimy przed\u00a0 \u00a0 \u00a0 \u00a0 \u00a0 \u00a0 \u00a0 \u00a0 \u00a0 \u00a0 \u00a0 Msz\u0105 \u015awi\u0119t\u0105. Po Eucharystii nabo\u017ce\u0144stwo majowe\u00a0 \u00a0 \u00a0 \u00a0 \u00a0 \u00a0 \u00a0 \u00a0 \u00a0 \u00a0 \u00a0 \u00a0 \u00a0 \u00a0 \u00a0 \u00a0 \u00a0 \u00a0 \u00a0 \u00a0 \u00a0 \u00a0 \u00a0 \u00a0 \u00a0 \u00a0 \u00a0 \u00a0 \u00a0 \u00a0 \u00a0 \u00a0 \u00a0 \u00a0 \u00a0 \u00a0 \u00a0 \u00a0 \u00a0 \u00a0 \u00a0 \u00a0 \u00a0 \u00a0 \u00a0 \u00a0 \u00a0 \u00a0 \u00a0 \u00a0 \u00a0 \u00a0 \u00a0 \u00a0 \u00a0 \u00a0 \u00a0 \u00a0 \u00a0 \u00a0 \u00a0 \u00a0 \u00a0 \u00a0 \u00a0&#8211; <strong>w sobot\u0119 (7 maja) o godz. 9.00 b\u0119dzie Msza \u015awi\u0119ta o Niepokalanym <\/strong><strong>\u00a0Sercu NMP i o godz. 18.00.\u00a0 \u00a0 \u00a0 \u00a0 \u00a0 \u00a0 \u00a0 \u00a0 \u00a0 \u00a0 \u00a0 \u00a0<\/strong>W tym roku odprawimy 5 pierwszych sob\u00f3t miesi\u0105ca zgodnie z \u017cyczeniem Matki Bo\u017cej, kt\u00f3re\u00a0 \u00a0 \u00a0 \u00a0 \u00a0 \u00a0 \u00a0 \u00a0 \u00a0 \u00a0 \u00a0 \u00a0 \u00a0 \u00a0 \u00a0 \u00a0 \u00a0 \u00a0 \u00a0skierowa\u0142a w czasie objawie\u0144 w\u00a0 Fatimie. Szczeg\u00f3\u0142owe informacje o odprawieniu 5 pierwszych sob\u00f3t\u00a0 \u00a0 \u00a0 \u00a0 \u00a0 \u00a0 \u00a0 \u00a0 \u00a0 \u00a0 na stronie internetowej naszej parafii.<\/p>\n<ol start=\"11\">\n<li>W najbli\u017csz\u0105 niedziel\u0119, 8 maja, przypada czwarta niedziela Wielkanocy, nazywana popularnie Niedziel\u0105 Dobrego Pasterza. B\u0119dziemy obchodzi\u0107 j\u0105 po raz kolejny jako \u015awiatowy Dzie\u0144 Modlitw o Powo\u0142ania Kap\u0142a\u0144skie. W ten spos\u00f3b rozpoczniemy Tydzie\u0144 modlitw o\u00a0powo\u0142ania do s\u0142u\u017cby w Ko\u015bciele.<\/li>\n<li>Zach\u0119cam do nabycia prasy katolickiej.<\/li>\n<li>Do sakramentu ma\u0142\u017ce\u0144stwa przygotowuj\u0105 si\u0119 nast\u0119puj\u0105ce osoby: Mateusz Gierkowski, kawaler zamieszka\u0142y w Koliszewie i Aleksandra Rutkowska, panna zamieszka\u0142a w P\u0142o\u0144sku, par. \u015bw. o. Pio. Zap. II.<\/li>\n<li>Wszystkim solenizantom i jubilatom tego tygodnia \u017cyczymy nieustannego do\u015bwiadczania mocy Bo\u017cego s\u0142owa i wzrastania w pos\u0142usze\u0144stwie Jego zbawczej woli.<\/li>\n<\/ol>\n<p>&nbsp;<\/p>\n<p><strong>\u00a0<\/strong><\/p>\n<p>&nbsp;<\/p>\n<p>&nbsp;<\/p>\n<p>&nbsp;<\/p>\n<p>&nbsp;<\/p>\n<p>&nbsp;<\/p>\n<p>&nbsp;<\/p>\n","protected":false},"excerpt":{"rendered":"<p>OG\u0141OSZENIA DUSZPASTERSKIE Dzi\u015b trzecia niedziela Wielkanocy. Trwamy w rado\u015bci ze zmartwychwstania Chrystusa. Po Mszy \u015awi\u0119tej o godz. 9.00 b\u0119dzie spotkanie z dzie\u0107mi kl. III i IV, kt\u00f3rzy przygotowuj\u0105 si\u0119 do Pierwszej i Generalnej Komunii \u015awi\u0119tej. 3 maja (wtorek) zapraszam dzieci (kl. III) i rodzic\u00f3w na Msz\u0119 \u015awi\u0119t\u0105 na godz. 10.00 i na spotkanie zaraz po &hellip; <\/p>\n<p><a class=\"more-link btn\" href=\"https:\/\/parafiasmardzewo.pl\/?p=7987\">Kontynuuj czytanie<\/a><\/p>\n","protected":false},"author":2,"featured_media":6302,"comment_status":"open","ping_status":"open","sticky":false,"template":"","format":"standard","meta":[],"categories":[2],"tags":[],"_links":{"self":[{"href":"https:\/\/parafiasmardzewo.pl\/index.php?rest_route=\/wp\/v2\/posts\/7987"}],"collection":[{"href":"https:\/\/parafiasmardzewo.pl\/index.php?rest_route=\/wp\/v2\/posts"}],"about":[{"href":"https:\/\/parafiasmardzewo.pl\/index.php?rest_route=\/wp\/v2\/types\/post"}],"author":[{"embeddable":true,"href":"https:\/\/parafiasmardzewo.pl\/index.php?rest_route=\/wp\/v2\/users\/2"}],"replies":[{"embeddable":true,"href":"https:\/\/parafiasmardzewo.pl\/index.php?rest_route=%2Fwp%2Fv2%2Fcomments&post=7987"}],"version-history":[{"count":1,"href":"https:\/\/parafiasmardzewo.pl\/index.php?rest_route=\/wp\/v2\/posts\/7987\/revisions"}],"predecessor-version":[{"id":7988,"href":"https:\/\/parafiasmardzewo.pl\/index.php?rest_route=\/wp\/v2\/posts\/7987\/revisions\/7988"}],"wp:featuredmedia":[{"embeddable":true,"href":"https:\/\/parafiasmardzewo.pl\/index.php?rest_route=\/wp\/v2\/media\/6302"}],"wp:attachment":[{"href":"https:\/\/parafiasmardzewo.pl\/index.php?rest_route=%2Fwp%2Fv2%2Fmedia&parent=7987"}],"wp:term":[{"taxonomy":"category","embeddable":true,"href":"https:\/\/parafiasmardzewo.pl\/index.php?rest_route=%2Fwp%2Fv2%2Fcategories&post=7987"},{"taxonomy":"post_tag","embeddable":true,"href":"https:\/\/parafiasmardzewo.pl\/index.php?rest_route=%2Fwp%2Fv2%2Ftags&post=7987"}],"curies":[{"name":"wp","href":"https:\/\/api.w.org\/{rel}","templated":true}]}}