{"id":7992,"date":"2022-05-07T21:45:15","date_gmt":"2022-05-07T19:45:15","guid":{"rendered":"http:\/\/parafiasmardzewo.pl\/?p=7992"},"modified":"2022-05-07T21:45:15","modified_gmt":"2022-05-07T19:45:15","slug":"czwarta-niedziela-wielkanocy-8-maja-2022-roku","status":"publish","type":"post","link":"https:\/\/parafiasmardzewo.pl\/?p=7992","title":{"rendered":"CZWARTA NIEDZIELA WIELKANOCY &#8211; 8 maja 2022 roku"},"content":{"rendered":"<p><strong>OG\u0141OSZENIA DUSZPASTERSKIE<\/strong><\/p>\n<ol>\n<li>Dzi\u015b czwarta niedziela Wielkanocy, kt\u00f3r\u0105 nazywamy popularnie Niedziel\u0105 Dobrego Pasterza. Dzi\u015b przypada \u015awiatowy Dzie\u0144 Modlitw o Powo\u0142ania Kap\u0142a\u0144skie i Zakonne. Prosimy Jezusa Chrystusa, Dobrego Pasterza, aby nie zabrak\u0142o g\u0142osicieli Ewangelii i szafarzy sakrament\u00f3w \u015bwi\u0119tych. Nasz\u0105 modlitw\u0105 obejmujemy wszystkich, kt\u00f3rzy odpowiedzieli na g\u0142os Bo\u017cego wezwania i przygotowuj\u0105 si\u0119 do kap\u0142a\u0144stwa w naszym diecezjalnym seminarium.<\/li>\n<li>Dzisiejsza niedziela rozpoczyna Kwartalne dni modlitw o powo\u0142ania do s\u0142u\u017cby w Ko\u015bciele.<\/li>\n<li>Dzisiaj, po Mszy \u015aw. o godz. 9.00 b\u0119dzie kr\u00f3tkie spotkanie z dzie\u0107mi kl. III i IV, natomiast po Eucharystii o godz. 16.00 zapraszam na spotkanie m\u0142odzie\u017c, kt\u00f3ra przygotowuje si\u0119\u00a0 do sakramentu bierzmowania.<\/li>\n<li>Jutro, 9 maja, przypada uroczysto\u015b\u0107 \u015awi\u0119tego Stanis\u0142awa, biskupa i m\u0119czennika, g\u0142\u00f3wnego patrona Polski, przeniesiona z 8 maja ze wzgl\u0119du na przypadaj\u0105c\u0105 niedziel\u0119 wielkanocn\u0105. B\u0119dziemy wzywa\u0107 jego or\u0119downictwa i wyprasza\u0107 Bo\u017c\u0105 pomoc dla naszej ojczyzny.<\/li>\n<li>W \u015brod\u0119 po Mszy \u015awi\u0119tej o godz. 18.00 b\u0119dzie spotkanie z dzie\u0107mi kl. III, kt\u00f3rzy przygotowuj\u0105 si\u0119 do Pierwszej Komunii \u015awi\u0119tej, natomiast w czwartek r\u00f3wnie\u017c po Eucharystii o godz. 18.00 zapraszam uczni\u00f3w kl. IV na spotkanie.<\/li>\n<li>W pi\u0105tek, 13 maja, w liturgii b\u0119dziemy wspomina\u0107 Matk\u0119 Bo\u017c\u0105 Fatimsk\u0105. Tego dnia przypada tak\u017ce 39. rocznica zamachu na \u015awi\u0119tego Jana Paw\u0142a II. Nabo\u017ce\u0144stwo fatimskie po Mszy \u015awi\u0119tej o godz.19.00. Serdecznie zapraszam na wsp\u00f3ln\u0105 modlitw\u0119 do Matki Naj\u015bwi\u0119tszej.<\/li>\n<li>W sobot\u0119, 14 maja, \u015bwi\u0119to \u015awi\u0119tego Macieja Aposto\u0142a, kt\u00f3ry do\u0142\u0105czy\u0142 do grona Dwunastu po \u015bmierci Judasza.<\/li>\n<li>W naszej \u015bwi\u0105tyni nabo\u017ce\u0144stwa majowe w dni powszednie po Mszy \u015awi\u0119tej o godz. 18.00, w niedziel\u0119 o\u00a0godz. 15.40. Serdecznie zapraszam. Tych, kt\u00f3rzy nie mog\u0105 uczestniczy\u0107 w nabo\u017ce\u0144stwach majowych w ko\u015bciele, zach\u0119cam do modlitwy przy przydro\u017cnych kapliczkach oraz w domach rodzinnych.<\/li>\n<li>Zach\u0119cam do nabycia prasy katolickiej.<\/li>\n<li>Wszystkim solenizantom i jubilatom tego tygodnia \u017cyczymy gorliwo\u015bci w wype\u0142nianiu codziennych obowi\u0105zk\u00f3w oraz otwarto\u015bci na Bo\u017ce natchnienia.<\/li>\n<\/ol>\n<p><strong>W tym tygodniu patronuj\u0105 nam:\u00a0 \u00a0 \u00a0 \u00a0 \u00a0 \u00a0 \u00a0 \u00a0 \u00a0 \u00a0 \u00a0 \u00a0 \u00a0 \u00a0 \u00a0 \u00a0 \u00a0 \u00a0 \u00a0 \u00a0 \u00a0 \u00a0 \u00a0 \u00a0 \u00a0 \u00a0 \u00a0 \u00a0 \u00a0 \u00a0 \u00a0 \u00a0 \u00a0 \u00a0 \u00a0 \u00a0 \u00a0 \u00a0 \u00a0 \u00a0 \u00a0 \u00a0 \u00a0 \u00a0 \u00a0 \u00a0 \u00a0 \u00a0 \u00a0 \u00a0 \u00a0 \u00a0 \u00a0 \u00a0 \u00a0 \u00a0 \u00a0 \u00a0 \u00a0 \u00a0 \u00a0 \u00a0 \u00a0 \u00a0 \u00a0 \u00a0 \u00a0 \u00a0 \u00a0 \u00a0 \u00a0 \u00a0 \u00a0 \u00a0 \u00a0 \u00a0 \u00a0 \u00a0 \u00a0 \u00a0 \u00a0 \u00a0 \u00a0 \u00a0 \u00a0 <\/strong>&#8211; poniedzia\u0142ek, 9 maja \u2013 \u015awi\u0119ty Stanis\u0142aw (ok. 1030-1079), biskup i m\u0119czennik, g\u0142\u00f3wny patron Polski;\u00a0 \u00a0 \u00a0 \u00a0 \u00a0 \u00a0 \u00a0 &#8211; sobota, 14 maja \u2013 \u015awi\u0119ty Maciej Aposto\u0142, po \u015bmierci Judasza wybrany drog\u0105 losowania do grona Dwunastu.<\/p>\n","protected":false},"excerpt":{"rendered":"<p>OG\u0141OSZENIA DUSZPASTERSKIE Dzi\u015b czwarta niedziela Wielkanocy, kt\u00f3r\u0105 nazywamy popularnie Niedziel\u0105 Dobrego Pasterza. Dzi\u015b przypada \u015awiatowy Dzie\u0144 Modlitw o Powo\u0142ania Kap\u0142a\u0144skie i Zakonne. Prosimy Jezusa Chrystusa, Dobrego Pasterza, aby nie zabrak\u0142o g\u0142osicieli Ewangelii i szafarzy sakrament\u00f3w \u015bwi\u0119tych. Nasz\u0105 modlitw\u0105 obejmujemy wszystkich, kt\u00f3rzy odpowiedzieli na g\u0142os Bo\u017cego wezwania i przygotowuj\u0105 si\u0119 do kap\u0142a\u0144stwa w naszym diecezjalnym seminarium. &hellip; <\/p>\n<p><a class=\"more-link btn\" href=\"https:\/\/parafiasmardzewo.pl\/?p=7992\">Kontynuuj czytanie<\/a><\/p>\n","protected":false},"author":2,"featured_media":6302,"comment_status":"open","ping_status":"open","sticky":false,"template":"","format":"standard","meta":[],"categories":[1],"tags":[],"_links":{"self":[{"href":"https:\/\/parafiasmardzewo.pl\/index.php?rest_route=\/wp\/v2\/posts\/7992"}],"collection":[{"href":"https:\/\/parafiasmardzewo.pl\/index.php?rest_route=\/wp\/v2\/posts"}],"about":[{"href":"https:\/\/parafiasmardzewo.pl\/index.php?rest_route=\/wp\/v2\/types\/post"}],"author":[{"embeddable":true,"href":"https:\/\/parafiasmardzewo.pl\/index.php?rest_route=\/wp\/v2\/users\/2"}],"replies":[{"embeddable":true,"href":"https:\/\/parafiasmardzewo.pl\/index.php?rest_route=%2Fwp%2Fv2%2Fcomments&post=7992"}],"version-history":[{"count":1,"href":"https:\/\/parafiasmardzewo.pl\/index.php?rest_route=\/wp\/v2\/posts\/7992\/revisions"}],"predecessor-version":[{"id":7993,"href":"https:\/\/parafiasmardzewo.pl\/index.php?rest_route=\/wp\/v2\/posts\/7992\/revisions\/7993"}],"wp:featuredmedia":[{"embeddable":true,"href":"https:\/\/parafiasmardzewo.pl\/index.php?rest_route=\/wp\/v2\/media\/6302"}],"wp:attachment":[{"href":"https:\/\/parafiasmardzewo.pl\/index.php?rest_route=%2Fwp%2Fv2%2Fmedia&parent=7992"}],"wp:term":[{"taxonomy":"category","embeddable":true,"href":"https:\/\/parafiasmardzewo.pl\/index.php?rest_route=%2Fwp%2Fv2%2Fcategories&post=7992"},{"taxonomy":"post_tag","embeddable":true,"href":"https:\/\/parafiasmardzewo.pl\/index.php?rest_route=%2Fwp%2Fv2%2Ftags&post=7992"}],"curies":[{"name":"wp","href":"https:\/\/api.w.org\/{rel}","templated":true}]}}