{"id":8023,"date":"2022-05-14T20:53:06","date_gmt":"2022-05-14T18:53:06","guid":{"rendered":"http:\/\/parafiasmardzewo.pl\/?p=8023"},"modified":"2022-05-14T20:53:06","modified_gmt":"2022-05-14T18:53:06","slug":"piata-niedziela-wielkanocy-15-maja-2022-roku","status":"publish","type":"post","link":"https:\/\/parafiasmardzewo.pl\/?p=8023","title":{"rendered":"PI\u0104TA NIEDZIELA WIELKANOCY &#8211; 15 maja 2022 roku"},"content":{"rendered":"<p><strong>OG\u0141OSZENIA DUSZPASTERSKIE<\/strong><\/p>\n<ol>\n<li>Dzi\u015b pi\u0105ta niedziela Wielkanocy. Po Mszy \u015awi\u0119tej o godz. 10.45 b\u0119dzie spotkanie z rodzicami, kt\u00f3rych dzieci przygotowuj\u0105 si\u0119 do Pierwszej (kl. III) i Generalnej Komunii \u015awi\u0119tej (kl. IV). Po Mszy \u015awi\u0119tej o godz. 16.00 b\u0119dzie spotkanie z\u00a0 kandydatami do bierzmowania.<\/li>\n<li>Jutro, 16 maja, zapraszam dzieci kl. III na godz. 18.45 na spotkanie przygotowuj\u0105ce do pierwszej Komunii \u015awi\u0119tej. Spotkanie z uczniami kl. IV odb\u0119dzie si\u0119 we wtorek, 17 maja, r\u00f3wnie\u017c o godz. 18.45.<\/li>\n<li>W poniedzia\u0142ek, 16 maja, przypada \u015bwi\u0119to \u015awi\u0119tego Andrzeja Boboli, patrona Polski. By\u0142 on jezuickim kap\u0142anem, gorliwym g\u0142osicielem Ewangelii, kt\u00f3ry pracowa\u0142 na rzecz jedno\u015bci Ko\u015bcio\u0142a i ojczyzny. Zgin\u0105\u0142 \u015bmierci\u0105 m\u0119cze\u0144sk\u0105 w 1657 roku. Niech jego wstawiennictwo wyprasza dar jedno\u015bci naszym ma\u0142ym wsp\u00f3lnotom oraz ca\u0142ej ojczy\u017anie.<\/li>\n<li>W \u015brod\u0119, 18 maja, przypada 102. rocznica urodzin \u015awi\u0119tego Jana Paw\u0142a II. To kolejna okazja, aby odkrywa\u0107 na nowo s\u0142owa naszego Wielkiego Rodaka. On ca\u0142e \u017cycie zawierzy\u0142 Bogu przez r\u0119ce Maryi. Niech jego wstawiennictwo oraz or\u0119downictwo Naj\u015bwi\u0119tszej Maryi Panny wyprasza nam Bo\u017c\u0105 pomoc w naszym codziennym \u017cyciu.<\/li>\n<li>W czwartek, 19 maja, zapraszam rodzic\u00f3w dzieci pierwszokomunijnych na godz. 18.45 do sprz\u0105tania ko\u015bcio\u0142a . W pi\u0105tek, 20 maja, spowied\u017a dzieci kl. III, rodzic\u00f3w, rodzic\u00f3w chrzestnych i wszystkich, kt\u00f3rzy chc\u0105 ofiarowa\u0107 komuni\u0119 w intencji dzieci (godz. 18.45).<\/li>\n<li>W sobot\u0119, 21 maja wyje\u017cd\u017camy autokarem do Czerwi\u0144ska z m\u0142odzie\u017c\u0105, kt\u00f3ra przygotowuje si\u0119 do sakramentu bierzmowania. Wyjazd ma charakter modlitewno-rekraacyjny. W programie jest Msza \u015awi\u0119ta, zwiedzanie roma\u0144skiej Bazylki z XII wieku, zawody sportowe, spotkanie przy ognisku. Wyjazd o godz. 9.00 (parking przy ko\u015bciele w Smardzewie), powr\u00f3t oko\u0142o godz. 16.00. Osoby, kt\u00f3re wybieraj\u0105 si\u0119 na pielgrzymk\u0119\/wycieczk\u0119 do Czerwi\u0144ska musz\u0105 mie\u0107 zgod\u0119 rodzic\u00f3w, oraz niech dostarcz\u0105 numer Pesel, kt\u00f3ry jest potrzebny przy ubezpieczeniu grupy.<\/li>\n<li>Nabo\u017ce\u0144stwa majowe w naszej \u015bwi\u0105tyni codziennie po Eucharystii o godz.18.00. Zapraszam na wsp\u00f3ln\u0105 modlitw\u0119, aby uwielbia\u0107 Matk\u0119 Zbawiciela \u015bpiewem Litanii loreta\u0144skiej.<\/li>\n<li>Zach\u0119cam do nabycia prasy katolickiej.<\/li>\n<li>W ostatnim tygodniu po\u017cegnali\u015bmy + Alin\u0119 Marciszewsk\u0105, kt\u00f3ra prze\u017cy\u0142a 71 lat. Od uczestnik\u00f3w pogrzebu b\u0119dzie odprawionych 16 Mszy \u015awi\u0119tych. Niech mi\u0142osierny B\u00f3g za dobro uczynione na ziemi wynagrodzi j\u0105 szcz\u0119\u015bciem wiecznym.<\/li>\n<li>Wszystkim solenizantom i jubilatom tego tygodnia \u017cyczymy obfito\u015bci Bo\u017cych dar\u00f3w oraz opieki Maryi \u2013 Wspomo\u017cycielki Wiernych.<\/li>\n<\/ol>\n<p>&nbsp;<\/p>\n","protected":false},"excerpt":{"rendered":"<p>OG\u0141OSZENIA DUSZPASTERSKIE Dzi\u015b pi\u0105ta niedziela Wielkanocy. Po Mszy \u015awi\u0119tej o godz. 10.45 b\u0119dzie spotkanie z rodzicami, kt\u00f3rych dzieci przygotowuj\u0105 si\u0119 do Pierwszej (kl. III) i Generalnej Komunii \u015awi\u0119tej (kl. IV). Po Mszy \u015awi\u0119tej o godz. 16.00 b\u0119dzie spotkanie z\u00a0 kandydatami do bierzmowania. Jutro, 16 maja, zapraszam dzieci kl. III na godz. 18.45 na spotkanie przygotowuj\u0105ce &hellip; <\/p>\n<p><a class=\"more-link btn\" href=\"https:\/\/parafiasmardzewo.pl\/?p=8023\">Kontynuuj czytanie<\/a><\/p>\n","protected":false},"author":2,"featured_media":6301,"comment_status":"open","ping_status":"open","sticky":false,"template":"","format":"standard","meta":[],"categories":[2],"tags":[],"_links":{"self":[{"href":"https:\/\/parafiasmardzewo.pl\/index.php?rest_route=\/wp\/v2\/posts\/8023"}],"collection":[{"href":"https:\/\/parafiasmardzewo.pl\/index.php?rest_route=\/wp\/v2\/posts"}],"about":[{"href":"https:\/\/parafiasmardzewo.pl\/index.php?rest_route=\/wp\/v2\/types\/post"}],"author":[{"embeddable":true,"href":"https:\/\/parafiasmardzewo.pl\/index.php?rest_route=\/wp\/v2\/users\/2"}],"replies":[{"embeddable":true,"href":"https:\/\/parafiasmardzewo.pl\/index.php?rest_route=%2Fwp%2Fv2%2Fcomments&post=8023"}],"version-history":[{"count":1,"href":"https:\/\/parafiasmardzewo.pl\/index.php?rest_route=\/wp\/v2\/posts\/8023\/revisions"}],"predecessor-version":[{"id":8024,"href":"https:\/\/parafiasmardzewo.pl\/index.php?rest_route=\/wp\/v2\/posts\/8023\/revisions\/8024"}],"wp:featuredmedia":[{"embeddable":true,"href":"https:\/\/parafiasmardzewo.pl\/index.php?rest_route=\/wp\/v2\/media\/6301"}],"wp:attachment":[{"href":"https:\/\/parafiasmardzewo.pl\/index.php?rest_route=%2Fwp%2Fv2%2Fmedia&parent=8023"}],"wp:term":[{"taxonomy":"category","embeddable":true,"href":"https:\/\/parafiasmardzewo.pl\/index.php?rest_route=%2Fwp%2Fv2%2Fcategories&post=8023"},{"taxonomy":"post_tag","embeddable":true,"href":"https:\/\/parafiasmardzewo.pl\/index.php?rest_route=%2Fwp%2Fv2%2Ftags&post=8023"}],"curies":[{"name":"wp","href":"https:\/\/api.w.org\/{rel}","templated":true}]}}