{"id":8038,"date":"2022-05-28T21:49:07","date_gmt":"2022-05-28T19:49:07","guid":{"rendered":"http:\/\/parafiasmardzewo.pl\/?p=8038"},"modified":"2022-05-28T22:34:00","modified_gmt":"2022-05-28T20:34:00","slug":"wniebowstapienie-panskie-29-maja-2022","status":"publish","type":"post","link":"https:\/\/parafiasmardzewo.pl\/?p=8038","title":{"rendered":"WNIEBOWST\u0104PIENIE PA\u0143SKIE &#8211; 29 maja 2022"},"content":{"rendered":"<p><strong>OG\u0141OSZENIA DUSZPASTERSKIE<\/strong><\/p>\n<ol>\n<li>Dzi\u015b przypada uroczysto\u015b\u0107 Wniebowst\u0105pienia Pa\u0144skiego. Dzieci z kl. IV, na Mszy \u015awi\u0119tej o godz. 10.45 Odnowi\u0105 Przyrzeczenia Chrztu \u015awi\u0119tego. Do czwartku w\u0142\u0105cznie zapraszam dzieci na Msz\u0119 \u015awi\u0119t\u0105 na godz. 18.00. Rodzice i dzieci kupili dla parafii jako dar o\u0142tarza \u2013 naczynie do oleju, kt\u00f3rego u\u017cywamy przy chrzcie dzieci.\u00a0 Serdeczne B\u00f3g zap\u0142a\u0107.\u00a0 Dzi\u0119kuj\u0119 r\u00f3wnie\u017c rodzicom \u00a0za kwiaty i udekorowanie o\u0142tarzy.<\/li>\n<li>W ostatnim czasie zosta\u0142 odnowiony krzy\u017c procesyjny, kt\u00f3ry jest umieszczony obok o\u0142tarza. Ofiary na renowacje krzy\u017ca z\u0142o\u017cyli rodzice, kt\u00f3rych dzieci przyst\u0105pi\u0142y w tym roku do Pierwszej Komunii \u015awi\u0119tej (kl. III) i dzieci, kt\u00f3re odnawiaj\u0105 przyrzeczenia chrztu \u015bwi\u0119tego (kl. IV). Sk\u0142adam darczy\u0144com serdeczne podzi\u0119kowanie za ten pi\u0119kny dar o\u0142tarza.<\/li>\n<li>Codziennie przygotowujemy si\u0119 do uroczysto\u015bci Zes\u0142ania Ducha \u015awi\u0119tego przez nowenn\u0119, kt\u00f3r\u0105 odmawiamy po Mszy \u015awi\u0119tej o godz. 18.00.<\/li>\n<li>We wtorek, 31 maja, przypada liturgiczne \u015bwi\u0119to Nawiedzenia Naj\u015bwi\u0119tszej Maryi Panny. B\u0119dziemy wpatrywali si\u0119 w Maryj\u0119, kt\u00f3ra spieszy do swojej krewnej El\u017cbiety, b\u0119dziemy prosili o wra\u017cliwo\u015b\u0107 na potrzeby innych dla wszystkich uczni\u00f3w Chrystusa.<\/li>\n<li>W \u015brod\u0119, 1 czerwca, przypada Mi\u0119dzynarodowy Dzie\u0144 Dziecka. Zapraszam na Msz\u0119 \u015awi\u0119t\u0105 o godz. 18.00, w czasie kt\u00f3rej b\u0119dziemy modli\u0107 si\u0119 za wszystkie dzieci, aby wzrasta\u0142y w \u0142asce Bo\u017cej, m\u0105dro\u015bci i by\u0142y otaczane mi\u0142o\u015bci\u0105 i trosk\u0105 przez swoich rodzic\u00f3w.<\/li>\n<li>Rozpoczynamy miesi\u0105c czerwiec, kt\u00f3ry po\u015bwi\u0119cony jest Naj\u015bwi\u0119tszemu Sercu Pana Jezusa. Nabo\u017ce\u0144stwo czerwcowe ze \u015bpiewem Litanii do Serca Pana Jezusa codziennie o godz. 18.00. Serdecznie zapraszam na wsp\u00f3ln\u0105 modlitw\u0119.<\/li>\n<li>W \u015brod\u0119 na godz. 18.45 zapraszam kandydat\u00f3w do bierzmowania na spotkanie.<\/li>\n<li>W tym tygodniu przypada pierwszy czwartek, pierwszy pi\u0105tek i pierwsza sobota miesi\u0105ca:\u00a0 \u00a0 \u00a0 \u00a0 \u00a0 \u00a0 \u00a0 \u00a0 \u00a0 \u00a0 \u00a0 \u00a0 \u00a0 \u00a0 \u00a0 \u00a0 \u00a0 &#8211; w czwartek modlitwa o u\u015bwi\u0119cenie kap\u0142an\u00f3w oraz nowe powo\u0142ania o\u00a0 godz. 18.00; &#8211; w pi\u0105tek nabo\u017ce\u0144stwo do Naj\u015bwi\u0119tszego Serca Pana Jezusa o godz. 18.30; spowied\u017a \u015bwi\u0119ta od godz. 17.30; &#8211; w sobot\u0119 nabo\u017ce\u0144stwo ku czci Matki Naj\u015bwi\u0119tszej przed Eucharysti\u0105 o godz. 9.00 i po Mszy \u015awi\u0119tej o godz.\u00a0 18.00.<\/li>\n<\/ol>\n<ol start=\"8\">\n<li>W najbli\u017csz\u0105 niedziel\u0119, 5 czerwca przypada uroczysto\u015b\u0107 Zes\u0142ania Ducha \u015awi\u0119tego. W naszej parafii jest to uroczysto\u015b\u0107 odpustowa.\u00a0 <strong>Msze \u015awi\u0119te za tydzie\u0144 b\u0119d\u0105 sprawowane o godz. 9.00 \u2013 12.00 \u2013 17.00.<\/strong> \u015awi\u0119towanie rozpoczniemy ju\u017c\u00a0 Msz\u0105 wigilii Zes\u0142ania Ducha \u015awi\u0119tego w sobot\u0119 o godz. 18.00. \u00a0Szczeg\u00f3\u0142owy program jest umieszczony na stronie internetowej naszej parafii i w kruchcie ko\u015bcio\u0142a. Uroczysto\u015b\u0107 Zes\u0142ania Ducha \u015awi\u0119tego ko\u0144czy okres Wielkanocy.<\/li>\n<li>Za tydzie\u0144 b\u0119dzie to jednocze\u015bnie pierwsza niedziela czerwca, kt\u00f3ra obchodzona jest jako Dzie\u0144 Dzi\u0119kczynienia.<\/li>\n<li>Zach\u0119cam do nabycia prasy katolickiej.<\/li>\n<li>Wszystkim solenizantom i jubilatom nadchodz\u0105cego tygodnia \u017cyczymy opieki Matki Bo\u017cej i wiernego trwania przy Chrystusie.<\/li>\n<\/ol>\n","protected":false},"excerpt":{"rendered":"<p>OG\u0141OSZENIA DUSZPASTERSKIE Dzi\u015b przypada uroczysto\u015b\u0107 Wniebowst\u0105pienia Pa\u0144skiego. Dzieci z kl. IV, na Mszy \u015awi\u0119tej o godz. 10.45 Odnowi\u0105 Przyrzeczenia Chrztu \u015awi\u0119tego. Do czwartku w\u0142\u0105cznie zapraszam dzieci na Msz\u0119 \u015awi\u0119t\u0105 na godz. 18.00. Rodzice i dzieci kupili dla parafii jako dar o\u0142tarza \u2013 naczynie do oleju, kt\u00f3rego u\u017cywamy przy chrzcie dzieci.\u00a0 Serdeczne B\u00f3g zap\u0142a\u0107.\u00a0 Dzi\u0119kuj\u0119 r\u00f3wnie\u017c &hellip; <\/p>\n<p><a class=\"more-link btn\" href=\"https:\/\/parafiasmardzewo.pl\/?p=8038\">Kontynuuj czytanie<\/a><\/p>\n","protected":false},"author":2,"featured_media":6301,"comment_status":"open","ping_status":"open","sticky":false,"template":"","format":"standard","meta":[],"categories":[2],"tags":[],"_links":{"self":[{"href":"https:\/\/parafiasmardzewo.pl\/index.php?rest_route=\/wp\/v2\/posts\/8038"}],"collection":[{"href":"https:\/\/parafiasmardzewo.pl\/index.php?rest_route=\/wp\/v2\/posts"}],"about":[{"href":"https:\/\/parafiasmardzewo.pl\/index.php?rest_route=\/wp\/v2\/types\/post"}],"author":[{"embeddable":true,"href":"https:\/\/parafiasmardzewo.pl\/index.php?rest_route=\/wp\/v2\/users\/2"}],"replies":[{"embeddable":true,"href":"https:\/\/parafiasmardzewo.pl\/index.php?rest_route=%2Fwp%2Fv2%2Fcomments&post=8038"}],"version-history":[{"count":8,"href":"https:\/\/parafiasmardzewo.pl\/index.php?rest_route=\/wp\/v2\/posts\/8038\/revisions"}],"predecessor-version":[{"id":8048,"href":"https:\/\/parafiasmardzewo.pl\/index.php?rest_route=\/wp\/v2\/posts\/8038\/revisions\/8048"}],"wp:featuredmedia":[{"embeddable":true,"href":"https:\/\/parafiasmardzewo.pl\/index.php?rest_route=\/wp\/v2\/media\/6301"}],"wp:attachment":[{"href":"https:\/\/parafiasmardzewo.pl\/index.php?rest_route=%2Fwp%2Fv2%2Fmedia&parent=8038"}],"wp:term":[{"taxonomy":"category","embeddable":true,"href":"https:\/\/parafiasmardzewo.pl\/index.php?rest_route=%2Fwp%2Fv2%2Fcategories&post=8038"},{"taxonomy":"post_tag","embeddable":true,"href":"https:\/\/parafiasmardzewo.pl\/index.php?rest_route=%2Fwp%2Fv2%2Ftags&post=8038"}],"curies":[{"name":"wp","href":"https:\/\/api.w.org\/{rel}","templated":true}]}}