{"id":8045,"date":"2022-05-28T22:03:02","date_gmt":"2022-05-28T20:03:02","guid":{"rendered":"http:\/\/parafiasmardzewo.pl\/?p=8045"},"modified":"2022-05-28T22:03:02","modified_gmt":"2022-05-28T20:03:02","slug":"list-pasterski-z-okazji-xv-rocznicy-objecia-poslugi-pasterza-kosciola-plockiego","status":"publish","type":"post","link":"https:\/\/parafiasmardzewo.pl\/?p=8045","title":{"rendered":"LIST PASTERSKI Z OKAZJI XV ROCZNICY OBJ\u0118CIA POS\u0141UGI PASTERZA KO\u015aCIO\u0141A P\u0141OCKIEGO"},"content":{"rendered":"<p><strong>\u00a0 \u00a0 \u00a0 \u00a0 \u00a0 \u00a0 \u00a0 \u00a0 \u00a0 \u00a0 \u00a0 \u00a0 \u00a0 \u00a0 <\/strong><strong>Umi\u0142owani Diecezjanie,\u00a0\u00a0\u00a0\u00a0\u00a0\u00a0\u00a0\u00a0\u00a0\u00a0\u00a0\u00a0\u00a0\u00a0\u00a0\u00a0\u00a0\u00a0\u00a0\u00a0\u00a0\u00a0\u00a0\u00a0\u00a0\u00a0\u00a0\u00a0\u00a0\u00a0\u00a0\u00a0\u00a0\u00a0\u00a0\u00a0\u00a0\u00a0\u00a0\u00a0\u00a0\u00a0\u00a0\u00a0\u00a0\u00a0\u00a0\u00a0\u00a0\u00a0\u00a0\u00a0\u00a0\u00a0\u00a0\u00a0\u00a0\u00a0\u00a0\u00a0\u00a0\u00a0\u00a0\u00a0\u00a0\u00a0\u00a0\u00a0\u00a0\u00a0\u00a0\u00a0\u00a0\u00a0\u00a0\u00a0\u00a0\u00a0\u00a0\u00a0\u00a0\u00a0\u00a0\u00a0\u00a0\u00a0\u00a0\u00a0\u00a0\u00a0 \u00a0\u00a0\u00a0\u00a0\u00a0\u00a0\u00a0\u00a0\u00a0\u00a0\u00a0\u00a0\u00a0\u00a0\u00a0\u00a0\u00a0\u00a0\u00a0\u00a0\u00a0\u00a0\u00a0\u00a0\u00a0\u00a0\u00a0\u00a0\u00a0\u00a0\u00a0<\/strong><\/p>\n<ol>\n<li>W\u00a0najbli\u017cszy wtorek, w\u00a0\u015awi\u0119to Nawiedzenia Naj\u015bwi\u0119tszej Maryi Panny, minie 15 lat od\u00a0dnia, w\u00a0kt\u00f3rym odby\u0142em ingres do\u00a0naszej Bazyliki Katedralnej i\u00a0rozpocz\u0105\u0142em pos\u0142ug\u0119 Pasterza Ko\u015bcio\u0142a P\u0142ockiego. Z\u00a0tej okazji dzisiaj, w\u00a0Uroczysto\u015b\u0107 Wniebowst\u0105pienia Pa\u0144skiego, pragn\u0119 wyrazi\u0107 Wam wszystkim moj\u0105 wdzi\u0119czno\u015b\u0107 za\u00a0lata wsp\u00f3lnej drogi szlakiem \u2013 jak s\u0142yszeli\u015bmy w\u00a0drugim Czytaniu \u2013 <strong>\u201eniewzruszonej nadziei\u201d,<\/strong> danej ludzko\u015bci w\u00a0Krzy\u017cu, Zmartwychwstaniu i\u00a0Wniebowst\u0105pieniu Jezusa Chrystusa. Wdzi\u0119czno\u015b\u0107, wyrastaj\u0105ca z\u00a0g\u0142\u0119bokiej \u015bwiadomo\u015bci obdarowania Jego mi\u0142o\u015bci\u0105, stanowi fundament powo\u0142ania ka\u017cdego biskupa i\u00a0kap\u0142ana. Jest ona postaw\u0105, kt\u00f3r\u0105 nazywaj\u0105 <strong>\u201epami\u0119ci\u0105 serca\u201d.<\/strong> I\u00a0w\u0142a\u015bnie o\u00a0tej pami\u0119ci serca chc\u0119 Was tym listem z\u00a0g\u0142\u0119bi duszy zapewni\u0107.<\/li>\n<li>W\u00a0przeddzie\u0144 ingresu, kt\u00f3ry mia\u0142 miejsce 31 maja 2007 roku, uda\u0142em si\u0119 do\u00a0by\u0142ego niemieckiego obozu \u015bmierci w\u00a0Dzia\u0142dowie, miejsca m\u0119cze\u0144stwa moich b\u0142ogos\u0142awionych poprzednik\u00f3w \u2013 biskup\u00f3w m\u0119czennik\u00f3w <strong>Antoniego Juliana Nowowiejskiego i\u00a0Leona Wetma\u0144skiego. <\/strong>Chcia\u0142em w\u00a0ten spos\u00f3b wyrazi\u0107 pragnienie, \u017ce chc\u0119 by\u0107 po\u015br\u00f3d Was \u015bwiadkiem i\u00a0pasterzem na\u00a0ich wz\u00f3r. Nast\u0119pnie skierowa\u0142em swe kroki do\u00a0Sanktuarium Mi\u0142osierdzia Bo\u017cego przy\u00a0Starym Rynku w\u00a0P\u0142ocku, gdzie \u015bw. Siostra Faustyna otrzyma\u0142a dar objawienia znanego na\u00a0ca\u0142ym \u015bwiecie Obrazu Jezusa Mi\u0142osiernego. Jaka to rado\u015b\u0107 mie\u0107 w\u00a0Diecezji takie miejsce! Jakie szcz\u0119\u015bcie bra\u0107 co dzie\u0144 do\u00a0r\u0119ki r\u00f3\u017caniec i\u00a0odmawia\u0107 z\u00a0Wami i\u00a0za\u00a0Was koronk\u0119 do\u00a0Bo\u017cego Mi\u0142osierdzia! Jak nie by\u0107 wdzi\u0119cznym Dobremu Bogu za\u00a0\u015bw. Siostr\u0119 Faustyn\u0119 i\u00a0za\u00a0t\u0119 prost\u0105 modlitw\u0119, kt\u00f3r\u0105 chyba wszyscy w\u00a0naszej Diecezji znamy: <strong>\u201eDla Jego bolesnej M\u0119ki miej mi\u0142osierdzie dla nas i\u00a0\u015bwiata ca\u0142ego!\u201d <\/strong>To w\u0142a\u015bnie dlatego 22 lutego 2011 roku, w\u00a080. rocznic\u0119 tego pami\u0119tnego p\u0142ockiego objawienia, zmieni\u0142em m\u00f3j herb biskupi, umieszczaj\u0105c w\u00a0nim wizerunek Jezusa Mi\u0142osiernego i\u00a0zawo\u0142anie: Jesu, in Te confido \u2013 Deus Caritas est <strong>\u2013 \u201eJezu, ufam Tobie \u2013 B\u00f3g jest<\/strong> <strong>Mi\u0142o\u015bci\u0105\u201d.<\/strong><\/li>\n<li><strong>\u201eJezu, ufam Tobie!\u201d<\/strong> Z\u00a0t\u0105 ufno\u015bci\u0105 w\u00a0minionych latach przyjmowali\u015bmy w\u00a0naszych parafiach Matk\u0119 Naj\u015bwi\u0119tsz\u0105 w\u00a0Jej Jasnog\u00f3rskim Obrazie; obchodzili\u015bmy \u2013 a\u00a0wraz z\u00a0nami ca\u0142y Ko\u015bci\u00f3\u0142 w\u00a0Polsce \u2013 Rok \u015aw. Stanis\u0142awa Kostki; odprawiali\u015bmy 43. Synod Diecezjalny; go\u015bcili\u015bmy z\u00a0okazji \u015awiatowych dni M\u0142odzie\u017cy w\u00a0Krakowie setki m\u0142odych ludzi z\u00a0wielu kraj\u00f3w \u015bwiata; cieszyli\u015bmy si\u0119 darem nowego biskupa pomocniczego \u2013\u00a0ksi\u0119dza biskupa Miros\u0142awa i\u00a0niema\u0142\u0105 liczb\u0105 nowo wy\u015bwi\u0119conych kap\u0142an\u00f3w; powo\u0142ywali\u015bmy w\u00a0P\u0142ocku do\u00a0istnienia M\u0142odzie\u017cowe Centrum Edukacyjno-Wychowawcze \u201eStudnia\u201d, katolick\u0105 szko\u0142\u0119 podstawow\u0105 i\u00a0liceum, a\u00a0w\u00a0Sikorzu Dom Seniora \u201eLeonianum\u201d. A\u00a0ile dobra dzia\u0142o si\u0119 w\u00a0tym czasie w\u00a0naszych parafiach, rodzinach i\u00a0wsp\u00f3lnotach wiary, w\u00a0Seminarium i\u00a0w\u00a0mediach, na\u00a0niwie katechezy i\u00a0ekumenizmu!<\/li>\n<li>Owszem, by\u0142y i\u00a0trudne do\u015bwiadczenia, jak cho\u0107by lata pandemii. Czy nie objawi\u0142y one jednak, jak wa\u017cna w\u00a0\u017cyciu jest oddana, uczciwa s\u0142u\u017cba tzw. zwyk\u0142ych ludzi, kompetentne \u2013 130 zarz\u0105dzanie i\u00a0p\u0142yn\u0105ca z\u00a0wiary w\u00a0Chrystusa nadzieja? Ile, ilu spo\u015br\u00f3d Was odnalaz\u0142o w\u00a0tym dramatycznym czasie zapomniane modlitwy, dostrzeg\u0142o g\u0142\u0119bokie programy ewangelizacyjne w\u00a0mediach, odkry\u0142o liturgi\u0119 domow\u0105? Prosz\u0119 Was, bardzo prosz\u0119 \u2013 teraz jednak powracajmy na\u00a0Eucharysti\u0119 do\u00a0naszych \u015bwi\u0105ty\u0144! Od\u00a0Mszy \u015awi\u0119tej nigdy nie wolno si\u0119 odzwyczai\u0107! Inne trudne do\u015bwiadczenie dzisiaj, to dramat wojny, tocz\u0105cej si\u0119 za\u00a0naszymi granicami \u2013\u00a0wojny wywo\u0142anej przez nikczemn\u0105 napa\u015b\u0107 Rosji na\u00a0Ukrain\u0119. I\u00a0znowu, jak wiele by\u0142o, jest szlachetnych odruch\u00f3w serca w\u00a0tym trudnym czasie! Jak pi\u0119knie, po\u00a0Bo\u017cemu, nauczyli\u015bmy si\u0119 pomaga\u0107 naszym Pobratymcom i\u00a0Go\u015bciom, jedna\u0107 z\u00a0nimi, rozumie\u0107 ich! Dzi\u0119kuj\u0119!<\/li>\n<li>To wszystko pozwala z\u00a0nadziej\u0105 spogl\u0105da\u0107 w\u00a0przysz\u0142o\u015b\u0107 Ko\u015bcio\u0142a naszej Diecezji. Dzisiejsze s\u0142owo Bo\u017ce wskazuje kierunek tej drogi nadziei: Jezus \u017cegna si\u0119 z\u00a0uczniami, a\u00a0oni pytaj\u0105 Go, czy wraz z\u00a0Zes\u0142aniem Ducha \u015awi\u0119tego przywr\u00f3ci <strong>\u201ekr\u00f3lestwo Izraela\u201d,<\/strong> sprawi, \u017ce b\u0119dzie ono jak inne imperia. Pami\u0119tajcie, zdaje si\u0119 odpowiada\u0107 Pan: b\u0119dziecie \u017cyli w\u00a0tym \u015bwiecie, ale nie jeste\u015bcie ze \u015bwiata. To si\u0119, Umi\u0142owani, sprawdzi\u0142o i\u00a0wci\u0105\u017c si\u0119 sprawdza. Kiedy\u015b \u015bwiat \u2013 tak\u017ce tu w\u00a0Polsce \u2013 otwarcie walczy\u0142 z\u00a0Bogiem. Dzisiaj uderzono w\u00a0delikatn\u0105 tkank\u0119 ludzkiej mi\u0142o\u015bci, w\u00a0ma\u0142\u017ce\u0144stwo, w\u00a0rodzin\u0119, w\u00a0wychowanie potomstwa. I\u00a0dlatego \u015bwiadectwo w\u00a0tych sprawach jest tak wa\u017cne. B\u0105d\u017acie, prosz\u0119, wierni ma\u0142\u017ce\u0144skiej obr\u0105czce! Zachowujcie pami\u0119\u0107 o\u00a0matkach i\u00a0ojcach, o\u00a0wiernych Bogu i\u00a0Ojczy\u017anie Polakach, a\u00a0w\u015br\u00f3d nich szczeg\u00f3lnie o\u00a0\u015bw. Janie Pawle II\u00a0papie\u017cu Rodziny! Nie zast\u0119pujcie, prosz\u0119, wychowania grami komputerowymi. Nie dajcie kilkuletnim dzieciom smartfona, ale wprowadzajcie je w\u00a0szeroki \u015bwiat, bawi\u0105c si\u0119 z\u00a0nimi, rozmawiaj\u0105c, pokazuj\u0105c jego pi\u0119kno, wprawiaj\u0105c w\u00a0modlitw\u0119. Uczcie m\u0142odzie\u017c odpowiedzialno\u015bci, uczcie wierno\u015bci najwy\u017cszym idea\u0142om, uczcie trzech prostych s\u0142\u00f3w: <strong>\u201eprosz\u0119 \u2013 dzi\u0119kuj\u0119 \u2013 przepraszam\u201d.<\/strong> Niech na\u00a0pr\u00f3\u017cno\u015b\u0107, s\u0105cz\u0105c\u0105 si\u0119 z\u00a0medi\u00f3w, m\u0142ody cz\u0142owiek znajduje odtrutk\u0119 w\u00a0Waszej prostocie; na\u00a0wszechobecn\u0105 erotyzacj\u0119 \u2013 w\u00a0ukazywanych mu wzorach czysto\u015bci i\u00a0wierno\u015bci; na\u00a0materializm i\u00a0agresj\u0119 niech znajduje umocnienie w\u00a0rodzinnej szkole duchowo\u015bci i\u00a0mi\u0142o\u015bci; na\u00a0ci\u0119\u017ckie grzechy niekt\u00f3rych ludzi Ko\u015bcio\u0142a \u2013 w\u00a0Waszej prawdziwej wierze i\u00a0\u015bwiadectwie. Tak buduje si\u0119 kr\u00f3lestwo Bo\u017ce, kr\u00f3lestwo sprawiedliwo\u015bci, mi\u0142o\u015bci, pokoju i\u00a0prawdy, kt\u00f3re zapocz\u0105tkowa\u0142 nasz Pan i\u00a0Mistrz.<\/li>\n<li>Jeszcze jedn\u0105 wskaz\u00f3wk\u0119 daje nam dzisiejsze s\u0142owo Bo\u017ce: kiedy uczniowie uporczywie wpatruj\u0105 si\u0119 we wst\u0119puj\u0105cego do\u00a0nieba Jezusa, przyst\u0119puj\u0105 do\u00a0nich dwaj anio\u0142owie, m\u00f3wi\u0105c: <strong>\u201eM\u0119\u017cowie z\u00a0Galilei, dlaczego stoicie i\u00a0wpatrujecie si\u0119 w\u00a0niebo? Ten Jezus, wzi\u0119ty od\u00a0was do\u00a0nieba, przyjdzie tak samo, jak widzieli\u015bcie Go wst\u0119puj\u0105cego do\u00a0nieba\u201d. <\/strong>Anielskie s\u0142owa, obok niew\u0105tpliwego szacunku dla Aposto\u0142\u00f3w, nazwanych uroczy\u015bcie <strong>\u201em\u0119\u017cami z\u00a0Galilei\u201d,<\/strong> zawieraj\u0105 pouczenie: bezczynne czekanie na\u00a0niewiele si\u0119 przyda. Nic tak nie odpycha od\u00a0wiary, jak <strong>\u201ewiara od\u00a0\u015bwi\u0119ta\u201d,<\/strong> kt\u00f3ra nie znajduje prze\u0142o\u017cenia w\u00a0codzienno\u015bci \u2013 w\u00a0wierno\u015bci Bogu i\u00a0w\u00a0pomocy bli\u017aniemu, w\u00a0rzetelnej, uczciwej pracy. Wymownym znakiem tego by\u0142a tegoroczna Droga Krzy\u017cowa z\u00a0papie\u017cem Franciszkiem w\u00a0rzymskim Koloseum. Jak zapewne pami\u0119tacie, napisanie rozwa\u017ca\u0144 do\u00a0niej Ojciec \u015bwi\u0119ty powierzy\u0142 chrze\u015bcija\u0144skim rodzinom. Jedno z\u00a0nich u\u0142o\u017cy\u0142 m\u0119\u017cczyzna, kt\u00f3rego \u017cona ci\u0119\u017cko zachorowa\u0142a. Pewnego poranka \u2013 napisa\u0142 ten w\u0142oski katolik \u2013 moja \u017cona dwukrotnie zemdla\u0142a. By\u0142a kochana, mia\u0142a swoj\u0105 pozycj\u0119\u2026 A\u00a0teraz zosta\u0142a pozbawiona wszystkiego \u2013\u00a0lekarze odkryli chorob\u0119, kt\u00f3ra od\u00a0dawna s\u0105czy\u0142a trucizn\u0119 do\u00a0jej g\u0142owy. Ja z\u00a0kolei, do\u00a0tej pory tak uparcie dumny, dopiero w\u00a0tej chwili odkry\u0142em, jakim darem s\u0105 inni. S\u0105 w\u015br\u00f3d nich tacy, kt\u00f3rzy pr\u00f3buj\u0105 ci\u0119 rozweseli\u0107; kt\u00f3rzy potrafi\u0105 pom\u00f3c w\u00a0kuchni; kt\u00f3rzy zabieraj\u0105 nasze dzieci na\u00a0katechez\u0119; kt\u00f3rzy potrafi\u0105 wys\u0142ucha\u0107; kt\u00f3rzy rozumiej\u0105 ci\u0119 jednym spojrzeniem; kt\u00f3rzy cho\u0107 sami nie maj\u0105 \u0142atwo, nieustannie si\u0119 o\u00a0ciebie martwi\u0105.<\/li>\n<li>Tw\u00f3rzmy, Umi\u0142owani, taki Ko\u015bci\u00f3\u0142, kt\u00f3ry nie b\u0119dzie instytucj\u0105 za\u0142atwiaj\u0105c\u0105 interesant\u00f3w, ale mi\u0142osiernym Samarytaninem, kt\u00f3ry czyni si\u0119 bli\u017anim poranionego cz\u0142owieka. Ko\u015bci\u00f3\u0142, w kt\u00f3rym nauczycielka, biznesmen, gospodarz, rzemie\u015blnik, lekarz i adwokat, wyznaje Jezusa Chrystusa jako odpowied\u017a na g\u0142\u00f3d cz\u0142owieka, aby by\u0107 kochanym i wolnym, aby \u2013 131 prze\u017cy\u0107 przebaczenie i pojednanie. Ko\u015bci\u00f3\u0142, w kt\u00f3rym nie brakuje ksi\u0119\u017cy, g\u0142osz\u0105cych Ewangeli\u0119 z radosnym i pe\u0142nym wdzi\u0119czno\u015bci obliczem \u015bwiadka! Ko\u015bci\u00f3\u0142 ludzi \u015bwieckich, kt\u00f3rzy \u017cyj\u0105 na co dzie\u0144 wiar\u0105, o wierze \u015bwiadcz\u0105 i do wiary wychowuj\u0105! Ko\u015bci\u00f3\u0142 \u017cywy, budz\u0105cy nadziej\u0119 na niebo, kt\u00f3re zaczyna si\u0119 ju\u017c tutaj! Z nieustann\u0105 wiar\u0105 w taki Ko\u015bci\u00f3\u0142 z serca Wam b\u0142ogos\u0142awi\u0119 w imi\u0119 Ojca i Syna, i Ducha \u015awi\u0119tego. Amen.\u00a0 \u00a0 \u00a0 \u00a0 \u00a0 \u00a0 \u00a0 \u00a0 \u00a0 \u00a0 \u00a0 \u00a0 \u00a0 \u00a0 \u00a0 \u00a0 \u00a0 \u00a0 \u00a0 \u00a0 \u00a0 \u00a0 \u00a0 \u00a0 \u00a0 \u00a0 \u00a0 \u00a0 \u00a0 \u00a0 \u00a0 \u00a0 \u00a0 \u00a0 \u00a0 \u00a0 \u00a0 \u00a0 \u00a0 \u00a0 \u00a0 \u00a0 \u00a0 \u00a0 \u00a0 \u00a0 \u00a0 \u00a0 \u00a0 \u00a0 \u00a0 \u00a0 \u00a0 \u00a0 \u00a0 \u00a0 \u00a0 \u00a0 \u00a0 \u00a0 \u00a0 \u00a0 \u00a0 \u00a0 \u00a0 \u00a0 \u00a0 \u00a0Wasz biskup Piotr P\u0142ock, dnia 29 maja 2022 r.<\/li>\n<\/ol>\n","protected":false},"excerpt":{"rendered":"<p>\u00a0 \u00a0 \u00a0 \u00a0 \u00a0 \u00a0 \u00a0 \u00a0 \u00a0 \u00a0 \u00a0 \u00a0 \u00a0 \u00a0 Umi\u0142owani Diecezjanie,\u00a0\u00a0\u00a0\u00a0\u00a0\u00a0\u00a0\u00a0\u00a0\u00a0\u00a0\u00a0\u00a0\u00a0\u00a0\u00a0\u00a0\u00a0\u00a0\u00a0\u00a0\u00a0\u00a0\u00a0\u00a0\u00a0\u00a0\u00a0\u00a0\u00a0\u00a0\u00a0\u00a0\u00a0\u00a0\u00a0\u00a0\u00a0\u00a0\u00a0\u00a0\u00a0\u00a0\u00a0\u00a0\u00a0\u00a0\u00a0\u00a0\u00a0\u00a0\u00a0\u00a0\u00a0\u00a0\u00a0\u00a0\u00a0\u00a0\u00a0\u00a0\u00a0\u00a0\u00a0\u00a0\u00a0\u00a0\u00a0\u00a0\u00a0\u00a0\u00a0\u00a0\u00a0\u00a0\u00a0\u00a0\u00a0\u00a0\u00a0\u00a0\u00a0\u00a0\u00a0\u00a0\u00a0\u00a0\u00a0\u00a0\u00a0 \u00a0\u00a0\u00a0\u00a0\u00a0\u00a0\u00a0\u00a0\u00a0\u00a0\u00a0\u00a0\u00a0\u00a0\u00a0\u00a0\u00a0\u00a0\u00a0\u00a0\u00a0\u00a0\u00a0\u00a0\u00a0\u00a0\u00a0\u00a0\u00a0\u00a0\u00a0 W\u00a0najbli\u017cszy wtorek, w\u00a0\u015awi\u0119to Nawiedzenia Naj\u015bwi\u0119tszej Maryi Panny, minie 15 lat od\u00a0dnia, w\u00a0kt\u00f3rym odby\u0142em ingres do\u00a0naszej Bazyliki Katedralnej i\u00a0rozpocz\u0105\u0142em pos\u0142ug\u0119 Pasterza Ko\u015bcio\u0142a P\u0142ockiego. Z\u00a0tej okazji dzisiaj, w\u00a0Uroczysto\u015b\u0107 Wniebowst\u0105pienia Pa\u0144skiego, pragn\u0119 wyrazi\u0107 Wam wszystkim moj\u0105 wdzi\u0119czno\u015b\u0107 za\u00a0lata wsp\u00f3lnej drogi szlakiem &hellip; <\/p>\n<p><a class=\"more-link btn\" href=\"https:\/\/parafiasmardzewo.pl\/?p=8045\">Kontynuuj czytanie<\/a><\/p>\n","protected":false},"author":2,"featured_media":6914,"comment_status":"open","ping_status":"open","sticky":false,"template":"","format":"standard","meta":[],"categories":[6],"tags":[],"_links":{"self":[{"href":"https:\/\/parafiasmardzewo.pl\/index.php?rest_route=\/wp\/v2\/posts\/8045"}],"collection":[{"href":"https:\/\/parafiasmardzewo.pl\/index.php?rest_route=\/wp\/v2\/posts"}],"about":[{"href":"https:\/\/parafiasmardzewo.pl\/index.php?rest_route=\/wp\/v2\/types\/post"}],"author":[{"embeddable":true,"href":"https:\/\/parafiasmardzewo.pl\/index.php?rest_route=\/wp\/v2\/users\/2"}],"replies":[{"embeddable":true,"href":"https:\/\/parafiasmardzewo.pl\/index.php?rest_route=%2Fwp%2Fv2%2Fcomments&post=8045"}],"version-history":[{"count":1,"href":"https:\/\/parafiasmardzewo.pl\/index.php?rest_route=\/wp\/v2\/posts\/8045\/revisions"}],"predecessor-version":[{"id":8046,"href":"https:\/\/parafiasmardzewo.pl\/index.php?rest_route=\/wp\/v2\/posts\/8045\/revisions\/8046"}],"wp:featuredmedia":[{"embeddable":true,"href":"https:\/\/parafiasmardzewo.pl\/index.php?rest_route=\/wp\/v2\/media\/6914"}],"wp:attachment":[{"href":"https:\/\/parafiasmardzewo.pl\/index.php?rest_route=%2Fwp%2Fv2%2Fmedia&parent=8045"}],"wp:term":[{"taxonomy":"category","embeddable":true,"href":"https:\/\/parafiasmardzewo.pl\/index.php?rest_route=%2Fwp%2Fv2%2Fcategories&post=8045"},{"taxonomy":"post_tag","embeddable":true,"href":"https:\/\/parafiasmardzewo.pl\/index.php?rest_route=%2Fwp%2Fv2%2Ftags&post=8045"}],"curies":[{"name":"wp","href":"https:\/\/api.w.org\/{rel}","templated":true}]}}