{"id":8049,"date":"2022-06-04T22:23:36","date_gmt":"2022-06-04T20:23:36","guid":{"rendered":"http:\/\/parafiasmardzewo.pl\/?p=8049"},"modified":"2022-06-04T22:23:48","modified_gmt":"2022-06-04T20:23:48","slug":"zeslanie-ducha-swietego-5-czerwca-2022-roku","status":"publish","type":"post","link":"https:\/\/parafiasmardzewo.pl\/?p=8049","title":{"rendered":"ZES\u0141ANIE DUCHA \u015aWI\u0118TEGO &#8211; 5 czerwca 2022 roku"},"content":{"rendered":"<p><strong>OG\u0141OSZENIA DUSZPASTERSKIE<\/strong><\/p>\n<ol>\n<li>Dzi\u015b wraz z ca\u0142ym Ko\u015bcio\u0142em obchodzimy uroczysto\u015b\u0107 Zes\u0142ania Ducha \u015awi\u0119tego. Wspominamy dzie\u0144, kiedy na zgromadzonych w Wieczerniku Aposto\u0142\u00f3w zst\u0105pi\u0142 Duch \u015awi\u0119ty pod postaci\u0105 ognistych j\u0119zyk\u00f3w. Dzi\u0119ki Jego mocy uczniowie wyszli z Wieczernika, aby g\u0142osi\u0107 ca\u0142emu \u015bwiatu or\u0119dzie zbawienia. Dzi\u015b prosimy, aby <strong>\u201eDuch \u015awi\u0119ty da\u0142 nam g\u0142\u0119biej zrozumie\u0107 tajemnic\u0119 Eucharystii i doprowadzi\u0142 nas do ca\u0142ej prawdy\u201d<\/strong> (modlitwa nad darami). Niech nas umacnia swoimi darami, aby\u015bmy byli prawdziwymi \u015bwiadkami Chrystusa w\u00a0dzisiejszym \u015bwiecie.<\/li>\n<li>Dzisiejsza niedziela jest tak\u017ce pierwsz\u0105 niedziel\u0105 miesi\u0105ca. Pierwsza niedziela czerwca corocznie obchodzona jest tak\u017ce jako Dzie\u0144 Dzi\u0119kczynienia. To szczeg\u00f3lna okazja, aby wyrazi\u0107 wdzi\u0119czno\u015b\u0107 za wszelkie dary Bo\u017cej dobroci.<\/li>\n<li>Nasza wsp\u00f3lnota parafialna prze\u017cywa dzisiaj uroczysto\u015b\u0107 odpustow\u0105. Msze \u015awi\u0119te s\u0105 odprawiane wed\u0142ug nast\u0119puj\u0105cego porz\u0105dku: godz. 9.00 \u2013 12.00 (suma opustowa z wystawieniem Naj\u015bwi\u0119tszego Sakramentu, adoracja i procesja eucharystyczna) i o godz. 17.00. Przed sum\u0105 o godz. 11.30 b\u0119dziemy modli\u0107 si\u0119 na r\u00f3\u017ca\u0144cu. S\u0142owo Bo\u017ce na wszystkich Mszach \u015awi\u0119tych g\u0142osi ks. kan. dr Janusz Filarski, Dyrektor Domu Ksi\u0119\u017cy Emeryt\u00f3w w P\u0142ocku.<\/li>\n<li>Jutro, w poniedzia\u0142ek, 6 czerwca (tradycyjnie drugi dzie\u0144 Zielonych \u015awi\u0105t), obchodzimy \u015bwi\u0119to Naj\u015bwi\u0119tszej Maryi Panny Matki Ko\u015bcio\u0142a. Msze \u015awi\u0119te w naszej \u015bwi\u0105tyni b\u0119d\u0105 sprawowane o godz. 10.00 (w intencji cz\u0142onki\u0144 K\u00f3\u0142 R\u00f3\u017ca\u0144cowych z naszej parafii i cz\u0142onk\u00f3w Szkaplerza \u015bwi\u0119tego) i o godz.16.00 (przybywaj\u0105 pielgrzymi z P\u0142o\u0144ska). Od godz. 9.30 b\u0119dziemy modli\u0107 si\u0119 na r\u00f3\u017ca\u0144cu.<\/li>\n<li>Czerwiec po\u015bwi\u0119cony jest Naj\u015bwi\u0119tszemu Sercu Pana Jezusa. W naszym ko\u015bciele codziennie o godz. 18.30\u00a0 odprawiane jest nabo\u017ce\u0144stwo czerwcowe, podczas kt\u00f3rego odmawiamy Litani\u0119 do Serca Pana Jezusa. Licznie ucz\u0119szczajmy na te nabo\u017ce\u0144stwa, aby wynagrodzi\u0107 Panu Bogu za wszystkie nasze grzechy i nieprawo\u015bci.<\/li>\n<li>W czwartek, 9 czerwca, b\u0119dziemy prze\u017cywali \u015bwi\u0119to Jezusa Chrystusa, Najwy\u017cszego i Wiecznego Kap\u0142ana. Niech to b\u0119dzie dzie\u0144 szczeg\u00f3lnej modlitwy naszej wsp\u00f3lnoty parafialnej za powo\u0142anych do kap\u0142a\u0144stwa, o ich \u015bwi\u0119to\u015b\u0107 i wytrwa\u0142o\u015b\u0107 w kap\u0142a\u0144skim pos\u0142ugiwaniu. Nasz\u0105 modlitewn\u0105 pami\u0119ci\u0105 obejmiemy te\u017c diakon\u00f3w i kleryk\u00f3w naszej diecezji, kt\u00f3rzy przygotowuj\u0105 si\u0119 do kap\u0142a\u0144stwa.<\/li>\n<li>11 czerwca (sobota) o godz. 11.00 m\u0142odzie\u017c naszej parafii przyjmie sakrament bierzmowania przez pos\u0142ug\u0119 ks. Biskupa Romana Marcinkowskiego. Spowied\u017a dla kandydat\u00f3w do bierzmowania w pi\u0105tek od godz. 18.45.<\/li>\n<li>W najbli\u017csz\u0105 niedziel\u0119, 12 czerwca, b\u0119dziemy obchodzili uroczysto\u015b\u0107 Naj\u015bwi\u0119tszej Tr\u00f3jcy. Warto przypomnie\u0107, \u017ce ko\u0144czy ona czas wielkanocnej Komunii \u015awi\u0119tej. Parafia Sarbiewo prze\u017cywa w tym dniu uroczysto\u015b\u0107 odpustow\u0105.<\/li>\n<li><strong>Ojciec \u015awi\u0119ty Franciszek przyj\u0105\u0142, z\u0142o\u017con\u0105 z racji zdrowotnych, rezygnacj\u0119 bp. Piotra Libery z pos\u0142ugi biskupa p\u0142ockiego. Administratorem apostolskim sede vacante naszej diecezji zosta\u0142 mianowany biskup toru\u0144ski Wies\u0142aw \u015amigiel.\u00a0Sede vacante, czyli pusty tron. Tzn. do chwili wyznaczenia kogo\u015b na ten tron w P\u0142ocku w\u0142adz\u0119 sprawuje biskup z Torunia.<\/strong><\/li>\n<li>Zach\u0119cam do nabycia prasy katolickiej.<\/li>\n<\/ol>\n<p>&nbsp;<\/p>\n<p><strong>\u00a0<\/strong><\/p>\n<p>&nbsp;<\/p>\n","protected":false},"excerpt":{"rendered":"<p>OG\u0141OSZENIA DUSZPASTERSKIE Dzi\u015b wraz z ca\u0142ym Ko\u015bcio\u0142em obchodzimy uroczysto\u015b\u0107 Zes\u0142ania Ducha \u015awi\u0119tego. Wspominamy dzie\u0144, kiedy na zgromadzonych w Wieczerniku Aposto\u0142\u00f3w zst\u0105pi\u0142 Duch \u015awi\u0119ty pod postaci\u0105 ognistych j\u0119zyk\u00f3w. Dzi\u0119ki Jego mocy uczniowie wyszli z Wieczernika, aby g\u0142osi\u0107 ca\u0142emu \u015bwiatu or\u0119dzie zbawienia. Dzi\u015b prosimy, aby \u201eDuch \u015awi\u0119ty da\u0142 nam g\u0142\u0119biej zrozumie\u0107 tajemnic\u0119 Eucharystii i doprowadzi\u0142 nas do &hellip; <\/p>\n<p><a class=\"more-link btn\" href=\"https:\/\/parafiasmardzewo.pl\/?p=8049\">Kontynuuj czytanie<\/a><\/p>\n","protected":false},"author":2,"featured_media":6301,"comment_status":"open","ping_status":"open","sticky":false,"template":"","format":"standard","meta":[],"categories":[2],"tags":[],"_links":{"self":[{"href":"https:\/\/parafiasmardzewo.pl\/index.php?rest_route=\/wp\/v2\/posts\/8049"}],"collection":[{"href":"https:\/\/parafiasmardzewo.pl\/index.php?rest_route=\/wp\/v2\/posts"}],"about":[{"href":"https:\/\/parafiasmardzewo.pl\/index.php?rest_route=\/wp\/v2\/types\/post"}],"author":[{"embeddable":true,"href":"https:\/\/parafiasmardzewo.pl\/index.php?rest_route=\/wp\/v2\/users\/2"}],"replies":[{"embeddable":true,"href":"https:\/\/parafiasmardzewo.pl\/index.php?rest_route=%2Fwp%2Fv2%2Fcomments&post=8049"}],"version-history":[{"count":1,"href":"https:\/\/parafiasmardzewo.pl\/index.php?rest_route=\/wp\/v2\/posts\/8049\/revisions"}],"predecessor-version":[{"id":8050,"href":"https:\/\/parafiasmardzewo.pl\/index.php?rest_route=\/wp\/v2\/posts\/8049\/revisions\/8050"}],"wp:featuredmedia":[{"embeddable":true,"href":"https:\/\/parafiasmardzewo.pl\/index.php?rest_route=\/wp\/v2\/media\/6301"}],"wp:attachment":[{"href":"https:\/\/parafiasmardzewo.pl\/index.php?rest_route=%2Fwp%2Fv2%2Fmedia&parent=8049"}],"wp:term":[{"taxonomy":"category","embeddable":true,"href":"https:\/\/parafiasmardzewo.pl\/index.php?rest_route=%2Fwp%2Fv2%2Fcategories&post=8049"},{"taxonomy":"post_tag","embeddable":true,"href":"https:\/\/parafiasmardzewo.pl\/index.php?rest_route=%2Fwp%2Fv2%2Ftags&post=8049"}],"curies":[{"name":"wp","href":"https:\/\/api.w.org\/{rel}","templated":true}]}}