{"id":8064,"date":"2022-06-18T21:04:31","date_gmt":"2022-06-18T19:04:31","guid":{"rendered":"http:\/\/parafiasmardzewo.pl\/?p=8064"},"modified":"2022-06-19T11:57:43","modified_gmt":"2022-06-19T09:57:43","slug":"dwunasta-niedziela-w-ciagu-roku-19-czerwca-2022","status":"publish","type":"post","link":"https:\/\/parafiasmardzewo.pl\/?p=8064","title":{"rendered":"DWUNASTA NIEDZIELA W CI\u0104GU ROKU &#8211; 19 czerwca 2022"},"content":{"rendered":"<p><strong>OG\u0141OSZENIA DUSZPASTERSKIE<\/strong><\/p>\n<ol>\n<li>Dzi\u015b przypada dwunasta niedziela zwyk\u0142a w roku liturgicznym. Trwa oktawa Bo\u017cego Cia\u0142a. Codziennie po Mszy \u015awi\u0119tej wieczorowej odmawiamy Litani\u0119 do Serca Pana Jezusa.<\/li>\n<li>Jutro, w poniedzia\u0142ek, 20 czerwca, przypada Mi\u0119dzynarodowy Dzie\u0144 Uchod\u017acy, ustanowiony przez <a href=\"http:\/\/pl.wikipedia.org\/wiki\/Zgromadzenie_Og%C3%B3lne_ONZ\">Zgromadzenie Og\u00f3lne ONZ<\/a> w 2000 roku. B\u0119dziemy modli\u0107 si\u0119 za wszystkich, kt\u00f3rzy z r\u00f3\u017cnych wzgl\u0119d\u00f3w musieli opu\u015bci\u0107 kraj ojczysty, aby byli otaczani szacunkiem i do\u015bwiadczali niezb\u0119dnej pomocy i \u017cyczliwo\u015bci w\u015br\u00f3d innych narod\u00f3w.<\/li>\n<li>Jutro, w poniedzia\u0142ek, od godz. 17.30 spowied\u017a dla dzieci i m\u0142odzie\u017cy na zako\u0144czenie roku szkolnego.<\/li>\n<li>W czwartek, 23 czerwca, na godzin\u0119 18.00 zapraszam, asyst\u0119 procesyjn\u0105 i wszystkich wiernych, na Msz\u0119 \u015awi\u0119t\u0105 na zako\u0144czenie oktawy Bo\u017cego Cia\u0142a. Po procesji b\u0119dzie po\u015bwi\u0119cenie wiank\u00f3w. W tym dniu, 23 czerwca, przypada te\u017c Dzie\u0144 Ojca. Ofiarujmy\u00a0 swoje modlitwy w\u00a0 intencji ojc\u00f3w<\/li>\n<li><strong>\u00a0 \u00a0 \u00a0 \u00a0 \u00a0 \u00a0 \u00a0 \u00a0 \u00a0 \u00a0 \u00a0 \u00a0 \u00a0 \u00a0 \u00a0 \u00a0 \u00a0 \u00a0 \u00a0 \u00a0 \u00a0 \u00a0ZAPROSZENIE <\/strong><\/li>\n<\/ol>\n<p>Dyrekcja, Grono Pedagogiczne, Rada Rodzic\u00f3w i Uczniowie zapraszaj\u0105 wszystkich Przyjaci\u00f3\u0142 i Absolwent\u00f3w Szko\u0142y Podstawowej w Smardzewie, na Uroczysto\u015b\u0107 Nadania Szkole imienia Powsta\u0144c\u00f3w Styczniowych 1863 r. Uroczysto\u015b\u0107 odb\u0119dzie si\u0119 23 czerwca 2022 roku, w budynku szko\u0142y i na boisku \u00a0szkolnym .\u00a0 \u00a0 \u00a0 \u00a0 \u00a0 \u00a0 \u00a0 \u00a0 \u00a0 \u00a0 \u00a0 \u00a0 \u00a0 \u00a0 \u00a0 \u00a0 \u00a0 \u00a0 \u00a0 \u00a0 \u00a0 \u00a0 \u00a0 \u00a0 \u00a0 \u00a0 \u00a0 \u00a0 \u00a0 \u00a0 \u00a0 \u00a0 \u00a0 \u00a0 \u00a0 \u00a0 \u00a0 \u00a0 \u00a0<strong> Program Uroczysto\u015bci:\u00a0 \u00a0 \u00a0 \u00a0 \u00a0 \u00a0 \u00a0 \u00a0 \u00a0 \u00a0 \u00a0 \u00a0 \u00a0 \u00a0 \u00a0 \u00a0 \u00a0 \u00a0 \u00a0 \u00a0 \u00a0 \u00a0 \u00a0 \u00a0 \u00a0 \u00a0 \u00a0 \u00a0 \u00a0 \u00a0 \u00a0 \u00a0 \u00a0 \u00a0 \u00a0 \u00a0 \u00a0 \u00a0 \u00a0 \u00a0 \u00a0 \u00a0 \u00a0 \u00a0 \u00a0 \u00a0 \u00a0 \u00a0 \u00a0 \u00a0 \u00a0 \u00a0 \u00a0 \u00a0 \u00a0 \u00a0 \u00a0 \u00a0 \u00a0 \u00a0 \u00a0 \u00a0 \u00a0 \u00a0 \u00a0 \u00a0 \u00a0 \u00a0 \u00a0 \u00a0 \u00a0 \u00a0 \u00a0 \u00a0 \u00a0 \u00a0 \u00a0 \u00a0 \u00a0 \u00a0 \u00a0 \u00a0 \u00a0<\/strong>10.00. Msza \u015awi\u0119ta (polowa) na boisku szkolnym\u00a0 \u00a0 \u00a0 \u00a0 \u00a0 \u00a0 \u00a0 \u00a0 \u00a0 \u00a0 \u00a0 \u00a0 \u00a0 \u00a0 \u00a0 \u00a0 \u00a0 \u00a0 \u00a0 \u00a0 \u00a0 \u00a0 \u00a0 \u00a0 \u00a0 \u00a0 \u00a0 \u00a0 \u00a0 \u00a0 \u00a0 \u00a0 \u00a0 \u00a0 \u00a0 \u00a0 \u00a0 \u00a0 \u00a0 \u00a0 \u00a0 \u00a0 \u00a0 \u00a0 \u00a0 \u00a0 \u00a0 \u00a0 \u00a0 \u00a0 \u00a0 \u00a0 \u00a0 \u00a0 \u00a0 \u00a0 \u00a0 \u00a0 \u00a0 \u00a0 \u00a0 \u00a0 \u00a0 \u00a0 \u00a0 \u00a0 \u00a0 \u00a0 \u00a0 \u00a011.10 . Uroczyste nadanie imienia i wr\u0119czenie sztandaru\u00a0 \u00a0 \u00a0 \u00a0 \u00a0 \u00a0 \u00a0 \u00a0 \u00a0 \u00a0 \u00a0 \u00a0 \u00a0 \u00a0 \u00a0 \u00a0 \u00a0 \u00a0 \u00a0 \u00a0 \u00a0 \u00a0 \u00a0 \u00a0 \u00a0 \u00a0 \u00a0 \u00a0 \u00a0 \u00a0 \u00a0 \u00a0 \u00a0 \u00a0 \u00a0 \u00a0 \u00a0 \u00a0 \u00a0 \u00a0 \u00a0 \u00a0 \u00a0 \u00a0 \u00a0 \u00a0 \u00a0 \u00a0 \u00a0 \u00a0 \u00a0 \u00a0 \u00a0 \u00a0 \u00a0 \u00a0 \u00a0 \u00a0 \u00a011.40. Ods\u0142oni\u0119cie i po\u015bwi\u0119cenie tablicy pami\u0105tkowej\u00a0 \u00a0 \u00a0 \u00a0 \u00a0 \u00a0 \u00a0 \u00a0 \u00a0 \u00a0 \u00a0 \u00a0 \u00a0 \u00a0 \u00a0 \u00a0 \u00a0 \u00a0 \u00a0 \u00a0 \u00a0 \u00a0 \u00a0 \u00a0 \u00a0 \u00a0 \u00a0 \u00a0 \u00a0 \u00a0 \u00a0 \u00a0 \u00a0 \u00a0 \u00a0 \u00a0 \u00a0 \u00a0 \u00a0 \u00a0 \u00a0 \u00a0 \u00a0 \u00a0 \u00a0 \u00a0 \u00a0 \u00a0 \u00a0 \u00a0 \u00a0 \u00a0 \u00a0 \u00a0 \u00a0 \u00a0 \u00a0 \u00a0 \u00a0 \u00a0 \u00a0 \u00a0 12.00. Cz\u0119\u015b\u0107 artystyczna w wykonaniu uczni\u00f3w\u00a0 \u00a0 \u00a0 \u00a0 \u00a0 \u00a0 \u00a0 \u00a0 \u00a0 \u00a0 \u00a0 \u00a0 \u00a0 \u00a0 \u00a0 \u00a0 \u00a0 \u00a0 \u00a0 \u00a0 \u00a0 \u00a0 \u00a0 \u00a0 \u00a0 \u00a0 \u00a0 \u00a0 \u00a0 \u00a0 \u00a0 \u00a0 \u00a0 \u00a0 \u00a0 \u00a0 \u00a0 \u00a0 \u00a0 \u00a0 \u00a0 \u00a0 \u00a0 \u00a0 \u00a0 \u00a0 \u00a0 \u00a0 \u00a0 \u00a0 \u00a0 \u00a0 \u00a0 \u00a0 \u00a0 \u00a0 \u00a0 \u00a0 \u00a0 \u00a0 \u00a0 \u00a0 \u00a0 \u00a0 \u00a0 \u00a0 \u00a0 \u00a0 12.30. Wyst\u0105pienia okoliczno\u015bciowe<\/p>\n<ol start=\"6\">\n<li>W pi\u0105tek, 24 czerwca, przypada uroczysto\u015b\u0107 Naj\u015bwi\u0119tszego Serca Pana Jezusa. To tak\u017ce z\u00a0inicjatywy \u015awi\u0119tego Jana Paw\u0142a II \u015awiatowy dzie\u0144 modlitw o u\u015bwi\u0119cenie kap\u0142an\u00f3w. Z racji uroczysto\u015bci nie obowi\u0105zuje wstrzemi\u0119\u017aliwo\u015b\u0107 od pokarm\u00f3w mi\u0119snych.<\/li>\n<li>Pi\u0105tek jest tak\u017ce dniem zako\u0144czenia roku szkolnego. Tradycyjna Msza \u015awi\u0119ta na zako\u0144czenie roku szkolnego b\u0119dzie sprawowana w czwartek, 23 czerwca br. o godz. 10.00, na boisku szkolnym.<\/li>\n<li>Uroczysto\u015b\u0107 Narodzenia \u015bw. Jana Chrzciciela, z racji na przypadaj\u0105c\u0105 24 czerwca uroczysto\u015b\u0107 Naj\u015bwi\u0119tszego Serca Pana Jezusa, jest prze\u0142o\u017cona na 23 czerwca (czwartek).\u00a0 W parafii Sochocin odpust \u015bw. Jana Chrzciciela\u00a0 jest\u00a0 prze\u0142o\u017cony na niedziel\u0119 26 czerwca . Suma odpustowa w Sochocinie\u00a0 o godz. 12.00.<\/li>\n<li>W miniony czwartek prze\u017cywali\u015bmy Uroczysto\u015b\u0107 Naj\u015bwi\u0119tszego Cia\u0142a i Krwi Chrystusa \u2013 Bo\u017ce Cia\u0142o. Bardzo serdecznie dzi\u0119kuj\u0119 mieszka\u0144com: S\u0142oszewa i S\u0142oszewa Kolonii, K\u0119py,\u00a0 Koliszewa P\u00f3\u0142noc i Koliszewa Po\u0142udnie oraz Smardzewa Kolonii i Smardzewa Poduchownego za przygotowanie o\u0142tarzy. S\u0142owa wdzi\u0119czno\u015bci kieruj\u0119 do Asysty procesyjnej oraz dziewczynek, kt\u00f3re sypi\u0105 kwiatkami i pa\u0144, kt\u00f3re si\u0119 nimi opiekuj\u0105. Dzi\u0119kuj\u0119 s\u0142u\u017cbie liturgicznej: ministrantom, kantorce, lektorkom i lektorom oraz pracownikom ko\u015bcielnym.<\/li>\n<li>Zach\u0119cam do nabycia prasy katolickiej: <strong><em>Go\u015b\u0107 Niedzielny, Ma\u0142y Go\u015b\u0107 Niedzielny <\/em><\/strong>(dla m\u0142odzie\u017cy<strong><em>), Rycerz Niepokalanej. Ma\u0142y Rycerzyk<\/em><\/strong> (dla dzieci).<\/li>\n<li>Wszystkim solenizantom i jubilatom \u017cyczymy obfito\u015bci Bo\u017cych dar\u00f3w oraz kszta\u0142towania w\u0142asnego serca na wz\u00f3r Serca Jezusowego.<\/li>\n<\/ol>\n<p>&nbsp;<\/p>\n<p>&nbsp;<\/p>\n","protected":false},"excerpt":{"rendered":"<p>OG\u0141OSZENIA DUSZPASTERSKIE Dzi\u015b przypada dwunasta niedziela zwyk\u0142a w roku liturgicznym. Trwa oktawa Bo\u017cego Cia\u0142a. Codziennie po Mszy \u015awi\u0119tej wieczorowej odmawiamy Litani\u0119 do Serca Pana Jezusa. Jutro, w poniedzia\u0142ek, 20 czerwca, przypada Mi\u0119dzynarodowy Dzie\u0144 Uchod\u017acy, ustanowiony przez Zgromadzenie Og\u00f3lne ONZ w 2000 roku. B\u0119dziemy modli\u0107 si\u0119 za wszystkich, kt\u00f3rzy z r\u00f3\u017cnych wzgl\u0119d\u00f3w musieli opu\u015bci\u0107 kraj ojczysty, &hellip; <\/p>\n<p><a class=\"more-link btn\" href=\"https:\/\/parafiasmardzewo.pl\/?p=8064\">Kontynuuj czytanie<\/a><\/p>\n","protected":false},"author":2,"featured_media":6301,"comment_status":"open","ping_status":"open","sticky":false,"template":"","format":"standard","meta":[],"categories":[2],"tags":[],"_links":{"self":[{"href":"https:\/\/parafiasmardzewo.pl\/index.php?rest_route=\/wp\/v2\/posts\/8064"}],"collection":[{"href":"https:\/\/parafiasmardzewo.pl\/index.php?rest_route=\/wp\/v2\/posts"}],"about":[{"href":"https:\/\/parafiasmardzewo.pl\/index.php?rest_route=\/wp\/v2\/types\/post"}],"author":[{"embeddable":true,"href":"https:\/\/parafiasmardzewo.pl\/index.php?rest_route=\/wp\/v2\/users\/2"}],"replies":[{"embeddable":true,"href":"https:\/\/parafiasmardzewo.pl\/index.php?rest_route=%2Fwp%2Fv2%2Fcomments&post=8064"}],"version-history":[{"count":5,"href":"https:\/\/parafiasmardzewo.pl\/index.php?rest_route=\/wp\/v2\/posts\/8064\/revisions"}],"predecessor-version":[{"id":8069,"href":"https:\/\/parafiasmardzewo.pl\/index.php?rest_route=\/wp\/v2\/posts\/8064\/revisions\/8069"}],"wp:featuredmedia":[{"embeddable":true,"href":"https:\/\/parafiasmardzewo.pl\/index.php?rest_route=\/wp\/v2\/media\/6301"}],"wp:attachment":[{"href":"https:\/\/parafiasmardzewo.pl\/index.php?rest_route=%2Fwp%2Fv2%2Fmedia&parent=8064"}],"wp:term":[{"taxonomy":"category","embeddable":true,"href":"https:\/\/parafiasmardzewo.pl\/index.php?rest_route=%2Fwp%2Fv2%2Fcategories&post=8064"},{"taxonomy":"post_tag","embeddable":true,"href":"https:\/\/parafiasmardzewo.pl\/index.php?rest_route=%2Fwp%2Fv2%2Ftags&post=8064"}],"curies":[{"name":"wp","href":"https:\/\/api.w.org\/{rel}","templated":true}]}}