{"id":8135,"date":"2022-06-25T21:29:31","date_gmt":"2022-06-25T19:29:31","guid":{"rendered":"http:\/\/parafiasmardzewo.pl\/?p=8135"},"modified":"2022-06-25T21:29:41","modified_gmt":"2022-06-25T19:29:41","slug":"trzynasta-niedziela-w-ciagu-roku-26-czerwca-2022","status":"publish","type":"post","link":"https:\/\/parafiasmardzewo.pl\/?p=8135","title":{"rendered":"TRZYNASTA NIEDZIELA W CIAGU ROKU &#8211; 26 czerwca 2022"},"content":{"rendered":"<p>&nbsp;<\/p>\n<ol>\n<li>Dzi\u015b trzynasta niedziela w roku liturgicznym. W spos\u00f3b szczeg\u00f3lny prosimy Boga, aby nie ogarn\u0119\u0142y nas ciemno\u015bci b\u0142\u0119du oraz aby\u015bmy \u017cyli w blasku Bo\u017cej prawdy (kolekta mszalna).<\/li>\n<li>W miniony pi\u0105tek dzieci i m\u0142odzie\u017c zako\u0144czyli rok szkolny i katechetyczny. Msza \u015awi\u0119ta na zako\u0144czenie roku szkolnego by\u0142a sprawowana 23 czerwca (czwartek) na boisku szkolnym przy Szkole Podstawowej w Smardzewie. Po Eucharystii odby\u0142a si\u0119 uroczysto\u015b\u0107 nadania imienia Powsta\u0144c\u00f3w Styczniowych 1863 roku Szkole Podstawowej w Smardzewie. Dzieci z naszej szko\u0142y oraz m\u0142odzie\u017c \u2013 absolwenci tej szko\u0142y, przedstawili pi\u0119kny program patriotyczny poetycko &#8211; muzyczny. Program przygotowa\u0142y panie nauczycielki: Bogumi\u0142a Komorowska, Justyna Ry\u0107kowska i Iwona Czarnecka, od strony muzycznej Katarzyna Rajewska i Iwona Kowalska.<\/li>\n<li>W \u015brod\u0119, 29 czerwca, przypada uroczysto\u015b\u0107 \u015awi\u0119tych Aposto\u0142\u00f3w Piotra i Paw\u0142a. \u015awi\u0119ty Piotr zosta\u0142 wybrany przez Jezusa na przewodnika Aposto\u0142\u00f3w, \u015awi\u0119ty Pawe\u0142 g\u0142osi\u0142 Ewangeli\u0119 w\u015br\u00f3d lud\u00f3w poga\u0144skich. Wed\u0142ug tradycji obaj ponie\u015bli \u015bmier\u0107 m\u0119cze\u0144sk\u0105 w Rzymie. \u015awi\u0119towanie rozpoczniemy ju\u017c Msz\u0105 wigilijn\u0105 we wtorkowy wiecz\u00f3r. Ofiary sk\u0142adane na tac\u0119 b\u0119d\u0105 przeznaczone na potrzeby Stolicy Apostolskiej.<\/li>\n<li>Nabo\u017ce\u0144stwo czerwcowe do czwartku w\u0142\u0105cznie b\u0119dziemy celebrowali po Mszy \u015awi\u0119tej o\u00a0godz. 18.00 \u2013 serdecznie zapraszam!<\/li>\n<li>W tym tygodniu przypada pierwszy pi\u0105tek i pierwsza sobota miesi\u0105ca:\u00a0 \u00a0 &#8211; w pi\u0105tek nabo\u017ce\u0144stwo do Naj\u015bwi\u0119tszego Serca Pana Jezusa po Mszy\u00a0 \u015awi\u0119tej o godz. 18.00; spowied\u017a\u00a0 \u00a0\u015bwi\u0119ta od godz. 17..30;\u00a0 \u00a0 \u00a0 \u00a0 \u00a0 \u00a0 \u00a0&#8211; w sobot\u0119 wystawienie Naj\u015bwi\u0119tszego Sakramentu i nabo\u017ce\u0144stwo ku czci Matki Naj\u015bwi\u0119tszej po Mszy \u015awi\u0119tej o godz. 18.00.<\/li>\n<\/ol>\n<ol start=\"6\">\n<li>Najbli\u017csza niedziela b\u0119dzie pierwsz\u0105 niedziel\u0105 miesi\u0105ca. Wystawienie Naj\u015bwi\u0119tszego Sakramentu i adoracja po Mszy \u015awi\u0119tej o godz.10.45. Zapraszam asyst\u0119 procesyjn\u0105 i dziewczynki do sypania kwiatkami.<\/li>\n<li>Zach\u0119cam do nabycia prasy katolickiej.<\/li>\n<li>Tym, kt\u00f3rzy rozpoczynaj\u0105 letni wypoczynek \u017cyczymy udanych wyjazd\u00f3w, umocnienia si\u0142 fizycznych i duchowych, a tak\u017ce szczeg\u00f3lnego do\u015bwiadczenia obecno\u015bci Boga w pi\u0119knie stworzonego \u015bwiata. Te \u017cyczenia kieruje do wszystkich, ale szczeg\u00f3lnie do dzieci, m\u0142odzie\u017cy, nauczycieli i wychowawc\u00f3w. Przypominam r\u00f3wnie\u017c o obowi\u0105zku uczestniczenia we Mszy \u015awi\u0119tej niedzielnej i codziennej modlitwie.<\/li>\n<\/ol>\n<p>&nbsp;<\/p>\n<p>&nbsp;<\/p>\n<p>&nbsp;<\/p>\n","protected":false},"excerpt":{"rendered":"<p>&nbsp; Dzi\u015b trzynasta niedziela w roku liturgicznym. W spos\u00f3b szczeg\u00f3lny prosimy Boga, aby nie ogarn\u0119\u0142y nas ciemno\u015bci b\u0142\u0119du oraz aby\u015bmy \u017cyli w blasku Bo\u017cej prawdy (kolekta mszalna). W miniony pi\u0105tek dzieci i m\u0142odzie\u017c zako\u0144czyli rok szkolny i katechetyczny. Msza \u015awi\u0119ta na zako\u0144czenie roku szkolnego by\u0142a sprawowana 23 czerwca (czwartek) na boisku szkolnym przy Szkole Podstawowej &hellip; <\/p>\n<p><a class=\"more-link btn\" href=\"https:\/\/parafiasmardzewo.pl\/?p=8135\">Kontynuuj czytanie<\/a><\/p>\n","protected":false},"author":2,"featured_media":6302,"comment_status":"open","ping_status":"open","sticky":false,"template":"","format":"standard","meta":[],"categories":[2,1],"tags":[],"_links":{"self":[{"href":"https:\/\/parafiasmardzewo.pl\/index.php?rest_route=\/wp\/v2\/posts\/8135"}],"collection":[{"href":"https:\/\/parafiasmardzewo.pl\/index.php?rest_route=\/wp\/v2\/posts"}],"about":[{"href":"https:\/\/parafiasmardzewo.pl\/index.php?rest_route=\/wp\/v2\/types\/post"}],"author":[{"embeddable":true,"href":"https:\/\/parafiasmardzewo.pl\/index.php?rest_route=\/wp\/v2\/users\/2"}],"replies":[{"embeddable":true,"href":"https:\/\/parafiasmardzewo.pl\/index.php?rest_route=%2Fwp%2Fv2%2Fcomments&post=8135"}],"version-history":[{"count":1,"href":"https:\/\/parafiasmardzewo.pl\/index.php?rest_route=\/wp\/v2\/posts\/8135\/revisions"}],"predecessor-version":[{"id":8136,"href":"https:\/\/parafiasmardzewo.pl\/index.php?rest_route=\/wp\/v2\/posts\/8135\/revisions\/8136"}],"wp:featuredmedia":[{"embeddable":true,"href":"https:\/\/parafiasmardzewo.pl\/index.php?rest_route=\/wp\/v2\/media\/6302"}],"wp:attachment":[{"href":"https:\/\/parafiasmardzewo.pl\/index.php?rest_route=%2Fwp%2Fv2%2Fmedia&parent=8135"}],"wp:term":[{"taxonomy":"category","embeddable":true,"href":"https:\/\/parafiasmardzewo.pl\/index.php?rest_route=%2Fwp%2Fv2%2Fcategories&post=8135"},{"taxonomy":"post_tag","embeddable":true,"href":"https:\/\/parafiasmardzewo.pl\/index.php?rest_route=%2Fwp%2Fv2%2Ftags&post=8135"}],"curies":[{"name":"wp","href":"https:\/\/api.w.org\/{rel}","templated":true}]}}