{"id":8141,"date":"2022-07-02T20:36:33","date_gmt":"2022-07-02T18:36:33","guid":{"rendered":"http:\/\/parafiasmardzewo.pl\/?p=8141"},"modified":"2022-07-02T20:39:28","modified_gmt":"2022-07-02T18:39:28","slug":"czternasta-niedziela-w-ciagu-roku-3-lipca-2022","status":"publish","type":"post","link":"https:\/\/parafiasmardzewo.pl\/?p=8141","title":{"rendered":"CZTERNASTA NIEDZIELA W CIAGU ROKU   3 lipca 2022"},"content":{"rendered":"<p><strong>OG\u0141OSZENIA DUSZPASTERSKIE<\/strong><\/p>\n<ol>\n<li>Dzi\u015b czternasta niedziela zwyk\u0142a w ci\u0105gu roku ko\u015bcielnego. Po raz kolejny B\u00f3g zaprosi\u0142 nas, aby\u015bmy celebrowali tajemnic\u0119 Jezusa Chrystusa. On dla nas i naszego zbawienia umar\u0142 i powsta\u0142 z martwych. Niech ta prawda wiary towarzyszy nam na drogach nowego tygodnia.<\/li>\n<li>Dzisiejsza niedziela jest pierwsz\u0105 niedziel\u0105 miesi\u0105ca. Po Mszy \u015awi\u0119tej o godz. 10.45 wystawienie Naj\u015bwi\u0119tszego Sakramentu, adoracja i procesja wok\u00f3\u0142 \u015bwi\u0105tyni.<\/li>\n<li>W \u015brod\u0119, 6 lipca, przypada liturgiczne wspomnienie B\u0142ogos\u0142awionej Marii Teresy Led\u00f3chowskiej. Ten dzie\u0144 jest \u015bwi\u0119tem patronalnym Apostolstwa Chorych w zwi\u0105zku ze wspomnieniem Naj\u015bwi\u0119tszej Maryi Panny Uzdrowienia Chorych. W modlitwie b\u0119dziemy poleca\u0107 Bogu wszystkich chorych i cierpi\u0105cych, a tak\u017ce tych, kt\u00f3rzy lecz\u0105 i piel\u0119gnuj\u0105 chorych.<\/li>\n<li>Czwartek, 7 lipca, b\u0119dzie pierwszym czwartkiem miesi\u0105ca.\u00a0 M\u00f3dlmy si\u0119\u00a0 w tym dniu\u00a0 o u\u015bwi\u0119cenie kap\u0142an\u00f3w oraz o nowe powo\u0142ania.<\/li>\n<li>14 lipca (czwartek) planujemy jednodniow\u0105 pielgrzymk\u0119 do Lichenia. Ci, kt\u00f3rzy chc\u0105 wzi\u0105\u0107 udzia\u0142 w pielgrzymce niech si\u0119 zg\u0142osz\u0105 w kancelarii parafialnej i przeka\u017c\u0105 sw\u00f3j nr PESEL.<\/li>\n<li>Zach\u0119cam do nabycia prasy katolickiej.<\/li>\n<li>Wszystkim solenizantom i jubilatom \u017cyczymy obfito\u015bci Bo\u017cych dar\u00f3w i opieki Matki Naj\u015bwi\u0119tszej, a wyje\u017cd\u017caj\u0105cym na urlopy i wakacje \u2013 dobrego odpoczynku i szcz\u0119\u015bliwych powrot\u00f3w do domu.<\/li>\n<\/ol>\n<p>&nbsp;<\/p>\n<p>&nbsp;<\/p>\n","protected":false},"excerpt":{"rendered":"<p>OG\u0141OSZENIA DUSZPASTERSKIE Dzi\u015b czternasta niedziela zwyk\u0142a w ci\u0105gu roku ko\u015bcielnego. Po raz kolejny B\u00f3g zaprosi\u0142 nas, aby\u015bmy celebrowali tajemnic\u0119 Jezusa Chrystusa. On dla nas i naszego zbawienia umar\u0142 i powsta\u0142 z martwych. Niech ta prawda wiary towarzyszy nam na drogach nowego tygodnia. Dzisiejsza niedziela jest pierwsz\u0105 niedziel\u0105 miesi\u0105ca. Po Mszy \u015awi\u0119tej o godz. 10.45 wystawienie &hellip; <\/p>\n<p><a class=\"more-link btn\" href=\"https:\/\/parafiasmardzewo.pl\/?p=8141\">Kontynuuj czytanie<\/a><\/p>\n","protected":false},"author":2,"featured_media":6302,"comment_status":"open","ping_status":"open","sticky":false,"template":"","format":"standard","meta":[],"categories":[2],"tags":[],"_links":{"self":[{"href":"https:\/\/parafiasmardzewo.pl\/index.php?rest_route=\/wp\/v2\/posts\/8141"}],"collection":[{"href":"https:\/\/parafiasmardzewo.pl\/index.php?rest_route=\/wp\/v2\/posts"}],"about":[{"href":"https:\/\/parafiasmardzewo.pl\/index.php?rest_route=\/wp\/v2\/types\/post"}],"author":[{"embeddable":true,"href":"https:\/\/parafiasmardzewo.pl\/index.php?rest_route=\/wp\/v2\/users\/2"}],"replies":[{"embeddable":true,"href":"https:\/\/parafiasmardzewo.pl\/index.php?rest_route=%2Fwp%2Fv2%2Fcomments&post=8141"}],"version-history":[{"count":3,"href":"https:\/\/parafiasmardzewo.pl\/index.php?rest_route=\/wp\/v2\/posts\/8141\/revisions"}],"predecessor-version":[{"id":8144,"href":"https:\/\/parafiasmardzewo.pl\/index.php?rest_route=\/wp\/v2\/posts\/8141\/revisions\/8144"}],"wp:featuredmedia":[{"embeddable":true,"href":"https:\/\/parafiasmardzewo.pl\/index.php?rest_route=\/wp\/v2\/media\/6302"}],"wp:attachment":[{"href":"https:\/\/parafiasmardzewo.pl\/index.php?rest_route=%2Fwp%2Fv2%2Fmedia&parent=8141"}],"wp:term":[{"taxonomy":"category","embeddable":true,"href":"https:\/\/parafiasmardzewo.pl\/index.php?rest_route=%2Fwp%2Fv2%2Fcategories&post=8141"},{"taxonomy":"post_tag","embeddable":true,"href":"https:\/\/parafiasmardzewo.pl\/index.php?rest_route=%2Fwp%2Fv2%2Ftags&post=8141"}],"curies":[{"name":"wp","href":"https:\/\/api.w.org\/{rel}","templated":true}]}}