{"id":8148,"date":"2022-07-09T22:56:29","date_gmt":"2022-07-09T20:56:29","guid":{"rendered":"http:\/\/parafiasmardzewo.pl\/?p=8148"},"modified":"2022-07-09T23:29:43","modified_gmt":"2022-07-09T21:29:43","slug":"pietnasta-niedziela-w-ciagu-roku-10-lipca-2022","status":"publish","type":"post","link":"https:\/\/parafiasmardzewo.pl\/?p=8148","title":{"rendered":"PI\u0118TNASTA NIEDZIELA W CI\u0104GU ROKU &#8211; 10 lipca 2022"},"content":{"rendered":"<p><strong>OG\u0141OSZENIA DUSZPASTERSKIE<\/strong><\/p>\n<ol>\n<li>Dzi\u015b przypada pi\u0119tnasta niedziela w ci\u0105gu roku. Na drogach wakacyjnego odpoczynku niech nie zabraknie spotkania z Bogiem w czasie Eucharystii. Pami\u0119tajmy o niedzielnym obowi\u0105zku uczestnictwa we Mszy \u015awi\u0119tej. Znajd\u017amy tak\u017ce czas na osobist\u0105 adoracj\u0119 Naj\u015bwi\u0119tszego Sakramentu i modlitw\u0119, aby umacnia\u0107 wie\u017a ze Zbawicielem.<\/li>\n<li>Jutro, w poniedzia\u0142ek, przypada \u015bwi\u0119to \u015awi\u0119tego Benedykta, opata, patrona Europy. U\u0142o\u017cona przez niego regu\u0142a zakonna sta\u0142a si\u0119 podstaw\u0105 \u017cycia wielu zgromadze\u0144 zakonnych. Jej zasadniczym rysem by\u0142y s\u0142owa: \u201eM\u00f3dl si\u0119 i pracuj\u201d (<em>Ora et labora<\/em>).<\/li>\n<li>Jutro tak\u017ce przypada Narodowy Dzie\u0144 Pami\u0119ci Ofiar Ludob\u00f3jstwa dokonanego przez ukrai\u0144skich nacjonalist\u00f3w na obywatelach II Rzeczypospolitej Polskiej. Jest to \u015bwi\u0119to pa\u0144stwowe, po\u015bwi\u0119cone pami\u0119ci ofiar rzezi wo\u0142y\u0144skiej i innych mord\u00f3w na obywatelach II\u00a0Rzeczypospolitej dokonywanych przez nacjonalist\u00f3w ukrai\u0144skich w czasie II wojny \u015bwiatowej. W naszej modlitwie pragniemy pami\u0119ta\u0107 o wszystkich ofiarach tego czasu i\u00a0wyprasza\u0107 im \u0142ask\u0119 \u017cycia wiecznego.<\/li>\n<li>W \u015brod\u0119, 13 lipca,\u00a0 po Mszy \u015awi\u0119tej o godz. 19.00 zapraszam na \u00a0nabo\u017ce\u0144stwo fatimskie.<\/li>\n<li>W sobot\u0119, 16 lipca, przypada liturgiczne wspomnienie Naj\u015bwi\u0119tszej Maryi Panny z G\u00f3ry Karmel, popularnie zwanej Matk\u0105 Bo\u017c\u0105 Szkaplerzn\u0105. Na tej g\u00f3rze duchowi synowie proroka Eliasza oddawali si\u0119 gorliwej modlitwie. W tan spos\u00f3b narodzi\u0142 si\u0119 zakon karmelita\u0144ski, kt\u00f3ry w XII wieku ze wzgl\u0119du na prze\u015bladowania przeni\u00f3s\u0142 si\u0119 do Europy. O godz. 18.00 zostanie odprawiona Msza \u015awi\u0119ta w intencji cz\u0142onk\u00f3w Szkaplerza \u015awi\u0119tego. Serdecznie zapraszam na wsp\u00f3ln\u0105 modlitw\u0119.<\/li>\n<li>Z kultem Matki Bo\u017cej z G\u00f3ry Karmel zwi\u0105zany jest szkaplerz. W 1251 roku Maryja objawi\u0142a si\u0119 Szymonowi Stockowi (genera\u0142owi zakonu karmelit\u00f3w). Zapewni\u0142a w\u00f3wczas, \u017ce kto b\u0119dzie nosi\u0142 ten znak, nie zazna ognia piekielnego.<\/li>\n<li>14 lipca (czwartek) planujemy jednodniow\u0105 pielgrzymk\u0119 do Lichenia. Ci, kt\u00f3rzy chc\u0105 wzi\u0105\u0107 udzia\u0142 w pielgrzymce niech si\u0119 zg\u0142osz\u0105 w kancelarii parafialnej i przeka\u017c\u0105 sw\u00f3j nr PESEL. S\u0105 jeszcze wolne miejsca. 17 i 18 sierpnia (\u015broda i czwartek) planujemy pielgrzymk\u0119 mi\u0119dzy innymi do nast\u0119puj\u0105cych miejscowo\u015bci: Bia\u0142ystok, Supra\u015bl, Kruszyniany, Sok\u00f3\u0142ka i R\u00f3\u017canystok.<\/li>\n<li>Zach\u0119cam do nabycia prasy katolickiej.<\/li>\n<li>W minionym tygodniu odszed\u0142 do wieczno\u015bci \u015bw. p. Roman W\u0142ostowski. Od uczestnik\u00f3w pogrzebu b\u0119dzie odprawionych &#8230;. Mszy \u015awi\u0119tych.<\/li>\n<li>Wszystkim solenizantom i jubilatom tego tygodnia \u017cyczymy do\u015bwiadczenia blisko\u015bci Boga i opieki Matki Naj\u015bwi\u0119tszej, a korzystaj\u0105cym z wakacyjnego odpoczynku, bezpiecznych urlop\u00f3w i umocnienia si\u0142 fizycznych oraz duchowych.<\/li>\n<\/ol>\n<p><strong>W tym tygodniu patronuj\u0105 nam:\u00a0 \u00a0 \u00a0 \u00a0 \u00a0 \u00a0 \u00a0 \u00a0 \u00a0 \u00a0 \u00a0 \u00a0 \u00a0 \u00a0 \u00a0 \u00a0 \u00a0 \u00a0 \u00a0 \u00a0 \u00a0 \u00a0 \u00a0 \u00a0 \u00a0 \u00a0 \u00a0 \u00a0 \u00a0 \u00a0 \u00a0 \u00a0 \u00a0 \u00a0 \u00a0 \u00a0 \u00a0 \u00a0 \u00a0 \u00a0 \u00a0 \u00a0 \u00a0 \u00a0 \u00a0 \u00a0 \u00a0 \u00a0 \u00a0 \u00a0 \u00a0 \u00a0 \u00a0 \u00a0 \u00a0 \u00a0 \u00a0 \u00a0 \u00a0 \u00a0 \u00a0 \u00a0 \u00a0 \u00a0 \u00a0 \u00a0 \u00a0 \u00a0 \u00a0 \u00a0 \u00a0 \u00a0 \u00a0 \u00a0 \u00a0 \u00a0 \u00a0 \u00a0 \u00a0 \u00a0<\/strong>&#8211; <strong>poniedzia\u0142ek,<\/strong> 11 lipca \u2013 \u015awi\u0119ty Benedykt (480-547), opat, tw\u00f3rca regu\u0142y zakonnej benedyktyn\u00f3w, patron Europy; &#8211; <strong>wtorek<\/strong>, 12 lipca \u2013 \u015awi\u0119ty Brunon Bonifacy z Kwerfurtu (ok. 970-1009), biskup i m\u0119czennik, misjonarz na terenach Prus; &#8211;<strong> \u015broda<\/strong>, 13 lipca \u2013 \u015awi\u0119ci Pustelnicy Andrzej \u015awierad i Benedykt (I po\u0142. XI w.), \u017cycie po\u015bwi\u0119cili pokucie i surowej ascezie; &#8211; <strong>pi\u0105tek<\/strong>, 15 lipca \u2013 \u015awi\u0119ty Bonawentura (1218-1274), franciszkanin, odnowiciel zakonu, p\u00f3\u017aniej biskup, doktor Ko\u015bcio\u0142a.<\/p>\n<p>&nbsp;<\/p>\n","protected":false},"excerpt":{"rendered":"<p>OG\u0141OSZENIA DUSZPASTERSKIE Dzi\u015b przypada pi\u0119tnasta niedziela w ci\u0105gu roku. Na drogach wakacyjnego odpoczynku niech nie zabraknie spotkania z Bogiem w czasie Eucharystii. Pami\u0119tajmy o niedzielnym obowi\u0105zku uczestnictwa we Mszy \u015awi\u0119tej. Znajd\u017amy tak\u017ce czas na osobist\u0105 adoracj\u0119 Naj\u015bwi\u0119tszego Sakramentu i modlitw\u0119, aby umacnia\u0107 wie\u017a ze Zbawicielem. Jutro, w poniedzia\u0142ek, przypada \u015bwi\u0119to \u015awi\u0119tego Benedykta, opata, patrona Europy. &hellip; <\/p>\n<p><a class=\"more-link btn\" href=\"https:\/\/parafiasmardzewo.pl\/?p=8148\">Kontynuuj czytanie<\/a><\/p>\n","protected":false},"author":2,"featured_media":6302,"comment_status":"open","ping_status":"open","sticky":false,"template":"","format":"standard","meta":[],"categories":[2],"tags":[],"_links":{"self":[{"href":"https:\/\/parafiasmardzewo.pl\/index.php?rest_route=\/wp\/v2\/posts\/8148"}],"collection":[{"href":"https:\/\/parafiasmardzewo.pl\/index.php?rest_route=\/wp\/v2\/posts"}],"about":[{"href":"https:\/\/parafiasmardzewo.pl\/index.php?rest_route=\/wp\/v2\/types\/post"}],"author":[{"embeddable":true,"href":"https:\/\/parafiasmardzewo.pl\/index.php?rest_route=\/wp\/v2\/users\/2"}],"replies":[{"embeddable":true,"href":"https:\/\/parafiasmardzewo.pl\/index.php?rest_route=%2Fwp%2Fv2%2Fcomments&post=8148"}],"version-history":[{"count":6,"href":"https:\/\/parafiasmardzewo.pl\/index.php?rest_route=\/wp\/v2\/posts\/8148\/revisions"}],"predecessor-version":[{"id":8154,"href":"https:\/\/parafiasmardzewo.pl\/index.php?rest_route=\/wp\/v2\/posts\/8148\/revisions\/8154"}],"wp:featuredmedia":[{"embeddable":true,"href":"https:\/\/parafiasmardzewo.pl\/index.php?rest_route=\/wp\/v2\/media\/6302"}],"wp:attachment":[{"href":"https:\/\/parafiasmardzewo.pl\/index.php?rest_route=%2Fwp%2Fv2%2Fmedia&parent=8148"}],"wp:term":[{"taxonomy":"category","embeddable":true,"href":"https:\/\/parafiasmardzewo.pl\/index.php?rest_route=%2Fwp%2Fv2%2Fcategories&post=8148"},{"taxonomy":"post_tag","embeddable":true,"href":"https:\/\/parafiasmardzewo.pl\/index.php?rest_route=%2Fwp%2Fv2%2Ftags&post=8148"}],"curies":[{"name":"wp","href":"https:\/\/api.w.org\/{rel}","templated":true}]}}