{"id":8157,"date":"2022-07-16T22:05:15","date_gmt":"2022-07-16T20:05:15","guid":{"rendered":"http:\/\/parafiasmardzewo.pl\/?p=8157"},"modified":"2022-07-16T22:07:36","modified_gmt":"2022-07-16T20:07:36","slug":"szesnasta-niedziela-w-ciagu-roku-17-lipca-2022","status":"publish","type":"post","link":"https:\/\/parafiasmardzewo.pl\/?p=8157","title":{"rendered":"SZESNASTA NIEDZIELA W CI\u0104GU ROKU &#8211; 17 lipca 2022"},"content":{"rendered":"<ol>\n<li>Dzi\u015b szesnasta niedziela zwyk\u0142a w kalendarzu liturgicznym. W liturgii mszalnej modlimy si\u0119, aby\u015bmy pe\u0142ni wiary, nadziei i mi\u0142o\u015bci zawsze wiernie zachowywali Bo\u017ce przykazania (kolekta mszalna). Niech spotkanie z Jezusem Chrystusem w tajemnicy Jego m\u0119ki, \u015bmierci i zmartwychwstania b\u0119dzie umocnieniem na tej drodze.<\/li>\n<li>W pi\u0105tek, 22 lipca, przypada \u015bwi\u0119to \u015awi\u0119tej Marii Magdaleny. Magda z Magdali by\u0142a uczennic\u0105 Jezusa. Wraz z innymi niewiastami towarzyszy\u0142a Zbawicielowi. Pierwsza spotka\u0142a Zmartwychwsta\u0142ego Pana i przekaza\u0142a t\u0119 radosn\u0105 nowin\u0119 Aposto\u0142om. Otrzyma\u0142a miano Aposto\u0142ki Aposto\u0142\u00f3w. B\u0119dziemy modli\u0107 si\u0119 przez jej wstawiennictwo, aby Dobra Nowina o\u00a0Zmartwychwsta\u0142ym dotar\u0142a do wszystkich ludzi.<\/li>\n<li>W sobot\u0119, 23 lipca, w liturgii przypada \u015bwi\u0119to \u015awi\u0119tej Brygidy, patronki Europy. Przez jej wstawiennictwo b\u0119dziemy modli\u0107 si\u0119, aby Europa by\u0142a wierna chrze\u015bcija\u0144skim warto\u015bciom i\u00a0trwa\u0142a wiernie przy Chrystusie i Jego Ewangelii.<\/li>\n<li>W nast\u0119pn\u0105 niedziel\u0119 (24 lipca) po Mszach \u015awi\u0119tych o godz. 9.00 \u2013 10.45 i 16.00 b\u0119dziemy modli\u0107 si\u0119 w intencji kierowc\u00f3w i wszystkich podr\u00f3\u017cuj\u0105cych oraz po\u015bwi\u0119cimy pojazdy mechaniczne.<\/li>\n<li>W miniony czwartek (14 lipca) 49 os\u00f3b, w wi\u0119kszo\u015bci z naszej parafii, uczestniczy\u0142o w autokarowej pielgrzymce do Sanktuarium Matki Bo\u017cej Liche\u0144skiej. Pielgrzymi uczestniczyli we Mszy \u015awi\u0119tej przed cudownym obrazem, odprawili wsp\u00f3lnie drog\u0119 krzy\u017cow\u0105 i zwiedzali sanktuarium.<\/li>\n<li>17 i 18 sierpnia (\u015broda i czwartek) planujemy pielgrzymk\u0119 autokarem na Podlasie. Trasa pielgrzymki: Bia\u0142ystok, Kruszyniany (Meczet \u2013 \u015bwi\u0105tynia muzu\u0142ma\u0144ska), Supra\u015b\u0142 (Monastyr \u2013 klasztor prawos\u0142awny), Sok\u00f3\u0142ka (miejsce, gdzie w 2008 roku dokona\u0142 si\u0119 cud eucharystyczny), R\u00f3\u017canystok (Sanktuarium maryjne, kt\u00f3rym opiekuj\u0105 si\u0119 ksi\u0119\u017ca salezjanie) i inne miejsca. S\u0105 jeszcze wolne miejsca. \u00a0Zg\u0142oszenia \u2013 tel. 605-684-622.<\/li>\n<li>Zach\u0119cam do nabycia prasy katolickiej.<\/li>\n<li>Wszystkim jubilatom i solenizantom \u017cyczymy obfito\u015bci Bo\u017cych dar\u00f3w oraz szczeg\u00f3lnej opieki Niepokalanej.<\/li>\n<\/ol>\n<p>&nbsp;<\/p>\n<p>&nbsp;<\/p>\n","protected":false},"excerpt":{"rendered":"<p>Dzi\u015b szesnasta niedziela zwyk\u0142a w kalendarzu liturgicznym. W liturgii mszalnej modlimy si\u0119, aby\u015bmy pe\u0142ni wiary, nadziei i mi\u0142o\u015bci zawsze wiernie zachowywali Bo\u017ce przykazania (kolekta mszalna). Niech spotkanie z Jezusem Chrystusem w tajemnicy Jego m\u0119ki, \u015bmierci i zmartwychwstania b\u0119dzie umocnieniem na tej drodze. W pi\u0105tek, 22 lipca, przypada \u015bwi\u0119to \u015awi\u0119tej Marii Magdaleny. Magda z Magdali by\u0142a &hellip; <\/p>\n<p><a class=\"more-link btn\" href=\"https:\/\/parafiasmardzewo.pl\/?p=8157\">Kontynuuj czytanie<\/a><\/p>\n","protected":false},"author":2,"featured_media":6302,"comment_status":"open","ping_status":"open","sticky":false,"template":"","format":"standard","meta":[],"categories":[1],"tags":[],"_links":{"self":[{"href":"https:\/\/parafiasmardzewo.pl\/index.php?rest_route=\/wp\/v2\/posts\/8157"}],"collection":[{"href":"https:\/\/parafiasmardzewo.pl\/index.php?rest_route=\/wp\/v2\/posts"}],"about":[{"href":"https:\/\/parafiasmardzewo.pl\/index.php?rest_route=\/wp\/v2\/types\/post"}],"author":[{"embeddable":true,"href":"https:\/\/parafiasmardzewo.pl\/index.php?rest_route=\/wp\/v2\/users\/2"}],"replies":[{"embeddable":true,"href":"https:\/\/parafiasmardzewo.pl\/index.php?rest_route=%2Fwp%2Fv2%2Fcomments&post=8157"}],"version-history":[{"count":3,"href":"https:\/\/parafiasmardzewo.pl\/index.php?rest_route=\/wp\/v2\/posts\/8157\/revisions"}],"predecessor-version":[{"id":8160,"href":"https:\/\/parafiasmardzewo.pl\/index.php?rest_route=\/wp\/v2\/posts\/8157\/revisions\/8160"}],"wp:featuredmedia":[{"embeddable":true,"href":"https:\/\/parafiasmardzewo.pl\/index.php?rest_route=\/wp\/v2\/media\/6302"}],"wp:attachment":[{"href":"https:\/\/parafiasmardzewo.pl\/index.php?rest_route=%2Fwp%2Fv2%2Fmedia&parent=8157"}],"wp:term":[{"taxonomy":"category","embeddable":true,"href":"https:\/\/parafiasmardzewo.pl\/index.php?rest_route=%2Fwp%2Fv2%2Fcategories&post=8157"},{"taxonomy":"post_tag","embeddable":true,"href":"https:\/\/parafiasmardzewo.pl\/index.php?rest_route=%2Fwp%2Fv2%2Ftags&post=8157"}],"curies":[{"name":"wp","href":"https:\/\/api.w.org\/{rel}","templated":true}]}}