{"id":8161,"date":"2022-07-23T21:19:38","date_gmt":"2022-07-23T19:19:38","guid":{"rendered":"http:\/\/parafiasmardzewo.pl\/?p=8161"},"modified":"2022-07-23T21:59:59","modified_gmt":"2022-07-23T19:59:59","slug":"siedemnasta-niedziela-w-ciagu-roku-24-lipca-2o22","status":"publish","type":"post","link":"https:\/\/parafiasmardzewo.pl\/?p=8161","title":{"rendered":"SIEDEMNASTA NIEDZIELA W  CI\u0104GU ROKU &#8211;  24 lipca 2O22"},"content":{"rendered":"<p><strong>OG\u0141OSZENIA DUSZPASTERSKIE<\/strong><\/p>\n<ol>\n<li>Dzi\u015b w kalendarzu liturgicznym przypada siedemnasta niedziela w ci\u0105gu roku. Modlimy si\u0119, aby\u015bmy dobrze u\u017cywali rzeczy przemijaj\u0105cych i nieustannie ubiegali si\u0119 o dobra wieczne (kolekta mszalna). Niech na drogach wakacyjnego odpoczynku nie zabraknie troski o \u017cycie duchowe, o modlitw\u0119 osobist\u0105, nawiedzenie \u015bwi\u0105ty\u0144 i udzia\u0142 we Mszy \u015awi\u0119tej.<\/li>\n<li>Jutro, w poniedzia\u0142ek, 25 lipca, przypada wspomnienie \u015awi\u0119tego Krzysztofa, kt\u00f3ry zgin\u0105\u0142 \u015bmierci\u0105 m\u0119cze\u0144sk\u0105 w III wieku. We wsp\u00f3lnocie Ko\u015bcio\u0142a odbiera cze\u015b\u0107 jako patron kierowc\u00f3w, podr\u00f3\u017cuj\u0105cych oraz or\u0119downik w \u015bmiertelnych niebezpiecze\u0144stwach.<\/li>\n<li>Ju\u017c dzisiaj, b\u0119dziemy modli\u0107 si\u0119 za wszystkich uczestnik\u00f3w ruchu drogowego o rozs\u0105dek i odpowiedzialno\u015b\u0107 na drodze. Po ka\u017cdej Mszy \u015awi\u0119tej b\u0119dzie b\u0142ogos\u0142awie\u0144stwo pojazd\u00f3w i kierowc\u00f3w. Podobnie jak w latach ubieg\u0142ych przy po\u015bwi\u0119ceniu pojazd\u00f3w b\u0119dziemy zbiera\u0107 ofiary na pomoc dla misjonarzy.<\/li>\n<li>Jutro te\u017c b\u0119dziemy obchodzili \u015bwi\u0119to \u015awi\u0119tego Jakuba Aposto\u0142a. Nale\u017ca\u0142 do grona najbli\u017cszych uczni\u00f3w, obok Piotra i Jana by\u0142 \u015bwiadkiem wielu cud\u00f3w dokonywanych przez Jezusa. Pierwszy m\u0119czennik za wiar\u0119 z grona Dwunastu.<\/li>\n<li>We wtorek, 26 lipca, w liturgii b\u0119dziemy wspominali \u015awi\u0119tych Rodzic\u00f3w Naj\u015bwi\u0119tszej Maryi Panny: Joachima i Ann\u0119. Pismo \u015awi\u0119te nie przekazuje o nich \u017cadnych informacji. Tradycja Ko\u015bcio\u0142a wraz z kultem Maryi czci tak\u017ce Rodzic\u00f3w Matki Chrystusa. B\u0119dziemy modli\u0107 si\u0119 za naszych dziadk\u00f3w i babcie, aby do\u015bwiadczali blisko\u015bci Boga oraz szacunku i\u00a0mi\u0142o\u015bci ze strony najbli\u017cszych.<\/li>\n<li>6 sierpnia wyruszy 41. Piesza Pielgrzymka Diecezji P\u0142ockiej na Jasn\u0105 G\u00f3r\u0119. Zach\u0119cam do udzia\u0142u w tych w\u0119drownych rekolekcjach. Ci, kt\u00f3rzy nie mog\u0105 wzi\u0105\u0107 udzia\u0142u w pielgrzymce mog\u0105 pielgrzymowa\u0107 w spos\u00f3b duchowy (uczestniczy\u0107 codziennie we Mszy \u015awi\u0119tej i odm\u00f3wi\u0107 modlitwy z Modlitewnika Pielgrzyma). Mo\u017cna zapisa\u0107 si\u0119 na pielgrzymk\u0119 w zakrystii. 4 sierpnia b\u0119dziemy go\u015bci\u0107 pielgrzym\u00f3w z Warmii w\u0119druj\u0105cych r\u00f3wnie\u017c do Jasnog\u00f3rskiej Matki.<\/li>\n<li>Zach\u0119cam do nabycia prasy katolickiej.<\/li>\n<li>Solenizantom i jubilatom tego tygodnia \u017cyczymy obfito\u015bci Bo\u017cego b\u0142ogos\u0142awie\u0144stwa oraz do\u015bwiadczenia blisko\u015bci Zbawiciela i Jego Naj\u015bwi\u0119tszej Matki.<\/li>\n<\/ol>\n<p><strong>W tym tygodniu patronuj\u0105 nam: <\/strong>&#8211; poniedzia\u0142ek, 25 lipca \u2013 \u015awi\u0119ty Jakub Aposto\u0142, nazywany Wi\u0119kszym lub Starszym, brat \u015awi\u0119tego Jana, pierwszy m\u0119czennik z grona Dwunastu; &#8211; poniedzia\u0142ek, 25 lipca \u2013 \u015awi\u0119ty Krzysztof\u00a0 (III w.), m\u0119czennik, patron kierowc\u00f3w i podr\u00f3\u017cuj\u0105cych; &#8211; wtorek, 26 lipca \u2013 \u015awieci Joachim i Anna, rodzice Naj\u015bwi\u0119tszej Maryi Panny; &#8211; pi\u0105tek, 29 lipca &#8211; \u015awi\u0119ta Marta, Maria i \u0141azarz, \u015bwi\u0119te rodze\u0144stwo z Betanii, o kt\u00f3rych \u015awi\u0119ty Jan w Ewangelii m\u00f3wi, \u017ce Pan Jezus ich kocha\u0142, by\u0142 z nimi zaprzyja\u017aniony.<\/p>\n","protected":false},"excerpt":{"rendered":"<p>OG\u0141OSZENIA DUSZPASTERSKIE Dzi\u015b w kalendarzu liturgicznym przypada siedemnasta niedziela w ci\u0105gu roku. Modlimy si\u0119, aby\u015bmy dobrze u\u017cywali rzeczy przemijaj\u0105cych i nieustannie ubiegali si\u0119 o dobra wieczne (kolekta mszalna). Niech na drogach wakacyjnego odpoczynku nie zabraknie troski o \u017cycie duchowe, o modlitw\u0119 osobist\u0105, nawiedzenie \u015bwi\u0105ty\u0144 i udzia\u0142 we Mszy \u015awi\u0119tej. Jutro, w poniedzia\u0142ek, 25 lipca, przypada &hellip; <\/p>\n<p><a class=\"more-link btn\" href=\"https:\/\/parafiasmardzewo.pl\/?p=8161\">Kontynuuj czytanie<\/a><\/p>\n","protected":false},"author":2,"featured_media":6302,"comment_status":"open","ping_status":"open","sticky":false,"template":"","format":"standard","meta":[],"categories":[2],"tags":[],"_links":{"self":[{"href":"https:\/\/parafiasmardzewo.pl\/index.php?rest_route=\/wp\/v2\/posts\/8161"}],"collection":[{"href":"https:\/\/parafiasmardzewo.pl\/index.php?rest_route=\/wp\/v2\/posts"}],"about":[{"href":"https:\/\/parafiasmardzewo.pl\/index.php?rest_route=\/wp\/v2\/types\/post"}],"author":[{"embeddable":true,"href":"https:\/\/parafiasmardzewo.pl\/index.php?rest_route=\/wp\/v2\/users\/2"}],"replies":[{"embeddable":true,"href":"https:\/\/parafiasmardzewo.pl\/index.php?rest_route=%2Fwp%2Fv2%2Fcomments&post=8161"}],"version-history":[{"count":4,"href":"https:\/\/parafiasmardzewo.pl\/index.php?rest_route=\/wp\/v2\/posts\/8161\/revisions"}],"predecessor-version":[{"id":8165,"href":"https:\/\/parafiasmardzewo.pl\/index.php?rest_route=\/wp\/v2\/posts\/8161\/revisions\/8165"}],"wp:featuredmedia":[{"embeddable":true,"href":"https:\/\/parafiasmardzewo.pl\/index.php?rest_route=\/wp\/v2\/media\/6302"}],"wp:attachment":[{"href":"https:\/\/parafiasmardzewo.pl\/index.php?rest_route=%2Fwp%2Fv2%2Fmedia&parent=8161"}],"wp:term":[{"taxonomy":"category","embeddable":true,"href":"https:\/\/parafiasmardzewo.pl\/index.php?rest_route=%2Fwp%2Fv2%2Fcategories&post=8161"},{"taxonomy":"post_tag","embeddable":true,"href":"https:\/\/parafiasmardzewo.pl\/index.php?rest_route=%2Fwp%2Fv2%2Ftags&post=8161"}],"curies":[{"name":"wp","href":"https:\/\/api.w.org\/{rel}","templated":true}]}}