{"id":8170,"date":"2022-07-30T20:46:25","date_gmt":"2022-07-30T18:46:25","guid":{"rendered":"http:\/\/parafiasmardzewo.pl\/?p=8170"},"modified":"2022-07-30T21:35:37","modified_gmt":"2022-07-30T19:35:37","slug":"osiemnasta-niedziela-w-ciagu-roku-31-lipca-2022","status":"publish","type":"post","link":"https:\/\/parafiasmardzewo.pl\/?p=8170","title":{"rendered":"OSIEMNASTA NIEDZIELA W CI\u0104GU ROKU &#8211;  31 lipca 2022"},"content":{"rendered":"<p><strong>OG\u0141OSZENIA DUSZPASTERSKIE<\/strong><\/p>\n<ol>\n<li>Dzi\u015b ostatnia niedziela lipca, w kalendarzu liturgicznym osiemnasta niedziela w ci\u0105gu roku. Liturgia dzisiaj wzywa do troski nie tylko o dobra doczesne, ale przede wszystkim o dobra wieczne. Niech moc Pana p\u0142yn\u0105ca z Eucharystii uzdalnia nas do troski o nasze zbawienie.<\/li>\n<li>Jutro, 1 sierpnia, przypada 78. rocznica wybuchu powstania warszawskiego. Wszystkich, kt\u00f3rzy oddali \u017cycie w obronie naszej ojczyzny, b\u0119dziemy poleca\u0107 w modlitwie mi\u0142osiernemu Bogu.<\/li>\n<li>Wtorek, 2 sierpnia, to dzie\u0144 odpustu Porcjunkuli, zwi\u0105zanego ze \u015awi\u0119tym Franciszkiem z\u00a0Asy\u017cu. Odpust mo\u017cna zyska\u0107 od po\u0142udnia 1 sierpnia do p\u00f3\u0142nocy 2 sierpnia. Do warunk\u00f3w odpustu nale\u017c\u0105: nawiedzenie jakiejkolwiek parafialnej \u015bwi\u0105tyni, odm\u00f3wienie przynajmniej modlitwy Ojcze nasz i Zdrowa\u015b Maryjo, stan \u0142aski u\u015bwiecaj\u0105cej, Komunia \u015awi\u0119ta, modlitwa w intencjach wyznaczonych przez Ojca \u015awi\u0119tego oraz brak przywi\u0105zania do grzechu.<\/li>\n<li>W czwartek, 4 sierpnia, przypada liturgiczne wspomnienie \u015awi\u0119tego Jana Marii Vianneya, patrona proboszcz\u00f3w. B\u0119dzie to jednocze\u015bnie pierwszy czwartek miesi\u0105ca. Modlitwa o u\u015bwi\u0119cenie kap\u0142an\u00f3w oraz o nowe powo\u0142ania o godz. 18.00.<\/li>\n<li>Najbli\u017cszy pi\u0105tek, 5 sierpnia, b\u0119dzie pierwszym pi\u0105tkiem miesi\u0105ca. Msza \u015awi\u0119ta wotywna o godz. 18.00. Po niej nabo\u017ce\u0144stwo do Naj\u015bwi\u0119tszego Serca Pana Jezusa. Spowied\u017a \u015bwi\u0119ta od godz. 17.30.<\/li>\n<li>W sobot\u0119, 6 sierpnia, b\u0119dziemy obchodzili \u015bwi\u0119to Przemienienia Pa\u0144skiego. To wydarzenie zanotowane na kartach Ewangelii by\u0142o zapowiedzi\u0105 naszej przysz\u0142o\u015bci \u2013 \u017cycia wiecznego, ogl\u0105dania na wieki Boskiego Oblicza. Msze \u015awi\u0119te tego dnia o godz. 8.30 i 18.00.<\/li>\n<li>Z racji pierwszej soboty miesi\u0105ca wystawienie Naj\u015bwi\u0119tszego Sakramentu i nabo\u017ce\u0144stwo ku czci Matki Naj\u015bwi\u0119tszej i Msza \u015awi\u0119ta o godz. 8.30.<\/li>\n<li>Najbli\u017csza niedziela b\u0119dzie pierwsz\u0105 niedziel\u0105 miesi\u0105ca. Wystawienie Naj\u015bwi\u0119tszego Sakramentu i adoracja po Mszy \u015awi\u0119tej o godz.10.45. Zapraszam asyst\u0119 procesyjn\u0105 i dziewczynki do sypania kwiatkami.<\/li>\n<li>Sierpie\u0144 to miesi\u0105c licznych pielgrzymek do r\u00f3\u017cnych sanktuari\u00f3w maryjnych, szczeg\u00f3lnie na Jasn\u0105 G\u00f3r\u0119. 6 sierpnia wyruszy 41. Piesza Pielgrzymka Diecezji P\u0142ockiej na Jasn\u0105 G\u00f3r\u0119. Zach\u0119cam do udzia\u0142u w tych w\u0119drownych rekolekcjach. Ci, kt\u00f3rzy nie mog\u0105 wzi\u0105\u0107 udzia\u0142u w pielgrzymce mog\u0105 pielgrzymowa\u0107 w spos\u00f3b duchowy (uczestniczy\u0107 codziennie we Mszy \u015awi\u0119tej i odm\u00f3wi\u0107 modlitwy z Modlitewnika Pielgrzyma). Zapisy na pielgrzymk\u0119 w zakrystii.<\/li>\n<li>4 sierpnia b\u0119dziemy go\u015bci\u0107 pielgrzym\u00f3w z Warmii w\u0119druj\u0105cych do Jasnog\u00f3rskiej Matki. Posi\u0142ek dla pielgrzym\u00f3w przygotuj\u0105 mieszka\u0144cy \u0106wiklinka i Milewa. W nast\u0119pnym roku w\u0142\u0105cz\u0105 si\u0119 mieszka\u0144cy kolejnych wiosek.<\/li>\n<li>W nast\u0119pn\u0105 niedziel\u0119, 7 sierpnia, po Mszy \u015awi\u0119tej o godz. 16.00 zapraszam na spotkanie cz\u0142onk\u00f3w Rady Duszpasterskiej i Rady Gospodarczej.<\/li>\n<li>Pa\u0144stwu Paw\u0142owskim z Paw\u0142owa\u00a0 (par. Sarbiewo)\u00a0 dzi\u0119kuj\u0119 za przyci\u0119cie krzew\u00f3w ozdobnych przy plebanii.<\/li>\n<li>Zach\u0119cam do nabycia prasy katolickiej.<\/li>\n<li>Wszystkim solenizantom i jubilatom rozpoczynaj\u0105cego si\u0119 tygodnia \u017cyczymy otwarto\u015bci na Bo\u017ce s\u0142owo, roztropno\u015bci w podejmowanych decyzjach oraz do\u015bwiadczenia Bo\u017cej mocy w\u00a0trudno\u015bciach dnia codziennego.<\/li>\n<\/ol>\n<p><strong>W tym tygodniu patronuj\u0105 nam:\u00a0 \u00a0 \u00a0 \u00a0 \u00a0 \u00a0 \u00a0 \u00a0 \u00a0 \u00a0 \u00a0 \u00a0 \u00a0 \u00a0 \u00a0 \u00a0 \u00a0 \u00a0 \u00a0 \u00a0 \u00a0 \u00a0 \u00a0 \u00a0 \u00a0 \u00a0 \u00a0 \u00a0 \u00a0 \u00a0 \u00a0 \u00a0 \u00a0 \u00a0 \u00a0 \u00a0 \u00a0 \u00a0 \u00a0 \u00a0 \u00a0 \u00a0 \u00a0 \u00a0 \u00a0 \u00a0 \u00a0 \u00a0 \u00a0 \u00a0 \u00a0 \u00a0 \u00a0 \u00a0 \u00a0 \u00a0 \u00a0 \u00a0 \u00a0 \u00a0 \u00a0 \u00a0 \u00a0 \u00a0 \u00a0 \u00a0 \u00a0 \u00a0 \u00a0 \u00a0 \u00a0 \u00a0 \u00a0 \u00a0 \u00a0 \u00a0 \u00a0 \u00a0 \u00a0 \u00a0 \u00a0 \u00a0 \u00a0 \u00a0 <\/strong>&#8211; poniedzia\u0142ek, 1 sierpnia \u2013 \u015awi\u0119ty Alfons Maria Liguori (1696-1787), biskup i doktor Ko\u015bcio\u0142a, za\u0142o\u017cyciel wsp\u00f3lnoty redemptoryst\u00f3w; &#8211; czwartek, 4 sierpnia \u2013 \u015awi\u0119ty Jan Maria Vianney (1786-1859), prezbiter, patron proboszcz\u00f3w.<\/p>\n<p>&nbsp;<\/p>\n","protected":false},"excerpt":{"rendered":"<p>OG\u0141OSZENIA DUSZPASTERSKIE Dzi\u015b ostatnia niedziela lipca, w kalendarzu liturgicznym osiemnasta niedziela w ci\u0105gu roku. Liturgia dzisiaj wzywa do troski nie tylko o dobra doczesne, ale przede wszystkim o dobra wieczne. Niech moc Pana p\u0142yn\u0105ca z Eucharystii uzdalnia nas do troski o nasze zbawienie. Jutro, 1 sierpnia, przypada 78. rocznica wybuchu powstania warszawskiego. Wszystkich, kt\u00f3rzy oddali &hellip; <\/p>\n<p><a class=\"more-link btn\" href=\"https:\/\/parafiasmardzewo.pl\/?p=8170\">Kontynuuj czytanie<\/a><\/p>\n","protected":false},"author":2,"featured_media":6302,"comment_status":"open","ping_status":"open","sticky":false,"template":"","format":"standard","meta":[],"categories":[2],"tags":[],"_links":{"self":[{"href":"https:\/\/parafiasmardzewo.pl\/index.php?rest_route=\/wp\/v2\/posts\/8170"}],"collection":[{"href":"https:\/\/parafiasmardzewo.pl\/index.php?rest_route=\/wp\/v2\/posts"}],"about":[{"href":"https:\/\/parafiasmardzewo.pl\/index.php?rest_route=\/wp\/v2\/types\/post"}],"author":[{"embeddable":true,"href":"https:\/\/parafiasmardzewo.pl\/index.php?rest_route=\/wp\/v2\/users\/2"}],"replies":[{"embeddable":true,"href":"https:\/\/parafiasmardzewo.pl\/index.php?rest_route=%2Fwp%2Fv2%2Fcomments&post=8170"}],"version-history":[{"count":3,"href":"https:\/\/parafiasmardzewo.pl\/index.php?rest_route=\/wp\/v2\/posts\/8170\/revisions"}],"predecessor-version":[{"id":8173,"href":"https:\/\/parafiasmardzewo.pl\/index.php?rest_route=\/wp\/v2\/posts\/8170\/revisions\/8173"}],"wp:featuredmedia":[{"embeddable":true,"href":"https:\/\/parafiasmardzewo.pl\/index.php?rest_route=\/wp\/v2\/media\/6302"}],"wp:attachment":[{"href":"https:\/\/parafiasmardzewo.pl\/index.php?rest_route=%2Fwp%2Fv2%2Fmedia&parent=8170"}],"wp:term":[{"taxonomy":"category","embeddable":true,"href":"https:\/\/parafiasmardzewo.pl\/index.php?rest_route=%2Fwp%2Fv2%2Fcategories&post=8170"},{"taxonomy":"post_tag","embeddable":true,"href":"https:\/\/parafiasmardzewo.pl\/index.php?rest_route=%2Fwp%2Fv2%2Ftags&post=8170"}],"curies":[{"name":"wp","href":"https:\/\/api.w.org\/{rel}","templated":true}]}}