{"id":8181,"date":"2022-08-06T21:34:46","date_gmt":"2022-08-06T19:34:46","guid":{"rendered":"http:\/\/parafiasmardzewo.pl\/?p=8181"},"modified":"2022-08-06T21:35:29","modified_gmt":"2022-08-06T19:35:29","slug":"dziewietnasta-niedziela-w-ciagu-roku-7-sierpnia-2022","status":"publish","type":"post","link":"https:\/\/parafiasmardzewo.pl\/?p=8181","title":{"rendered":"DZIEWI\u0118TNASTA NIEDZIELA W CI\u0104GU ROKU &#8211; 7 sierpnia 2022"},"content":{"rendered":"<p><strong>OG\u0141OSZENIA DUSZPASTERSKIE<\/strong><\/p>\n<ol>\n<li>Dzi\u015b kolejna wakacyjna niedziela, dziewi\u0119tnasta niedziela w roku liturgicznym. Modlimy si\u0119 wsp\u00f3lnie, aby B\u00f3g umocni\u0142 w naszych sercach ducha przybranych dzieci, aby\u015bmy mogli osi\u0105gn\u0105\u0107 obiecane dziedzictwo (kolekta mszalna). Niech nasze dobre pragnienia wspomaga tak\u017ce or\u0119downictwo Maryi, kt\u00f3ra w r\u00f3\u017cnych sanktuariach gromadzi rzesze pielgrzym\u00f3w.<\/li>\n<li>Dzi\u015b pierwsza niedziela miesi\u0105ca. Po Eucharystii o godz. 10.45 b\u0119dzie wystawienie Naj\u015bwi\u0119tszego Sakramentu i procesja eucharystyczna.<\/li>\n<li>W \u015brod\u0119, 10 sierpnia, w liturgii obchodzimy \u015bwi\u0119to \u015awi\u0119tego Wawrzy\u0144ca, diakona i\u00a0m\u0119czennika z III wieku.<\/li>\n<li>W sobot\u0119, 13 sierpnia, nabo\u017ce\u0144stwo fatimskie o godz. 19.00. Serdecznie zapraszam, aby w\u00a0modlitwie przez r\u0119ce Maryi wyprasza\u0107 Bo\u017ce dary dla nas i ca\u0142ego \u015bwiata.<\/li>\n<li>W miniony czwartek, 4 sierpnia, go\u015bcili\u015bmy pielgrzym\u00f3w z Warmii, kt\u00f3rzy w\u0119druj\u0105 do Jasnog\u00f3rskiej Matki. Mieszka\u0144cy \u0106wiklinka i Milewa przygotowali \u015bniadanie dla p\u0105tnik\u00f3w. Bardzo serdecznie dzi\u0119kuj\u0119 mieszka\u0144com tych wiosek za dar serca dla pielgrzym\u00f3w. Szczeg\u00f3lnie dzi\u0119kuj\u0119 paniom, kt\u00f3re zaanga\u017cowa\u0142y si\u0119 w przygotowanie posi\u0142ku. Dzi\u0119kuj\u0119 r\u00f3wnie\u017c panu J\u00f3zefowi Popio\u0142kowskiemu z Koliszewa za ofiarowanie s\u0142odkich bu\u0142ek dla p\u0105tnik\u00f3w.<\/li>\n<li>Przygotowujemy si\u0119 do odpustu, kt\u00f3ry b\u0119dziemy prze\u017cywa\u0107 15 sierpnia (poniedzia\u0142ek) w uroczysto\u015b\u0107 Wniebowzi\u0119cia NMP. Program uroczysto\u015bci odpustowych b\u0119dzie umieszczony na stronie internetowej parafii i szczeg\u00f3\u0142owo podany w nast\u0119pn\u0105 niedziel\u0119.<\/li>\n<li>Mieszka\u0144c\u00f3w K\u0119py prosz\u0119 o przygotowanie wie\u0144ca do\u017cynkowego. Dzi\u0119kczynienie za tegoroczne plony odb\u0119d\u0105 si\u0119 8 wrze\u015bnia, w czasie odpustu \u015awi\u0119ta Narodzenia NMP.<\/li>\n<li>Osoby, kt\u00f3re zapisa\u0142y si\u0119 na pielgrzymk\u0119 w dniach 17 i 18 sierpnia br., niech dostarcz\u0105 PESEL, je\u015bli jeszcze tego nie uczyni\u0142y.<\/li>\n<li>Dzisiaj, po Mszy \u015awi\u0119tej o godz. 16.00 b\u0119dzie spotkanie z cz\u0142onkami Rady Duszpasterskiej i Rady Gospodarczej. Serdecznie zapraszam.<\/li>\n<li>Zach\u0119cam do nabycia prasy katolickiej.<\/li>\n<li>W ostatnim tygodniu odesz\u0142a do Pana <strong>+ Wies\u0142awa Grzelak<\/strong>, kt\u00f3ra prze\u017cy\u0142a 61 lat. Od uczestnik\u00f3w pogrzebu b\u0119dzie odprawionych 12 Mszy \u015awi\u0119tych, w tym 4 intencje od mieszka\u0144c\u00f3w wioski Cieci\u00f3rki. Wypraszajmy jej dar \u017cycia wiecznego nasz\u0105 modlitw\u0105: Dobry Jezu, a nasz Panie, daj jej wieczne spoczywanie.<\/li>\n<li>Wszystkim solenizantom i jubilatom tego tygodnia \u017cyczymy obfito\u015bci Bo\u017cego b\u0142ogos\u0142awie\u0144stwa oraz opieki Matki Naj\u015bwi\u0119tszej.<\/li>\n<\/ol>\n<p><strong>W tym tygodniu patronuj\u0105 nam: <\/strong>&#8211; <strong>poniedzia\u0142ek<\/strong>, 8 sierpnia &#8211; \u015awi\u0119ty Dominik (ok. 1170-1221), prezbiter, za\u0142o\u017cyciel zakonu dominika\u0144skiego; <strong>&#8211; wtorek<\/strong>, 9 sierpnia \u2013 \u015awi\u0119ta Teresa Benedykta od Krzy\u017ca (1891- 1942 ), dziewica i m\u0119czennica, patronka Europy zamordowana w Auschwitz; &#8211; <strong>\u015broda<\/strong>, 10 sierpnia \u2013 \u015awi\u0119ty Wawrzyniec (III w.), diakon i m\u0119czennik; &#8211; <strong>czwartek<\/strong>, 11 sierpnia \u2013 \u015awi\u0119ta Klara (1194-1253), dziewica, za\u0142o\u017cycielka zgromadzenia klarysek.<\/p>\n","protected":false},"excerpt":{"rendered":"<p>OG\u0141OSZENIA DUSZPASTERSKIE Dzi\u015b kolejna wakacyjna niedziela, dziewi\u0119tnasta niedziela w roku liturgicznym. Modlimy si\u0119 wsp\u00f3lnie, aby B\u00f3g umocni\u0142 w naszych sercach ducha przybranych dzieci, aby\u015bmy mogli osi\u0105gn\u0105\u0107 obiecane dziedzictwo (kolekta mszalna). Niech nasze dobre pragnienia wspomaga tak\u017ce or\u0119downictwo Maryi, kt\u00f3ra w r\u00f3\u017cnych sanktuariach gromadzi rzesze pielgrzym\u00f3w. Dzi\u015b pierwsza niedziela miesi\u0105ca. Po Eucharystii o godz. 10.45 b\u0119dzie &hellip; <\/p>\n<p><a class=\"more-link btn\" href=\"https:\/\/parafiasmardzewo.pl\/?p=8181\">Kontynuuj czytanie<\/a><\/p>\n","protected":false},"author":2,"featured_media":6302,"comment_status":"open","ping_status":"open","sticky":false,"template":"","format":"standard","meta":[],"categories":[2],"tags":[],"_links":{"self":[{"href":"https:\/\/parafiasmardzewo.pl\/index.php?rest_route=\/wp\/v2\/posts\/8181"}],"collection":[{"href":"https:\/\/parafiasmardzewo.pl\/index.php?rest_route=\/wp\/v2\/posts"}],"about":[{"href":"https:\/\/parafiasmardzewo.pl\/index.php?rest_route=\/wp\/v2\/types\/post"}],"author":[{"embeddable":true,"href":"https:\/\/parafiasmardzewo.pl\/index.php?rest_route=\/wp\/v2\/users\/2"}],"replies":[{"embeddable":true,"href":"https:\/\/parafiasmardzewo.pl\/index.php?rest_route=%2Fwp%2Fv2%2Fcomments&post=8181"}],"version-history":[{"count":1,"href":"https:\/\/parafiasmardzewo.pl\/index.php?rest_route=\/wp\/v2\/posts\/8181\/revisions"}],"predecessor-version":[{"id":8182,"href":"https:\/\/parafiasmardzewo.pl\/index.php?rest_route=\/wp\/v2\/posts\/8181\/revisions\/8182"}],"wp:featuredmedia":[{"embeddable":true,"href":"https:\/\/parafiasmardzewo.pl\/index.php?rest_route=\/wp\/v2\/media\/6302"}],"wp:attachment":[{"href":"https:\/\/parafiasmardzewo.pl\/index.php?rest_route=%2Fwp%2Fv2%2Fmedia&parent=8181"}],"wp:term":[{"taxonomy":"category","embeddable":true,"href":"https:\/\/parafiasmardzewo.pl\/index.php?rest_route=%2Fwp%2Fv2%2Fcategories&post=8181"},{"taxonomy":"post_tag","embeddable":true,"href":"https:\/\/parafiasmardzewo.pl\/index.php?rest_route=%2Fwp%2Fv2%2Ftags&post=8181"}],"curies":[{"name":"wp","href":"https:\/\/api.w.org\/{rel}","templated":true}]}}