{"id":8254,"date":"2022-08-13T22:27:42","date_gmt":"2022-08-13T20:27:42","guid":{"rendered":"http:\/\/parafiasmardzewo.pl\/?p=8254"},"modified":"2022-08-14T22:56:47","modified_gmt":"2022-08-14T20:56:47","slug":"dwodziesta-niedziela-w-ciagu-roku-14-sierpnia-2022","status":"publish","type":"post","link":"https:\/\/parafiasmardzewo.pl\/?p=8254","title":{"rendered":"DWUDZIESTA NIEDZIELA W CI\u0104GU ROKU &#8211; 14 sierpnia 2022"},"content":{"rendered":"<p><strong>OG\u0141OSZENIA DUSZPASTERSKIE<\/strong><\/p>\n<ol>\n<li>Dzi\u015b kolejna wakacyjna niedziela, w kalendarzu liturgicznym dwudziesta niedziela zwyk\u0142a w ci\u0105gu roku. Zwracamy si\u0119 w modlitwie do Boga, aby\u015bmy mi\u0142uj\u0105c Go we wszystkim i ponad wszystko, otrzymali obiecane dziedzictwo, kt\u00f3re przewy\u017csza wszelkie pragnienia (kolekta mszalna). Niech moc Pana p\u0142yn\u0105ca z tajemnicy Eucharystii umacnia nas na drogach codziennych obowi\u0105zk\u00f3w.<\/li>\n<li>Jutro, 15 sierpnia, uroczysto\u015b\u0107 Wniebowzi\u0119cia Naj\u015bwi\u0119tszej Maryi Panny. Wiara w to, \u017ce Maryja po ziemskim \u017cyciu zosta\u0142a z cia\u0142em i dusz\u0105 wzi\u0119ta do nieba, istnia\u0142a ju\u017c w pierwotnym Ko\u015bciele. Oficjalnie sformu\u0142owa\u0142 j\u0105 papie\u017c Pius XII dogmatem w 1950 roku. Msze \u015awi\u0119te w naszej \u015bwi\u0105tyni tego dnia o godz. 9.00 \u2013 12.00 \u2013 17.00. Nasza parafia prze\u017cywa uroczysto\u015b\u0107 odpustow\u0105 \u2013 Wniebowzi\u0119cie NMP. Kazania na wszystkich Mszach \u015awi\u0119tych b\u0119dzie g\u0142osi\u0142 ks. dr Jaros\u0142aw Tomaszewski. Szczeg\u00f3\u0142owy program jest zamieszczony na stronie internetowej\u00a0 parafii i w kruchcie ko\u015bcio\u0142a.<\/li>\n<li>W polskiej tradycji jutrzejsza uroczysto\u015b\u0107 nosi nazw\u0119 \u015bwi\u0119ta Matki Bo\u017cej Zielnej. Maryja jest najpi\u0119kniejszym kwiatem ludzko\u015bci. Tego dnia b\u0142ogos\u0142awione s\u0105 bukiety kwiat\u00f3w, zi\u00f3\u0142 i\u00a0warzyw. W ten spos\u00f3b b\u0119dziemy dzi\u0119kowali Bogu za pierwsze tegoroczne zbiory i owoce ziemi.<\/li>\n<li>Jutro przypada r\u00f3wnie\u017c kolejna rocznica Bitwy Warszawskiej z 1920 roku, tak zwanego Cudu nad Wis\u0142\u0105. Polacy odnie\u015bli w\u00f3wczas wielkie zwyci\u0119stwo w walce z wojskami bolszewickimi. Ten dzie\u0144 obchodzony jest tak\u017ce jako \u015awi\u0119to Wojska Polskiego.<\/li>\n<li>Panu Bogdanowi Szcze\u015bniewskiemu dzi\u0119kuj\u0119 za zamontowanie tablicy w kruchcie ko\u015bcio\u0142a. Pa\u0144stwu Danucie i Henrykowi Kr\u00f3lom dzi\u0119kuj\u0119 za parce przy piel\u0119gnowaniu krzew\u00f3w przy ko\u015bciele i plebanii. Pa\u0144stwu Bernardzie i Wies\u0142awowi Gierkowskim dzi\u0119kuj\u0119 za piel\u0119gnowanie kwiat\u00f3w przy ko\u015bciele. Panu Krzysztofowi Morawskiemu dzi\u0119kuj\u0119 za skoszenie trawy na dzia\u0142kach parafialnych. Pani Bo\u017cenie Chojnackiej dzi\u0119kuj\u0119 za pomoc przy pracach w ko\u015bciele.<\/li>\n<li><strong>\u00a017 i 18 sierpnia (\u015broda i czwartek) planujemy wyjazd autokarem na Podlasie. Trasa pielgrzymki: Bia\u0142ystok, Kruszyniany (Meczet \u2013 \u015bwi\u0105tynia muzu\u0142ma\u0144ska), Supra\u015b\u0142 (Monastyr \u2013 klasztor prawos\u0142awny), Sok\u00f3\u0142ka (miejsce, gdzie w 2008 roku dokona\u0142 si\u0119 cud eucharystyczny), R\u00f3\u017canystok (Sanktuarium maryjne, kt\u00f3rym opiekuj\u0105 si\u0119 ksi\u0119\u017ca salezjanie) i inne miejsca. Wyjazd ze Smardzewa 17 sierpnia (\u015broda) o godz. 6.00.\u00a0 O godz. 5.30\u00a0 Msza \u015awi\u0119ta w ko\u015bciele w Smardzewie.\u00a0\u00a0<\/strong><\/li>\n<li>Zach\u0119cam do nabycia prasy katolickiej. Zach\u0119cam do nabycia prasy katolickiej.<\/li>\n<li>Wszystkim solenizantom i jubilatom tego tygodnia \u017cyczymy wzrastania w wierze, nadziei i\u00a0mi\u0142o\u015bci oraz nieustannego trwania przy Chrystusie i nieustannej opieki Maryi Wniebowzi\u0119tej.<\/li>\n<\/ol>\n<p><strong>W tym tygodniu patronuj\u0105 nam:\u00a0 \u00a0 \u00a0 \u00a0 \u00a0 \u00a0 \u00a0 \u00a0 \u00a0 \u00a0 \u00a0 \u00a0 \u00a0 \u00a0 \u00a0 \u00a0 \u00a0 \u00a0 \u00a0 \u00a0 \u00a0 \u00a0 \u00a0 \u00a0 \u00a0 \u00a0 \u00a0 \u00a0 \u00a0 \u00a0 \u00a0 \u00a0 \u00a0 \u00a0 \u00a0 \u00a0 \u00a0 \u00a0 \u00a0 \u00a0 \u00a0 \u00a0 \u00a0 \u00a0 \u00a0 \u00a0 \u00a0 \u00a0 \u00a0 \u00a0 \u00a0 \u00a0 \u00a0 \u00a0 \u00a0 \u00a0 \u00a0 \u00a0 \u00a0 \u00a0 \u00a0 \u00a0 \u00a0 \u00a0 \u00a0 \u00a0 \u00a0 \u00a0 \u00a0 \u00a0 \u00a0 \u00a0 \u00a0 \u00a0 \u00a0 \u00a0 \u00a0 \u00a0 \u00a0 \u00a0 \u00a0 \u00a0 <\/strong>&#8211; \u015broda, 17 sierpnia &#8211; \u015awi\u0119ty Jacek, (1200-1257), prezbiter, dominikanin, gorliwy misjonarz, wielki czciciel Matki Bo\u017cej; &#8211; sobota, 20 sierpnia \u2013 \u015awi\u0119ty Bernard, (1090-1153), opat cysterski z Clairvaux we Francji,\u00a0 doktor Ko\u015bcio\u0142a.<\/p>\n<p>&nbsp;<\/p>\n","protected":false},"excerpt":{"rendered":"<p>OG\u0141OSZENIA DUSZPASTERSKIE Dzi\u015b kolejna wakacyjna niedziela, w kalendarzu liturgicznym dwudziesta niedziela zwyk\u0142a w ci\u0105gu roku. Zwracamy si\u0119 w modlitwie do Boga, aby\u015bmy mi\u0142uj\u0105c Go we wszystkim i ponad wszystko, otrzymali obiecane dziedzictwo, kt\u00f3re przewy\u017csza wszelkie pragnienia (kolekta mszalna). Niech moc Pana p\u0142yn\u0105ca z tajemnicy Eucharystii umacnia nas na drogach codziennych obowi\u0105zk\u00f3w. Jutro, 15 sierpnia, uroczysto\u015b\u0107 &hellip; <\/p>\n<p><a class=\"more-link btn\" href=\"https:\/\/parafiasmardzewo.pl\/?p=8254\">Kontynuuj czytanie<\/a><\/p>\n","protected":false},"author":2,"featured_media":6302,"comment_status":"open","ping_status":"open","sticky":false,"template":"","format":"standard","meta":[],"categories":[2],"tags":[],"_links":{"self":[{"href":"https:\/\/parafiasmardzewo.pl\/index.php?rest_route=\/wp\/v2\/posts\/8254"}],"collection":[{"href":"https:\/\/parafiasmardzewo.pl\/index.php?rest_route=\/wp\/v2\/posts"}],"about":[{"href":"https:\/\/parafiasmardzewo.pl\/index.php?rest_route=\/wp\/v2\/types\/post"}],"author":[{"embeddable":true,"href":"https:\/\/parafiasmardzewo.pl\/index.php?rest_route=\/wp\/v2\/users\/2"}],"replies":[{"embeddable":true,"href":"https:\/\/parafiasmardzewo.pl\/index.php?rest_route=%2Fwp%2Fv2%2Fcomments&post=8254"}],"version-history":[{"count":9,"href":"https:\/\/parafiasmardzewo.pl\/index.php?rest_route=\/wp\/v2\/posts\/8254\/revisions"}],"predecessor-version":[{"id":8265,"href":"https:\/\/parafiasmardzewo.pl\/index.php?rest_route=\/wp\/v2\/posts\/8254\/revisions\/8265"}],"wp:featuredmedia":[{"embeddable":true,"href":"https:\/\/parafiasmardzewo.pl\/index.php?rest_route=\/wp\/v2\/media\/6302"}],"wp:attachment":[{"href":"https:\/\/parafiasmardzewo.pl\/index.php?rest_route=%2Fwp%2Fv2%2Fmedia&parent=8254"}],"wp:term":[{"taxonomy":"category","embeddable":true,"href":"https:\/\/parafiasmardzewo.pl\/index.php?rest_route=%2Fwp%2Fv2%2Fcategories&post=8254"},{"taxonomy":"post_tag","embeddable":true,"href":"https:\/\/parafiasmardzewo.pl\/index.php?rest_route=%2Fwp%2Fv2%2Ftags&post=8254"}],"curies":[{"name":"wp","href":"https:\/\/api.w.org\/{rel}","templated":true}]}}