{"id":8261,"date":"2022-08-13T23:00:02","date_gmt":"2022-08-13T21:00:02","guid":{"rendered":"http:\/\/parafiasmardzewo.pl\/?p=8261"},"modified":"2022-08-13T23:00:02","modified_gmt":"2022-08-13T21:00:02","slug":"program-uroczystosci-odpustowych-15-viii-2022-r-w-smardzewie","status":"publish","type":"post","link":"https:\/\/parafiasmardzewo.pl\/?p=8261","title":{"rendered":"Program Uroczysto\u015bci odpustowych 15 VIII 2022 r. w Smardzewie"},"content":{"rendered":"<p><strong>14 sierpnia (niedziela)<\/strong><\/p>\n<p>godz. 20.30 R\u00f3\u017caniec<\/p>\n<p>godz. 21.00 Apel Jasnog\u00f3rski<\/p>\n<p><strong><em>Uroczysto\u015b\u0107 Wniebowzi\u0119cia Naj\u015bwi\u0119tszej Maryi Panny<\/em><\/strong><\/p>\n<p><strong>\u00a0<\/strong><strong>15 sierpnia (poniedzia\u0142ek)<\/strong><\/p>\n<p>godz. 09.00 Msza \u015bw. z kazaniem<\/p>\n<p>godz. 10.30 Powitanie pielgrzym\u00f3w<\/p>\n<p>godz. 11.30\u00a0 R\u00f3\u017caniec<\/p>\n<p>godz. 12.00 Msza \u015bw. z kazaniem<\/p>\n<p>Procesja Eucharystyczna<\/p>\n<p>Po\u015bwi\u0119cenie zi\u00f3\u0142 i kwiat\u00f3w<\/p>\n<p>godz. 17.00 Msza \u015bw. z kazaniem<\/p>\n<p>&nbsp;<\/p>\n","protected":false},"excerpt":{"rendered":"<p>14 sierpnia (niedziela) godz. 20.30 R\u00f3\u017caniec godz. 21.00 Apel Jasnog\u00f3rski Uroczysto\u015b\u0107 Wniebowzi\u0119cia Naj\u015bwi\u0119tszej Maryi Panny \u00a015 sierpnia (poniedzia\u0142ek) godz. 09.00 Msza \u015bw. z kazaniem godz. 10.30 Powitanie pielgrzym\u00f3w godz. 11.30\u00a0 R\u00f3\u017caniec godz. 12.00 Msza \u015bw. z kazaniem Procesja Eucharystyczna Po\u015bwi\u0119cenie zi\u00f3\u0142 i kwiat\u00f3w godz. 17.00 Msza \u015bw. z kazaniem &nbsp;<\/p>\n","protected":false},"author":2,"featured_media":6754,"comment_status":"open","ping_status":"open","sticky":false,"template":"","format":"standard","meta":[],"categories":[1],"tags":[],"_links":{"self":[{"href":"https:\/\/parafiasmardzewo.pl\/index.php?rest_route=\/wp\/v2\/posts\/8261"}],"collection":[{"href":"https:\/\/parafiasmardzewo.pl\/index.php?rest_route=\/wp\/v2\/posts"}],"about":[{"href":"https:\/\/parafiasmardzewo.pl\/index.php?rest_route=\/wp\/v2\/types\/post"}],"author":[{"embeddable":true,"href":"https:\/\/parafiasmardzewo.pl\/index.php?rest_route=\/wp\/v2\/users\/2"}],"replies":[{"embeddable":true,"href":"https:\/\/parafiasmardzewo.pl\/index.php?rest_route=%2Fwp%2Fv2%2Fcomments&post=8261"}],"version-history":[{"count":1,"href":"https:\/\/parafiasmardzewo.pl\/index.php?rest_route=\/wp\/v2\/posts\/8261\/revisions"}],"predecessor-version":[{"id":8262,"href":"https:\/\/parafiasmardzewo.pl\/index.php?rest_route=\/wp\/v2\/posts\/8261\/revisions\/8262"}],"wp:featuredmedia":[{"embeddable":true,"href":"https:\/\/parafiasmardzewo.pl\/index.php?rest_route=\/wp\/v2\/media\/6754"}],"wp:attachment":[{"href":"https:\/\/parafiasmardzewo.pl\/index.php?rest_route=%2Fwp%2Fv2%2Fmedia&parent=8261"}],"wp:term":[{"taxonomy":"category","embeddable":true,"href":"https:\/\/parafiasmardzewo.pl\/index.php?rest_route=%2Fwp%2Fv2%2Fcategories&post=8261"},{"taxonomy":"post_tag","embeddable":true,"href":"https:\/\/parafiasmardzewo.pl\/index.php?rest_route=%2Fwp%2Fv2%2Ftags&post=8261"}],"curies":[{"name":"wp","href":"https:\/\/api.w.org\/{rel}","templated":true}]}}