{"id":8269,"date":"2022-08-20T21:12:28","date_gmt":"2022-08-20T19:12:28","guid":{"rendered":"http:\/\/parafiasmardzewo.pl\/?p=8269"},"modified":"2022-08-20T21:15:07","modified_gmt":"2022-08-20T19:15:07","slug":"dwudziesta-pierwsza-niedziela-w-ciagu-roku-21-sierpnia-2022","status":"publish","type":"post","link":"https:\/\/parafiasmardzewo.pl\/?p=8269","title":{"rendered":"DWUDZIESTA PIERWSZA NIEDZIELA W CI\u0104GU ROKU &#8211; 21 sierpnia 2022"},"content":{"rendered":"<p><strong>OG\u0141OSZENIA DUSZPASTERSKIE<\/strong><\/p>\n<ol>\n<li>Dzi\u015b dwudziesta pierwsza niedziela zwyk\u0142a w roku ko\u015bcielnym. Modlimy si\u0119 we wsp\u00f3lnocie Ko\u015bcio\u0142a, aby\u015bmy w\u015br\u00f3d zmienno\u015bci \u015bwiata tam wznie\u015bli nasze serca, gdzie s\u0105 prawdziwe rado\u015bci (kolekta mszalna). Niech w\u015br\u00f3d naszych codziennych obowi\u0105zk\u00f3w tego tygodnia nie zabraknie troski o blisko\u015b\u0107 Pana i warto\u015bci nieprzemijaj\u0105ce.<\/li>\n<li>Jutro, 22 sierpnia, w liturgii przypada wspomnienie Naj\u015bwi\u0119tszej Maryi Panny Kr\u00f3lowej. Maryj\u0119 mo\u017cemy nazywa\u0107 Kr\u00f3low\u0105, poniewa\u017c jest Matk\u0105 Jezusa Chrystusa, Kr\u00f3la Wszech\u015bwiata. Modlimy si\u0119, aby\u015bmy za Jej wstawiennictwem osi\u0105gn\u0119li chwa\u0142\u0119 przygotowan\u0105 dla nas w Kr\u00f3lestwie niebieskim (kolekta mszalna).<\/li>\n<li>We wtorek, 23 sierpnia, decyzj\u0105 Parlamentu Europejskiego z 2008 roku obchodzony jest Europejski Dzie\u0144 Pami\u0119ci Ofiar Stalinizmu i Nazizmu. W Polsce obchodzony od 2011 roku. W naszej modlitwie pami\u0119tajmy o wszystkich ofiarach totalitarnych rz\u0105d\u00f3w, prosz\u0105c, aby mi\u0142osierny B\u00f3g obdarzy\u0142 ich \u0142ask\u0105 \u017cycia bez ko\u0144ca.<\/li>\n<li>W \u015brod\u0119, 24 sierpnia, w kalendarzu liturgicznym przypada \u015bwi\u0119to \u015awi\u0119tego Bart\u0142omieja, Aposto\u0142a.<\/li>\n<li>W pi\u0105tek, 26 sierpnia, przypada w liturgii uroczysto\u015b\u0107 Naj\u015bwi\u0119tszej Maryi Panny Cz\u0119stochowskiej. Tego dnia b\u0119dziemy \u0142\u0105czy\u0107 si\u0119 z Jasn\u0105 G\u00f3r\u0105, gdzie znajduje si\u0119 wizerunek Czarnej Madonny. Cz\u0119stochowa dla nas Polak\u00f3w jest wyj\u0105tkowym miejscem, duchowym sercem naszego narodu. Zapraszamy na wsp\u00f3ln\u0105 modlitw\u0119 przez wstawiennictwo Jasnog\u00f3rskiej Pani. Msze \u015awi\u0119te w naszym ko\u015bciele o godz.7.30 i 18.00.<\/li>\n<li>Bardzo serdecznie dzi\u0119kuj\u0119 osobom, kt\u00f3re zaanga\u017cowa\u0142y si\u0119 w przygotowanie i przebieg uroczysto\u015bci odpustowych 15 sierpnia, w Wniebowzi\u0119cie NMP. Dzi\u0119kuj\u0119 asy\u015bcie procesyjnej i dziewczynkom, kt\u00f3re sypi\u0105 kwiatkami oraz paniom, kt\u00f3re opiekuj\u0105 si\u0119 dziewczynkami. Dzi\u0119kuj\u0119 ministrantom, lektorom, lektorkom. S\u0142owa wdzi\u0119czno\u015bci kieruj\u0119 do stra\u017cak\u00f3w za pomoc przy parkingach. Pa\u0144stwu Tralewiczom z Sochocina dzi\u0119kuj\u0119 za kwiaty, kt\u00f3re ofiarowali do ustrojenia o\u0142tarzy. Pani Marzenie Kupniewskiej dzi\u0119kuj\u0119 za udekorowanie o\u0142tarzy kwiatami na odpust oraz ofiarowanie wi\u0105zanki kwiatowej do Grobu Nieznanego \u017bo\u0142nierza.\u00a0 Dzi\u0119kuj\u0119 r\u00f3wnie\u017c za ofiar\u0119 pieni\u0119\u017cn\u0105 na kwiaty pani Teresie Chlewickiej. Dzi\u0119kuj\u0119 pracownikom ko\u015bcielnym: panu organi\u015bcie i panu ko\u015bcielnemu. Wszystkim, kt\u00f3rzy uczestniczyli w przygotowaniach do odpustu serdecznie dzi\u0119kuj\u0119.<\/li>\n<li>17 i 18 sierpnia br. 48 os\u00f3b, w wi\u0119kszo\u015bci z naszej parafii, uczestniczy\u0142o w wycieczce-pielgrzymce autokarowej. Odwiedzili\u015bmy nastepujace miejscowo\u015bci: Bia\u0142ystok, Supra\u015bl, Kruszyniany, Sok\u00f3\u0142ka, R\u00f3\u017canystok i Tykocin. Zach\u0119cam innych do odwiedzenia tych pi\u0119knych miejscowo\u015bci na Podlasiu.<\/li>\n<li>Zach\u0119cam do nabycia prasy katolickiej.<\/li>\n<li>Wszystkim jubilatom i solenizantom \u017cyczymy obfito\u015bci Bo\u017cych dar\u00f3w oraz szczeg\u00f3lnej opieki Jasnog\u00f3rskiej Pani.<\/li>\n<\/ol>\n<p><strong>W tym tygodniu patronuj\u0105 nam: <\/strong>&#8211; \u015broda, 24 sierpnia \u2013 \u015awi\u0119ty Bart\u0142omiej Aposto\u0142, nazywany Natanaelem, ewangelizator Indii i Armenii; &#8211; sobota, 28 sierpnia \u2013 \u015awi\u0119ta Monika (354-430), matka \u015awi\u0119tego Augustyna.<\/p>\n<p>&nbsp;<\/p>\n","protected":false},"excerpt":{"rendered":"<p>OG\u0141OSZENIA DUSZPASTERSKIE Dzi\u015b dwudziesta pierwsza niedziela zwyk\u0142a w roku ko\u015bcielnym. Modlimy si\u0119 we wsp\u00f3lnocie Ko\u015bcio\u0142a, aby\u015bmy w\u015br\u00f3d zmienno\u015bci \u015bwiata tam wznie\u015bli nasze serca, gdzie s\u0105 prawdziwe rado\u015bci (kolekta mszalna). Niech w\u015br\u00f3d naszych codziennych obowi\u0105zk\u00f3w tego tygodnia nie zabraknie troski o blisko\u015b\u0107 Pana i warto\u015bci nieprzemijaj\u0105ce. Jutro, 22 sierpnia, w liturgii przypada wspomnienie Naj\u015bwi\u0119tszej Maryi Panny &hellip; <\/p>\n<p><a class=\"more-link btn\" href=\"https:\/\/parafiasmardzewo.pl\/?p=8269\">Kontynuuj czytanie<\/a><\/p>\n","protected":false},"author":2,"featured_media":6302,"comment_status":"open","ping_status":"open","sticky":false,"template":"","format":"standard","meta":[],"categories":[2],"tags":[],"_links":{"self":[{"href":"https:\/\/parafiasmardzewo.pl\/index.php?rest_route=\/wp\/v2\/posts\/8269"}],"collection":[{"href":"https:\/\/parafiasmardzewo.pl\/index.php?rest_route=\/wp\/v2\/posts"}],"about":[{"href":"https:\/\/parafiasmardzewo.pl\/index.php?rest_route=\/wp\/v2\/types\/post"}],"author":[{"embeddable":true,"href":"https:\/\/parafiasmardzewo.pl\/index.php?rest_route=\/wp\/v2\/users\/2"}],"replies":[{"embeddable":true,"href":"https:\/\/parafiasmardzewo.pl\/index.php?rest_route=%2Fwp%2Fv2%2Fcomments&post=8269"}],"version-history":[{"count":4,"href":"https:\/\/parafiasmardzewo.pl\/index.php?rest_route=\/wp\/v2\/posts\/8269\/revisions"}],"predecessor-version":[{"id":8273,"href":"https:\/\/parafiasmardzewo.pl\/index.php?rest_route=\/wp\/v2\/posts\/8269\/revisions\/8273"}],"wp:featuredmedia":[{"embeddable":true,"href":"https:\/\/parafiasmardzewo.pl\/index.php?rest_route=\/wp\/v2\/media\/6302"}],"wp:attachment":[{"href":"https:\/\/parafiasmardzewo.pl\/index.php?rest_route=%2Fwp%2Fv2%2Fmedia&parent=8269"}],"wp:term":[{"taxonomy":"category","embeddable":true,"href":"https:\/\/parafiasmardzewo.pl\/index.php?rest_route=%2Fwp%2Fv2%2Fcategories&post=8269"},{"taxonomy":"post_tag","embeddable":true,"href":"https:\/\/parafiasmardzewo.pl\/index.php?rest_route=%2Fwp%2Fv2%2Ftags&post=8269"}],"curies":[{"name":"wp","href":"https:\/\/api.w.org\/{rel}","templated":true}]}}