{"id":8274,"date":"2022-08-27T20:39:27","date_gmt":"2022-08-27T18:39:27","guid":{"rendered":"http:\/\/parafiasmardzewo.pl\/?p=8274"},"modified":"2022-08-27T20:40:52","modified_gmt":"2022-08-27T18:40:52","slug":"dwudziesta-druga-niedziela-w-ciagu-roku-28-sierpnia-2022","status":"publish","type":"post","link":"https:\/\/parafiasmardzewo.pl\/?p=8274","title":{"rendered":"DWUDZIESTA DRUGA NIEDZIELA W CI\u0104GU ROKU &#8211; 28 sierpnia 2022"},"content":{"rendered":"<p><strong>OG\u0141OSZENIA DUSZPASTERSKIE<\/strong><\/p>\n<ol>\n<li>Dzi\u015b ostatnia niedziela wakacji, w liturgii dwudziesta druga niedziela w ci\u0105gu roku ko\u015bcielnego.<\/li>\n<li>Przed nami ostatnie dni wakacyjnego odpoczynku. Dzi\u0119kujemy Bogu za czas wakacji i\u00a0urlop\u00f3w, za wszelkie dobro, kt\u00f3rego do\u015bwiadczyli\u015bmy w tym czasie, i za ludzi, kt\u00f3rych B\u00f3g postawi\u0142 na naszej drodze.<\/li>\n<li>Jutro, 29 sierpnia, w liturgii b\u0119dziemy wspominali M\u0119cze\u0144stwo \u015awi\u0119tego Jana Chrzciciela. Za wierno\u015b\u0107 Bogu i Jego prawu zosta\u0142 zamordowany na rozkaz kr\u00f3la Heroda. Tym samym sta\u0142 si\u0119 kolejnym prorokiem, kt\u00f3ry odda\u0142 \u017cycie, b\u0119d\u0105c g\u0142osicielem Bo\u017cej prawdy.<\/li>\n<li>W czwartek, 1 wrze\u015bnia, pocz\u0105tek nowego roku szkolnego i katechetycznego. Zapraszam dzieci i m\u0142odzie\u017c, rodzic\u00f3w, wychowawc\u00f3w i nauczycieli na Msz\u0119 \u015awi\u0119t\u0105 o godz. 9.00. B\u0119dziemy prosili o Bo\u017ce b\u0142ogos\u0142awie\u0144stwo na trud pracy i nauki w nowym roku szkolnym. Mo\u017cna b\u0119dzie skorzysta\u0107 z sakramentu pokuty i pojednania p\u00f3\u0142 godziny przed Msza \u015awi\u0119t\u0105, 30 i 31 sierpnia br. ( wtorek i \u015broda).<\/li>\n<li>Tego dnia (1 IX) przypada tak\u017ce kolejna rocznica wybuchu II wojny \u015bwiatowej (83). Nasz\u0105 modlitewn\u0105 pami\u0119ci\u0105 b\u0119dziemy ogarniali wszystkich, kt\u00f3rzy zgin\u0119li w obronie naszej ojczyzny.<\/li>\n<li>Od 2015 roku z inicjatywy papie\u017ca Franciszka w Ko\u015bciele obchodzimy \u015awiatowy Dzie\u0144 Modlitw o Ochron\u0119 Stworzenia. B\u0119dziemy modli\u0107 si\u0119 o roztropne wykorzystywanie d\u00f3br natury i ochron\u0119 \u015brodowiska.<\/li>\n<li>Czwartek b\u0119dzie jednocze\u015bnie pierwszym czwartkiem miesi\u0105ca. Modlimy si\u0119 o u\u015bwi\u0119cenie kap\u0142an\u00f3w oraz o nowe powo\u0142ania, szczeg\u00f3lnie na Mszy \u015awietej o godz. 18.00.<\/li>\n<li>Pi\u0105tek, 2 wrze\u015bnia, b\u0119dzie pierwszym pi\u0105tkiem miesi\u0105ca. Nabo\u017ce\u0144stwo do Naj\u015bwi\u0119tszego Serca Pana Jezusa po Mszy \u015awi\u0119tej o godz. 18.00; spowied\u017a od godz. 17.30. Zapraszam szczeg\u00f3lnie dzieci i\u00a0m\u0142odzie\u017c rozpoczynaj\u0105c\u0105 nowy rok szkolny.<\/li>\n<li>W sobot\u0119, 3 wrze\u015bnia, przypada pierwsza sobota miesi\u0105ca<\/li>\n<li>Najbli\u017csza niedziela b\u0119dzie pierwsz\u0105 niedziel\u0105 miesi\u0105ca. Na sum\u0119 zapraszam asyst\u0119 procesyjn\u0105 i dziewczynki do sypania kwiatkami.<\/li>\n<li>8 wrze\u015bnia (czwartek) b\u0119dziemy prze\u017cywa\u0107 kolejny odpust \u2013 \u015bwi\u0119to Narodzenia NMP. W tym dniu b\u0119dziemy dzi\u0119kowa\u0107 Bogu za tegoroczne plony. Wieniec do\u017cynkowy przygotowuj\u0105 mieszka\u0144cy K\u0119py. Zach\u0119cam mieszka\u0144c\u00f3w innych wiosek do przygotowania koszy z warzywami i owocami.<\/li>\n<li>Zach\u0119cam do nabycia prasy katolickiej.<\/li>\n<li>Wszystkim \u015bwi\u0119tuj\u0105cym w tym tygodniu dzie\u0144 urodzin, imienin oraz r\u00f3\u017cnego rodzaju rocznice i jubileusze sk\u0142adam najlepsze \u017cyczenia. Niech B\u00f3g otacza was swoj\u0105 opiek\u0105 na drogach codzienno\u015bci, obdarza rado\u015bci\u0105 i pokojem oraz umacnia w trudach i przeciwno\u015bciach.<\/li>\n<li>W minionym tygodniu odszed\u0142 z tego \u015bwiata + Grzegorz \u015awiderski, kt\u00f3ry prze\u017cy\u0142 58 lat. Od uczestnik\u00f3w pogrzebu b\u0119dzie odprawionych 12 Mszy \u015awi\u0119tych, w tym 6 intencji od rodzin, kt\u00f3re z\u0142o\u017cy\u0142y ofiary przed Msz\u0105 \u015awi\u0119t\u0105 pogrzebow\u0105. Niech dobry B\u00f3g wejrzy na nasz\u0105 modlitw\u0119 i pozwoli mu ogl\u0105da\u0107 swoje oblicze na wieki.<\/li>\n<\/ol>\n<p><strong>W tym tygodniu patronuje nam: <\/strong>&#8211; sobota, 3 wrze\u015bnia &#8211; \u015awi\u0119ty Grzegorz Wielki (ok. 540-604), papie\u017c i doktor Ko\u015bcio\u0142a.<\/p>\n<p>&nbsp;<\/p>\n","protected":false},"excerpt":{"rendered":"<p>OG\u0141OSZENIA DUSZPASTERSKIE Dzi\u015b ostatnia niedziela wakacji, w liturgii dwudziesta druga niedziela w ci\u0105gu roku ko\u015bcielnego. Przed nami ostatnie dni wakacyjnego odpoczynku. Dzi\u0119kujemy Bogu za czas wakacji i\u00a0urlop\u00f3w, za wszelkie dobro, kt\u00f3rego do\u015bwiadczyli\u015bmy w tym czasie, i za ludzi, kt\u00f3rych B\u00f3g postawi\u0142 na naszej drodze. Jutro, 29 sierpnia, w liturgii b\u0119dziemy wspominali M\u0119cze\u0144stwo \u015awi\u0119tego Jana Chrzciciela. &hellip; <\/p>\n<p><a class=\"more-link btn\" href=\"https:\/\/parafiasmardzewo.pl\/?p=8274\">Kontynuuj czytanie<\/a><\/p>\n","protected":false},"author":2,"featured_media":6302,"comment_status":"open","ping_status":"open","sticky":false,"template":"","format":"standard","meta":[],"categories":[2],"tags":[],"_links":{"self":[{"href":"https:\/\/parafiasmardzewo.pl\/index.php?rest_route=\/wp\/v2\/posts\/8274"}],"collection":[{"href":"https:\/\/parafiasmardzewo.pl\/index.php?rest_route=\/wp\/v2\/posts"}],"about":[{"href":"https:\/\/parafiasmardzewo.pl\/index.php?rest_route=\/wp\/v2\/types\/post"}],"author":[{"embeddable":true,"href":"https:\/\/parafiasmardzewo.pl\/index.php?rest_route=\/wp\/v2\/users\/2"}],"replies":[{"embeddable":true,"href":"https:\/\/parafiasmardzewo.pl\/index.php?rest_route=%2Fwp%2Fv2%2Fcomments&post=8274"}],"version-history":[{"count":2,"href":"https:\/\/parafiasmardzewo.pl\/index.php?rest_route=\/wp\/v2\/posts\/8274\/revisions"}],"predecessor-version":[{"id":8276,"href":"https:\/\/parafiasmardzewo.pl\/index.php?rest_route=\/wp\/v2\/posts\/8274\/revisions\/8276"}],"wp:featuredmedia":[{"embeddable":true,"href":"https:\/\/parafiasmardzewo.pl\/index.php?rest_route=\/wp\/v2\/media\/6302"}],"wp:attachment":[{"href":"https:\/\/parafiasmardzewo.pl\/index.php?rest_route=%2Fwp%2Fv2%2Fmedia&parent=8274"}],"wp:term":[{"taxonomy":"category","embeddable":true,"href":"https:\/\/parafiasmardzewo.pl\/index.php?rest_route=%2Fwp%2Fv2%2Fcategories&post=8274"},{"taxonomy":"post_tag","embeddable":true,"href":"https:\/\/parafiasmardzewo.pl\/index.php?rest_route=%2Fwp%2Fv2%2Ftags&post=8274"}],"curies":[{"name":"wp","href":"https:\/\/api.w.org\/{rel}","templated":true}]}}