{"id":8282,"date":"2022-09-03T21:06:13","date_gmt":"2022-09-03T19:06:13","guid":{"rendered":"http:\/\/parafiasmardzewo.pl\/?p=8282"},"modified":"2022-09-03T21:06:22","modified_gmt":"2022-09-03T19:06:22","slug":"list-episkopatu-polski-z-okazji-xii-tygodnia-wychowania","status":"publish","type":"post","link":"https:\/\/parafiasmardzewo.pl\/?p=8282","title":{"rendered":"List Episkopatu Polski z okazji XII Tygodnia Wychowania"},"content":{"rendered":"<p><strong>Drodzy Bracia i Siostry,<\/strong><\/p>\n<p>Ju\u017c od dwunastu lat w pierwsz\u0105 niedziel\u0119 wrze\u015bnia kierujemy do Was s\u0142owo zwi\u0105zane z Tygodniem Wychowania. W dzisiejszej Ewangelii Jezus przypomina swoim s\u0142uchaczom<strong>: \u201eNikt z was, kto nie wyrzeka si\u0119 wszystkiego, co posiada, nie mo\u017ce by\u0107 moim uczniem\u201d (\u0141k 14, 33). <\/strong>Te s\u0142owa Chrystusa ucz\u0105 nas, \u017ce dojrza\u0142a decyzja p\u00f3j\u015bcia za Jezusem wymaga konkretnych odniesie\u0144 do naszego ca\u0142ego \u017cycia, w tym tak\u017ce do dzie\u0142a wychowania. Musimy wi\u0119c pyta\u0107 siebie nieustannie, w jaki spos\u00f3b my, jako wychowawcy, rodzice, dziadkowie, nauczyciele, uwzgl\u0119dniamy w naszych relacjach z wychowankami to, \u017ce jeste\u015bmy uczniami Chrystusa?\u00a0\u00a0\u00a0My\u015bl\u0105 przewodni\u0105 XII Tygodnia Wychowania, kt\u00f3ry rozpocznie si\u0119 w naszej Ojczy\u017anie w przysz\u0142\u0105 niedziel\u0119, stanowi\u0107 b\u0119d\u0105 s\u0142owa Jezusa zaczerpni\u0119te z Ewangelii \u015bw. Jana<strong>: \u201eJa jestem drog\u0105, prawd\u0105 i \u017cyciem\u201d (J 14, 6). <\/strong>Towarzyszy\u0107 nam b\u0119dzie r\u00f3wnie\u017c posta\u0107 \u015bw. abpa J\u00f3zefa Bilczewskiego, kt\u00f3rego setn\u0105 rocznic\u0119 \u015bmierci b\u0119dziemy prze\u017cywa\u0107 w tym roku szkolnym. Urodzi\u0142 si\u0119 on 26 kwietnia 1860 r. w Wilamowicach, na terenie dzisiejszej diecezji bielsko-\u017cywieckiej, a zmar\u0142 20 marca 1923 r. we Lwowie. By\u0142 rektorem Uniwersytetu Lwowskiego i w latach 1900-1923 arcybiskupem metropolit\u0105 lwowskim. \u015aw. J\u00f3zef Bilczewski w swej dzia\u0142alno\u015bci i nauczaniu wiele miejsca po\u015bwi\u0119ci\u0142 sprawie chrze\u015bcija\u0144skiego wychowania dzieci, m\u0142odzie\u017cy i doros\u0142ych. \u015awiadectwem tego s\u0105 tre\u015bci wychowawcze zawarte w jego pasterskich listach, kt\u00f3re pisa\u0142 w kaplicy przed Naj\u015bwi\u0119tszym Sakramentem.<\/p>\n<ol>\n<li>Konieczno\u015b\u0107 perspektywy wiary w wychowaniu<\/li>\n<\/ol>\n<p>\u015aw. abp J\u00f3zef Bilczewski w jednym ze swoich list\u00f3w napisa\u0142: <strong>\u201eIstnienie i zadanie cz\u0142owieka nie ko\u0144czy si\u0119 na tym \u015bwiecie. (\u2026) Dzi\u0119ki Bogu, \u017ce nie, bo gdyby doczesno\u015b\u0107 by\u0142a nam ostatecznym kresem, to \u017cycie nasze, \u017cycie ludzko\u015bci by\u0142oby najstraszniejsz\u0105 zagadk\u0105\u201d <\/strong>(\u015aw. abp J\u00f3zef Bilczewski,\u00a0<em>O Ko\u015bciele Chrystusowym<\/em>. List Pasterski do duchowie\u0144stwa i wiernych). \u017bycie cz\u0142owieka nie ogranicza si\u0119 do doczesno\u015bci, dlatego chrze\u015bcija\u0144ski wychowawca patrzy na swoje zadania z perspektywy wiary, kt\u00f3ra si\u0119ga poza horyzont tego \u015bwiata. Dla arcybiskupa Bilczewskiego Ko\u015bci\u00f3\u0142 jest <strong>\u201eszko\u0142\u0105 dla nieba\u201d,<\/strong> kt\u00f3ra w swym programie wychowawczym uwzgl\u0119dnia ostateczny cel istnienia. Takie spojrzenie ratuje przed pesymizmem sianym przez tych, <strong>\u201ewed\u0142ug kt\u00f3rych nie warto \u017cy\u0107\u201d,<\/strong> gdy\u017c <strong>\u201e\u017cycie, wed\u0142ug nich jest z\u0142em i tylko z\u0142em\u201d,<\/strong> i tworzy je tylko <strong>\u201ebezcelowe ci\u0105g\u0142e cierpienie i straszna nuda\u201d<\/strong> (\u015aw. abp J\u00f3zef Bilczewski,\u00a0<em>M\u0142odo\u015bci<\/em>!\u00a0<em>Ty nad poziomy wylatuj!<\/em>\u00a0List Pasterski do uczni\u00f3w szk\u00f3\u0142 \u015brednich i seminari\u00f3w nauczycielskich). <strong>Wiara<\/strong> i zaufanie Bogu wnosi natomiast w prac\u0119 wychowawcz\u0105 optymizm i nadziej\u0119. \u017bycie ma sens. Gwarantem tego sensu jest B\u00f3g, kt\u00f3ry pomimo obecnego w \u015bwiecie z\u0142a i cierpienia zapewnia nas, \u017ce to do Niego nale\u017cy ostatnie s\u0142owo. Sens ma r\u00f3wnie\u017c wychowywanie, tak\u017ce wtedy, kiedy w \u017cyciu wychowank\u00f3w nie wida\u0107 jeszcze owoc\u00f3w podejmowanych wysi\u0142k\u00f3w. Trzeba oczywi\u015bcie czyni\u0107 wszystko, co w naszej ludzkiej mocy, korzysta\u0107 z dost\u0119pnych metod i \u015brodk\u00f3w wychowawczych, ale trzeba te\u017c pami\u0119ta\u0107 o modlitwie i powierzeniu wychowank\u00f3w Bogu, <strong>kt\u00f3ry \u201emoc\u0105 dzia\u0142aj\u0105c\u0105 w nas mo\u017ce uczyni\u0107 niesko\u0144czenie wi\u0119cej, ni\u017c prosimy czy rozumiemy\u201d<\/strong> (Ef 3,20).<\/p>\n<ol start=\"2\">\n<li>Decyzje zawsze z Jezusem \u2013 Drog\u0105<\/li>\n<\/ol>\n<p>Uwzgl\u0119dnienie w \u017cyciu perspektywy wiary ma te\u017c wp\u0142yw na podejmowanie przez nas \u017cyciowych decyzji. Cz\u0142owiek, kt\u00f3ry z wiar\u0105 patrzy na \u017cycie, w planowaniu swojej przysz\u0142o\u015bci radzi si\u0119 zawsze Jezusa, kt\u00f3ry jest jedyn\u0105 pewn\u0105 i bezpieczn\u0105 Drog\u0105. Dokonuj\u0105c w ten spos\u00f3b m\u0105drych wybor\u00f3w dobrze i kompetentnie b\u0119dzie wype\u0142nia\u0142 swe obowi\u0105zki. B\u0119dzie czyni\u0142 wszystko z oddaniem i z mi\u0142o\u015bci\u0105. Powiemy wtedy o kim\u015b takim, \u017ce jest to lekarz, nauczyciel, ksi\u0105dz, urz\u0119dnik <strong>z \u201epowo\u0142ania\u201d.<\/strong> Ten kto\u015b odnalaz\u0142 swoje miejsce w \u017cyciu i dobrze wykorzystuje swoje predyspozycje oraz talenty w s\u0142u\u017cbie Bogu i dla dobra bli\u017anich.\u00a0 <strong>\u015aw. abp J\u00f3zef Bilczewski<\/strong> wychodz\u0105c z za\u0142o\u017cenia, \u017ce ludzie najlepiej spe\u0142niaj\u0105 to, do czego lgnie ich serce, widzi w rozeznawaniu \u017cyciowej drogi z Bogiem jeden z najwa\u017cniejszych element\u00f3w formacji w\u0142asnej: <strong>\u201eStrach ogarnia mi\u0119 na my\u015bl \u2013 pisze \u015bw. J\u00f3zef Bilczewski \u2013 \u017ce ca\u0142e \u017cycie cz\u0142owieka zale\u017cy od dw\u00f3ch, trzech czy czterech\u00a0<em>tak<\/em>\u00a0i od tylu\u017c\u00a0<em>nie<\/em>, wypowiedzianych mi\u0119dzy dziesi\u0105tym a trzydziestym rokiem \u017cycia lub nawet wcze\u015bniej\u201d.<\/strong> Pochopne decyzje, podejmowane bez g\u0142\u0119bszego namys\u0142u, wynikaj\u0105ce z towarzysz\u0105cej im p\u0142ytkiej motywacji mog\u0105 wywrze\u0107 negatywne skutki na ca\u0142e dalsze \u017cycie. St\u0105d konieczno\u015b\u0107 nieustannego zadawania sobie pytania, czego oczekuje od nas w danej chwili B\u00f3g: <strong>\u201ePrzede wszystkim mamy zawsze pami\u0119ta\u0107 o tym, \u017ce \u017cycie nie jest igraszk\u0105 losu i nie wedle \u015blepego uk\u0142ada si\u0119 trafu. Mi\u0142o\u015b\u0107 Bo\u017ca nas stworzy\u0142a, ona te\u017c obmy\u015bli\u0142a stan, czyli drog\u0119, na kt\u00f3rej najbezpieczniej i najpo\u017cyteczniej mo\u017cemy spe\u0142ni\u0107 obowi\u0105zki na ziemi i zd\u0105\u017cy\u0107 do nieba\u201d<\/strong>. (\u015aw. abp J\u00f3zef Bilczewski,\u00a0<em>M\u0142odo\u015bci<\/em>!\u00a0<em>Ty nad poziomy wylatuj!<\/em>\u00a0List Pasterski do uczni\u00f3w szk\u00f3\u0142 \u015brednich i seminari\u00f3w nauczycielskich). \u017byciowe decyzje powinny by\u0107 zawsze poprzedzone modlitw\u0105 i rozeznaniem woli Bo\u017cej. Trzeba pami\u0119ta\u0107, \u017ce poczucie szcz\u0119\u015bcia i satysfakcja w \u017cyciu nie s\u0105 celem procesu rozeznawania, ale pojawiaj\u0105 si\u0119 jako <strong>\u201eskutek uboczny\u201d<\/strong> dobrych decyzji.<\/p>\n<ol start=\"3\">\n<li>Przemieniaj\u0105ce spotkanie z Jezusem \u2013 \u017byciem<\/li>\n<\/ol>\n<p>Arcybiskupowi J\u00f3zefowi Bilczewskiemu przysz\u0142o kierowa\u0107 archidiecezj\u0105 lwowsk\u0105 w czasie, gdy Polska po 123 latach zabor\u00f3w odzyskiwa\u0142a na nowo utracon\u0105 wolno\u015b\u0107. W listopadzie 1918 roku sko\u0144czy\u0142 pisa\u0107 obszerny list, a w\u0142a\u015bciwie traktat pedagogiczny po\u015bwi\u0119cony kszta\u0142towaniu charakteru, kt\u00f3ry opublikowa\u0142 jako List pasterski skierowany do uczni\u00f3w szk\u00f3\u0142 \u015brednich. Bardzo ciekawie zwraca w nim uwag\u0119, \u017ce cho\u0107 na przestrzeni wiek\u00f3w pojawia\u0142o si\u0119 wielu bardzo szlachetnych ludzi, to nikt z nich nie by\u0142 w stanie urzeczywistni\u0107 w swym \u017cyciu idea\u0142u doskona\u0142ego cz\u0142owieka. Przywo\u0142uje przyk\u0142ad <strong>Cycerona,<\/strong> kt\u00f3ry stwierdzi\u0142, \u017ce filozofowie opisali wprawdzie, jakie cechy powinien mie\u0107 <strong>\u201eidealny m\u0119drzec\u201d,<\/strong> je\u015bli w og\u00f3le si\u0119 kiedy\u015b pojawi, ale on, Cyceron, \u017cadnego takiego cz\u0142owieka jeszcze nie spotka\u0142. Natomiast abp Bilczewski ukazuje Osob\u0119, kt\u00f3ra stanowi uciele\u015bnienie tego idea\u0142u. Jest ni\u0105 Jezus Chrystus. \u00a0Jezus pogodzi\u0142 w sobie w harmonijny spos\u00f3b to, co mo\u017ce wydawa\u0107 si\u0119 nie do pogodzenia: <strong>\u201eJest w Nim prawda bez zarozumia\u0142o\u015bci, skromno\u015b\u0107 bez afektacji, sta\u0142o\u015b\u0107 bez uporu, mi\u0119kko\u015b\u0107 bez pob\u0142a\u017cliwo\u015bci, powaga bez wynios\u0142o\u015bci, \u017cyczliwo\u015b\u0107 bez s\u0142abo\u015bci, umartwienie bez wyszukanej ostro\u015bci, pokora razem z godno\u015bci\u0105, prostota razem z dostojno\u015bci\u0105, najwi\u0119ksza ruchliwo\u015b\u0107 obok najg\u0142\u0119bszego spokoju, modlitwa, ale i praca, nienawi\u015b\u0107 do z\u0142ego, ale wsp\u00f3\u0142czucie dla z\u0142ych (\u2026) ukochanie samotno\u015bci, ale te\u017c oddanie si\u0119 \u017cyciu towarzyskiemu, o ile tego wymaga\u0142o Jego pos\u0142annictwo. (\u2026) Chrystus w codziennym obcowaniu z lud\u017ami by\u0142 przyst\u0119pny, pe\u0142en szczero\u015bci i najwy\u017cszej delikatno\u015bci. (\u2026) Nigdy wi\u0119cej majestat nie by\u0142 tak s\u0142odki, jak u Jezusa, a dobro\u0107 r\u00f3wnie majestatyczna\u201d <\/strong>(\u015aw. abp J\u00f3zef Bilczewski,\u00a0<em>Charakter<\/em>. List Pasterski do uczni\u00f3w szk\u00f3\u0142 \u015brednich i seminari\u00f3w nauczycielskich). <strong>\u00a0Prosimy wszystkich Rodzic\u00f3w, Duszpasterzy i Katechet\u00f3w<\/strong>, by odczytali te s\u0142owa jako zach\u0119t\u0119 do w\u0142\u0105czenia si\u0119 w dzie\u0142o ewangelizacji, kt\u00f3rej celem jest budowanie za\u017cy\u0142ej wi\u0119zi z Jezusem. Zr\u00f3bmy wszystko, by przygotowanie do sakrament\u00f3w \u015bwi\u0119tych, zw\u0142aszcza sakramentu bierzmowania we wszystkich polskich parafiach mia\u0142o charakter ewangelizacyjny. Zatroszczmy si\u0119 o rozw\u00f3j wsp\u00f3lnot ewangelizacyjnych. Do\u015bwiadczenie g\u0142\u0119bokich wi\u0119zi we wsp\u00f3lnocie, po\u015brodku kt\u00f3rej jest Chrystus, otwiera serca i stanowi najtrwalszy motyw trwania w przyja\u017ani z Bogiem. <strong>\u00a0Drodzy Bracia i Siostry<\/strong>, ka\u017cde spotkanie z Jezusem to nie tylko okazja, aby\u00a0 kontemplowa\u0107 Jego Osob\u0119, ale te\u017c \u017ar\u00f3d\u0142o si\u0142y do zmiany \u017cycia. M\u00f3wi\u0105 o tym historie ludzi, kt\u00f3rzy tego do\u015bwiadczyli i byli w stanie rozpocz\u0105\u0107 wszystko od nowa niezale\u017cnie od okoliczno\u015bci \u017cyciowych i obci\u0105\u017ce\u0144 z przesz\u0142o\u015bci. Wymownym znakiem wobec \u015bwiata jest sprawowanie przez papie\u017ca Franciszka Mszy Wieczerzy Pa\u0144skiej w zak\u0142adach karnych. \u00a0Odwiedzaj\u0105c w czasie \u015awiatowych Dni M\u0142odzie\u017cy w Panamie O\u015brodek Karny dla Nieletnich papie\u017c Franciszek powiedzia\u0142<strong>: \u201eJezus prze\u0142amuje logik\u0119, kt\u00f3ra oddziela, wyklucza, izoluje i fa\u0142szywie dzieli mi\u0119dzy\u00a0<em>dobrymi<\/em>\u00a0a\u00a0<em>z\u0142ymi<\/em>. <\/strong>Papie\u017c doda\u0142<strong>, \u017ce \u201ePan Jezus czyni to stwarzaj\u0105c wi\u0119zi\u201d.<\/strong><\/p>\n<ol start=\"4\">\n<li>Ku lepszemu poznaniu Jezusa \u2013 Prawdy<\/li>\n<\/ol>\n<p>W jednym ze swoich list\u00f3w pasterskich abp Bilczewski zwracaj\u0105c uwag\u0119 na dobrodziejstwa p\u0142yn\u0105ce z korzystania przez jego diecezjan z us\u0142ug towarzystw ubezpieczeniowych, przypomina, \u017ce trzeba r\u00f3wnie\u017c pami\u0119ta\u0107 o asekuracji swej duszy na szcz\u0119\u015bliwe \u017cycie wieczne. Polisa ubezpieczeniowa musi by\u0107 odnawiana co roku, w przeciwnym razie straci wa\u017cno\u015b\u0107. Tak samo stale trzeba dba\u0107 o rozw\u00f3j wiary, aby by\u0107 ubezpieczonym \u201eod ognia wiecznego i na szcz\u0119\u015bliwe \u017cycie wieczne\u201d (\u015aw. Abp J\u00f3zef Bilczewski,\u00a0<em>Sumienie<\/em>. List pasterski w latach wojny 1914-1915). <strong>Dzisiaj coraz wyra\u017aniej wida\u0107<\/strong> konieczno\u015b\u0107 szeroko rozumianej troski o formacj\u0119 sta\u0142\u0105 doros\u0142ych, w tym o poziom wiedzy religijnej. Abp J\u00f3zef Bilczewski z w\u0142a\u015bciw\u0105 sobie przenikliwo\u015bci\u0105 pisa\u0142: <strong>\u201eNie wystarcza wyuczenie si\u0119 na pami\u0119\u0107 kilku formu\u0142ek katechizmu czy dogmatyki i etyki. Nic bardziej religii nie szkodzi jak powierzchowna jej znajomo\u015b\u0107. (\u2026) Cho\u0107by\u015bcie i najpilniej si\u0119 uczyli, to ta szczypta wiedzy religijnej, kt\u00f3rej nab\u0119dziecie w szkole, nie mo\u017ce wam starczy\u0107 na ca\u0142e \u017cycie\u201d<\/strong> (\u015aw. abp J\u00f3zef Bilczewski,\u00a0<em>M\u0142odo\u015bci<\/em>!\u00a0<em>Ty nad poziomy wylatuj!<\/em>\u00a0List Pasterski do uczni\u00f3w szk\u00f3\u0142 \u015brednich i seminari\u00f3w nauczycielskich). Jako rektor Uniwersytetu Lwowskiego \u015bw. J\u00f3zef Bilczewski wzywa\u0142 swych student\u00f3w, by rozwijali wiedz\u0119 religijn\u0105 poprzez lektur\u0119 ksi\u0105\u017cek czy s\u0142uchanie kaza\u0144 tak, by zharmonizowa\u0107 znajomo\u015b\u0107 prawd wiary i ich g\u0142\u0119bokich uzasadnie\u0144 ze zdobytym wykszta\u0142ceniem (\u015aw. abp J\u00f3zef Bilczewski,\u00a0<em>M\u0142odo\u015bci<\/em>!\u00a0<em>Ty nad poziomy wylatuj!<\/em>\u00a0List Pasterski do uczni\u00f3w szk\u00f3\u0142 \u015brednich i seminari\u00f3w nauczycielskich). Niech ka\u017cdy z nas postawi sobie pytanie o poziom swojej wiedzy religijnej. Zasada dotycz\u0105ca ludzkich relacji, w my\u015bl kt\u00f3rej, je\u015bli si\u0119 kogo\u015b kocha, zmierza si\u0119 do tego, aby go jak najlepiej pozna\u0107, obowi\u0105zuje tak\u017ce w naszej relacji z Bogiem. Dzi\u015b bez przeszk\u00f3d mo\u017cna dotrze\u0107 do dobrej literatury religijnej w postaci ksi\u0105\u017cek i czasopism, dzia\u0142aj\u0105 katolickie rozg\u0142o\u015bnie radiowe, dost\u0119pne s\u0105 programy telewizyjne redakcji katolickich. Niewyczerpanym \u017ar\u00f3d\u0142em dobrych tre\u015bci pog\u0142\u0119biaj\u0105cych wiar\u0119 jest r\u00f3wnie\u017c internet. Starajmy si\u0119 korzysta\u0107 z tych wszystkich mo\u017cliwo\u015bci. Szczeg\u00f3lnie cenne s\u0105 organizowane w parafiach spotkania w ramach katechezy doros\u0142ych.<\/p>\n<p>Drodzy Bracia i Siostry,<\/p>\n<p>Zapraszamy Was wszystkich do w\u0142\u0105czenia si\u0119 w prze\u017cywanie XII Tygodnia Wychowania w Polsce. S\u0142owa tej zach\u0119ty kierujemy do Rodzic\u00f3w, Nauczycieli i Wychowawc\u00f3w, Duszpasterzy i Katechet\u00f3w, Przedstawicieli \u015brodk\u00f3w spo\u0142ecznego przekazu, Parlamentarzyst\u00f3w i Samorz\u0105dowc\u00f3w odpowiedzialnych za realizacj\u0119 procesu wychowawczego i kszta\u0142t szko\u0142y w naszej Ojczy\u017anie. Niech we wszystkim, co czynimy, towarzyszy nam przes\u0142anie \u015bw. abpa J\u00f3zefa Bilczewskiego: \u201ePanu Bogu dajmy zawsze pierwsze miejsce w naszej my\u015bli i sercu! Nie tra\u0107my Go nigdy z oczu! Niech b\u0119dzie t\u0105 gwiazd\u0105, wedle kt\u00f3rej mamy si\u0119 orientowa\u0107 w ka\u017cdym \u017cycia przypadku\u201d (\u015aw. abp J\u00f3zef Bilczewski,\u00a0<em>M\u0142odo\u015bci! Ty nad poziomy wylatuj!<\/em> List Pasterski do uczni\u00f3w szk\u00f3\u0142 \u015brednich i seminari\u00f3w nauczycielskich).\u00a0 Jak\u017ce wa\u017cne jest to, by\u015bmy kszta\u0142towali serca w\u0142asne i bli\u017anich w oparciu o Ewangeli\u0119. Tak uformowane serca b\u0119d\u0105 m\u0119\u017cne i zdolne do konfrontacji z trudn\u0105 sytuacj\u0105, w jakiej przychodzi nam \u017cy\u0107. B\u0119d\u0105 te\u017c otwarte na drugiego cz\u0142owieka, co jest tak istotne zw\u0142aszcza dzi\u015b, kiedy tak wiele naszych Si\u00f3str i Braci z Ukrainy uciekaj\u0105c przed wojn\u0105 przyby\u0142o do naszego kraju. Przyjmujemy ich z mi\u0142o\u015bci\u0105. Niech nigdy nam nie zabraknie tej mi\u0142o\u015bci i potrzeby blisko\u015bci z tymi, kt\u00f3rzy nas potrzebuj\u0105. To jest sprawdzian naszej wiary i owoc wychowania w szkole Chrystusa, kt\u00f3ry jest Drog\u0105, Prawd\u0105 i \u017byciem. Na rozpoczynaj\u0105cy si\u0119 wkr\u00f3tce XII Tydzie\u0144 Wychowania przyjmijcie Bo\u017ce b\u0142ogos\u0142awie\u0144stwo i zapewnienie o modlitwie w intencji wszystkich polskich Wychowawc\u00f3w oraz tych, wobec kt\u00f3rych podejmuj\u0105 oni sw\u0105 pos\u0142ug\u0119.<\/p>\n<p><em>Podpisali: Kardyna\u0142owie, Arcybiskupi i Biskupi<br \/>\nobecni na 392. Zebraniu Plenarnym Konferencji Episkopatu Polski,<br \/>\nZakopane, 6-7 czerwca 2022 r.<\/em><\/p>\n<p>&nbsp;<\/p>\n<p>&nbsp;<\/p>\n","protected":false},"excerpt":{"rendered":"<p>Drodzy Bracia i Siostry, Ju\u017c od dwunastu lat w pierwsz\u0105 niedziel\u0119 wrze\u015bnia kierujemy do Was s\u0142owo zwi\u0105zane z Tygodniem Wychowania. W dzisiejszej Ewangelii Jezus przypomina swoim s\u0142uchaczom: \u201eNikt z was, kto nie wyrzeka si\u0119 wszystkiego, co posiada, nie mo\u017ce by\u0107 moim uczniem\u201d (\u0141k 14, 33). Te s\u0142owa Chrystusa ucz\u0105 nas, \u017ce dojrza\u0142a decyzja p\u00f3j\u015bcia za &hellip; <\/p>\n<p><a class=\"more-link btn\" href=\"https:\/\/parafiasmardzewo.pl\/?p=8282\">Kontynuuj czytanie<\/a><\/p>\n","protected":false},"author":2,"featured_media":5692,"comment_status":"open","ping_status":"open","sticky":false,"template":"","format":"standard","meta":[],"categories":[6],"tags":[],"_links":{"self":[{"href":"https:\/\/parafiasmardzewo.pl\/index.php?rest_route=\/wp\/v2\/posts\/8282"}],"collection":[{"href":"https:\/\/parafiasmardzewo.pl\/index.php?rest_route=\/wp\/v2\/posts"}],"about":[{"href":"https:\/\/parafiasmardzewo.pl\/index.php?rest_route=\/wp\/v2\/types\/post"}],"author":[{"embeddable":true,"href":"https:\/\/parafiasmardzewo.pl\/index.php?rest_route=\/wp\/v2\/users\/2"}],"replies":[{"embeddable":true,"href":"https:\/\/parafiasmardzewo.pl\/index.php?rest_route=%2Fwp%2Fv2%2Fcomments&post=8282"}],"version-history":[{"count":1,"href":"https:\/\/parafiasmardzewo.pl\/index.php?rest_route=\/wp\/v2\/posts\/8282\/revisions"}],"predecessor-version":[{"id":8283,"href":"https:\/\/parafiasmardzewo.pl\/index.php?rest_route=\/wp\/v2\/posts\/8282\/revisions\/8283"}],"wp:featuredmedia":[{"embeddable":true,"href":"https:\/\/parafiasmardzewo.pl\/index.php?rest_route=\/wp\/v2\/media\/5692"}],"wp:attachment":[{"href":"https:\/\/parafiasmardzewo.pl\/index.php?rest_route=%2Fwp%2Fv2%2Fmedia&parent=8282"}],"wp:term":[{"taxonomy":"category","embeddable":true,"href":"https:\/\/parafiasmardzewo.pl\/index.php?rest_route=%2Fwp%2Fv2%2Fcategories&post=8282"},{"taxonomy":"post_tag","embeddable":true,"href":"https:\/\/parafiasmardzewo.pl\/index.php?rest_route=%2Fwp%2Fv2%2Ftags&post=8282"}],"curies":[{"name":"wp","href":"https:\/\/api.w.org\/{rel}","templated":true}]}}