{"id":8284,"date":"2022-09-03T22:04:47","date_gmt":"2022-09-03T20:04:47","guid":{"rendered":"http:\/\/parafiasmardzewo.pl\/?p=8284"},"modified":"2022-09-03T22:05:46","modified_gmt":"2022-09-03T20:05:46","slug":"dwudziesta-trzecia-niedziela-w-ciagu-roku-4-wrzesnia-2022","status":"publish","type":"post","link":"https:\/\/parafiasmardzewo.pl\/?p=8284","title":{"rendered":"DWUDZIESTA TRZECIA NIEDZIELA W CI\u0104GU ROKU &#8211; 4 wrze\u015bnia 2022"},"content":{"rendered":"<p><strong>OG\u0141OSZENIA\u00a0 DUSZPASTERSKIE<\/strong><\/p>\n<ol>\n<li>Dzi\u015b dwudziesta trzecia niedziela w ci\u0105gu roku ko\u015bcielnego i pierwsza niedziela miesi\u0105ca wrze\u015bnia. Po Mszy \u015awi\u0119tej o godz. 10.45 b\u0119dzie wystawienie Naj\u015bwi\u0119tszego Sakramentu, adoracja i procesja eucharystyczna.<\/li>\n<li>W czwartek, 8 wrze\u015bnia, przypada \u015bwi\u0119to Narodzenia Naj\u015bwi\u0119tszej Maryi Panny. W Polsce ten liturgiczny obch\u00f3d nazywany jest popularnie \u015bwi\u0119tem Matki Bo\u017cej Siewnej. Przez wstawiennictwo Maryi b\u0119dziemy modli\u0107 si\u0119 za wszystkich pracuj\u0105cych na roli, aby ich praca i trud wydawa\u0142y b\u0142ogos\u0142awione owoce. Nasza parafia prze\u017cywa, w tym dniu, kolejny odpust. Msze \u015awi\u0119te b\u0119d\u0105 sprawowane o godz. 9.00 \u2013 12.00 (suma z procesj\u0105 eucharystyczn\u0105 wok\u00f3\u0142 \u015bwi\u0105tyni) i o godz. 17.00. Na sumie b\u0119dziemy dzi\u0119kowa\u0107 Bogu za tegoroczne plony. B\u0142ogos\u0142awie\u0144stwo ziarna siewnego podczas Mszy \u015awi\u0119tej o godz.12.00. Na sum\u0119 zapraszam asyst\u0119 procesyjn\u0105. Szczeg\u00f3\u0142owy program uroczysto\u015bci odpustowych jest umieszczony na stronie internetowej parafii i w kruchcie ko\u015bcio\u0142a.<\/li>\n<li>W \u015brod\u0119, 7 wrze\u015bnia, zapraszam na modlitw\u0119 r\u00f3\u017ca\u0144cow\u0105 na godz. 20.30 i Apel Jasnog\u00f3rski o godz. 21.00. B\u0119dziemy modli\u0107 si\u0119 w intencji rolnik\u00f3w, sadownik\u00f3w i wszystkich, kt\u00f3rzy troszcz\u0105 si\u0119, by nikomu nie zabrak\u0142o \u017cywno\u015bci.<\/li>\n<li>W miniony czwartek rozpocz\u0119li\u015bmy nowy rok szkolny i katechetyczny. Dzieci i m\u0142odzie\u017c, kt\u00f3rzy jeszcze nie skorzystali z sakramentu pokuty niech uczyni\u0105 to dzisiaj lub w najbli\u017cszym czasie. Dzieci, do kl. VI w\u0142\u0105cznie, otrzymaj\u0105 ksi\u0105\u017ceczki do kt\u00f3rych b\u0119d\u0105 wkleja\u0142y karteczki- kontrolki. Karteczki b\u0119d\u0105 dzieci otrzymywa\u0142y po ka\u017cdej Mszy \u015awi\u0119tej niedzielnej. Dzisiaj otrzymaj\u0105 pierwsz\u0105 karteczk\u0119 \u2013 kontrolk\u0119.<\/li>\n<li>Zach\u0119cam do nabycia prasy katolickiej.<\/li>\n<li>Wszystkim jubilatom i solenizantom \u017cyczymy obfito\u015bci Bo\u017cych dar\u00f3w oraz szczeg\u00f3lnej opieki Matki Bo\u017cej.<\/li>\n<\/ol>\n<p>&nbsp;<\/p>\n<p>&nbsp;<\/p>\n<p>&nbsp;<\/p>\n<p>&nbsp;<\/p>\n<p>&nbsp;<\/p>\n","protected":false},"excerpt":{"rendered":"<p>OG\u0141OSZENIA\u00a0 DUSZPASTERSKIE Dzi\u015b dwudziesta trzecia niedziela w ci\u0105gu roku ko\u015bcielnego i pierwsza niedziela miesi\u0105ca wrze\u015bnia. Po Mszy \u015awi\u0119tej o godz. 10.45 b\u0119dzie wystawienie Naj\u015bwi\u0119tszego Sakramentu, adoracja i procesja eucharystyczna. W czwartek, 8 wrze\u015bnia, przypada \u015bwi\u0119to Narodzenia Naj\u015bwi\u0119tszej Maryi Panny. W Polsce ten liturgiczny obch\u00f3d nazywany jest popularnie \u015bwi\u0119tem Matki Bo\u017cej Siewnej. Przez wstawiennictwo Maryi b\u0119dziemy &hellip; <\/p>\n<p><a class=\"more-link btn\" href=\"https:\/\/parafiasmardzewo.pl\/?p=8284\">Kontynuuj czytanie<\/a><\/p>\n","protected":false},"author":2,"featured_media":6302,"comment_status":"open","ping_status":"open","sticky":false,"template":"","format":"standard","meta":[],"categories":[2],"tags":[],"_links":{"self":[{"href":"https:\/\/parafiasmardzewo.pl\/index.php?rest_route=\/wp\/v2\/posts\/8284"}],"collection":[{"href":"https:\/\/parafiasmardzewo.pl\/index.php?rest_route=\/wp\/v2\/posts"}],"about":[{"href":"https:\/\/parafiasmardzewo.pl\/index.php?rest_route=\/wp\/v2\/types\/post"}],"author":[{"embeddable":true,"href":"https:\/\/parafiasmardzewo.pl\/index.php?rest_route=\/wp\/v2\/users\/2"}],"replies":[{"embeddable":true,"href":"https:\/\/parafiasmardzewo.pl\/index.php?rest_route=%2Fwp%2Fv2%2Fcomments&post=8284"}],"version-history":[{"count":2,"href":"https:\/\/parafiasmardzewo.pl\/index.php?rest_route=\/wp\/v2\/posts\/8284\/revisions"}],"predecessor-version":[{"id":8286,"href":"https:\/\/parafiasmardzewo.pl\/index.php?rest_route=\/wp\/v2\/posts\/8284\/revisions\/8286"}],"wp:featuredmedia":[{"embeddable":true,"href":"https:\/\/parafiasmardzewo.pl\/index.php?rest_route=\/wp\/v2\/media\/6302"}],"wp:attachment":[{"href":"https:\/\/parafiasmardzewo.pl\/index.php?rest_route=%2Fwp%2Fv2%2Fmedia&parent=8284"}],"wp:term":[{"taxonomy":"category","embeddable":true,"href":"https:\/\/parafiasmardzewo.pl\/index.php?rest_route=%2Fwp%2Fv2%2Fcategories&post=8284"},{"taxonomy":"post_tag","embeddable":true,"href":"https:\/\/parafiasmardzewo.pl\/index.php?rest_route=%2Fwp%2Fv2%2Ftags&post=8284"}],"curies":[{"name":"wp","href":"https:\/\/api.w.org\/{rel}","templated":true}]}}