{"id":8294,"date":"2022-09-10T21:09:56","date_gmt":"2022-09-10T19:09:56","guid":{"rendered":"http:\/\/parafiasmardzewo.pl\/?p=8294"},"modified":"2022-09-10T21:10:47","modified_gmt":"2022-09-10T19:10:47","slug":"dwudziesta-niedziela-w-ciagu-roku-11-wrzesnia-2022","status":"publish","type":"post","link":"https:\/\/parafiasmardzewo.pl\/?p=8294","title":{"rendered":"DWUDZIESTA CZWARTA NIEDZIELA W CI\u0104GU ROKU &#8211; 11 wrze\u015bnia 2022"},"content":{"rendered":"<p><strong>OG\u0141OSZENIA DUSZPASTERSKIE\u00a0 \u00a0 \u00a0 \u00a0 \u00a0 \u00a0 \u00a0 \u00a0 \u00a0 \u00a0 \u00a0 \u00a0 \u00a0 \u00a0 \u00a0 \u00a0 \u00a0 \u00a0 \u00a0 \u00a0 \u00a0 \u00a0 \u00a0 \u00a0 \u00a0 \u00a0 \u00a0 \u00a0 \u00a0 \u00a0 \u00a0 \u00a0 \u00a0 \u00a0 \u00a0 \u00a0 \u00a0 \u00a0 \u00a0 \u00a0 \u00a0 \u00a0 \u00a0 \u00a0 \u00a0 \u00a0 \u00a0 \u00a0 \u00a0 \u00a0 \u00a0 \u00a0 \u00a0 \u00a0 \u00a0 \u00a0 \u00a0 \u00a0 \u00a0 \u00a0 \u00a0 \u00a0 \u00a0 \u00a0 \u00a0 \u00a0 \u00a0 \u00a0 \u00a0 \u00a0 \u00a0 \u00a0 \u00a0 \u00a0 \u00a0 \u00a0 \u00a0 \u00a0 1. 1. <\/strong>1.Dzi\u015b dwudziesta czwarta niedziela zwyk\u0142a w ci\u0105gu roku i pocz\u0105tek Kwartalnych dni modlitw za dzieci, m\u0142odzie\u017c i wychowawc\u00f3w. Rozpoczyna si\u0119 Tydzie\u0144 Wychowania. W naszej modlitwie b\u0119dziemy prosili Boga o wzrastanie w \u015bwi\u0119to\u015bci dla dzieci i m\u0142odzie\u017cy, a dla wychowawc\u00f3w i rodzic\u00f3w, aby byli dla swoich dzieci przyk\u0142adem wiary, nadziei i mi\u0142o\u015bci do Boga i Ko\u015bcio\u0142a.\u00a0 \u00a0 \u00a0 \u00a0 \u00a0 \u00a0 \u00a0 \u00a0 \u00a0 \u00a0 \u00a0 \u00a0 \u00a0 \u00a0 \u00a0 \u00a0 \u00a0 \u00a0 \u00a0 \u00a0 \u00a0 \u00a0 \u00a0 \u00a0 \u00a0 \u00a0 \u00a0 \u00a0 \u00a0 \u00a0 \u00a0 \u00a0 \u00a0 \u00a0 \u00a0 \u00a0 \u00a0 \u00a0 \u00a0 \u00a0 \u00a0 \u00a0 \u00a0 \u00a0 \u00a0 \u00a0 \u00a0 \u00a0 \u00a0 \u00a0 \u00a0 \u00a0 \u00a0 \u00a0 \u00a0 \u00a0 \u00a0 \u00a0 \u00a0 \u00a0 \u00a0 2. Na Mszy \u015awi\u0119tej o godz. 9.00 b\u0119dzie po\u015bwi\u0119cenie tornistr\u00f3w i przybor\u00f3w szkolnych.\u00a0 \u00a0 \u00a0 \u00a0 \u00a0 \u00a0 \u00a0 \u00a0 \u00a0 \u00a0 \u00a0 \u00a0 \u00a0 \u00a0 \u00a0 \u00a0 \u00a0 \u00a0 \u00a03. 3.Dzisiaj przypada tak\u017ce kolejna rocznica ataku terrorystycznego na World Trade Center w Nowym Jorku. Niech dobry B\u00f3g oka\u017ce mi\u0142osierdzie wszystkim, kt\u00f3rzy zgin\u0119li w terrorystycznych zamachach.\u00a0 \u00a0 \u00a0 \u00a0 \u00a0 \u00a0 \u00a0 \u00a0 \u00a0 \u00a0 \u00a0 \u00a0 \u00a0 \u00a0 \u00a0 \u00a0 4. We wtorek, 13 wrze\u015bnia, nabo\u017ce\u0144stwo fatimskie o godz.18.00. Serdecznie zapraszam na to kolejne nabo\u017ce\u0144stwo w tym roku.\u00a0 \u00a0 \u00a0 \u00a0 \u00a0 \u00a0 \u00a0 \u00a0 \u00a0 \u00a0 \u00a0 \u00a0 \u00a0 \u00a0 \u00a0 \u00a0 \u00a0 \u00a0 \u00a0 \u00a0 \u00a0 \u00a0 \u00a0 \u00a0 \u00a0 \u00a0 \u00a0 \u00a0 \u00a0 \u00a0 \u00a0 \u00a0 \u00a0 \u00a0 \u00a0 \u00a0 \u00a0 \u00a0 \u00a0 \u00a0 \u00a0 \u00a0 \u00a0 \u00a0 \u00a0 \u00a0 \u00a0 \u00a0 \u00a0 \u00a0 \u00a0 \u00a0 \u00a0 \u00a0 \u00a0 \u00a0 \u00a0 \u00a0 \u00a0 \u00a0 \u00a0 \u00a0 \u00a0 \u00a0 \u00a0 \u00a0 \u00a0 \u00a0 \u00a0 \u00a0 \u00a0 \u00a0 \u00a0 \u00a0 \u00a0 \u00a0 \u00a0 \u00a0 \u00a0 \u00a0 \u00a0 \u00a0 \u00a0 \u00a0 \u00a0 \u00a0 \u00a0 \u00a0 \u00a0 \u00a0 \u00a0 \u00a05. W \u015brod\u0119, 14 wrze\u015bnia, b\u0119dziemy obchodzili \u015bwi\u0119to Podwy\u017cszenia Krzy\u017ca \u015awi\u0119tego. Zosta\u0142o ono ustanowione na pami\u0105tk\u0119 po\u015bwi\u0119cenia wybudowanej w IV wieku w Jerozolimie bazyliki Krzy\u017ca \u015awi\u0119tego i odnalezienia relikwii Krzy\u017ca Chrystusa. To \u015bwi\u0119to przypomina nam, \u017ce \u201eZbawienie przysz\u0142o przez krzy\u017c\u201d. Dlatego dla nas, chrze\u015bcijan, krzy\u017c pozostaje szczeg\u00f3lnym znakiem. Msza \u015awi\u0119te w naszej \u015bwi\u0105tyni tego dnia o godz. 18.00. Parafia Dziektarzewo prze\u017cywa w tym dniu odpust. W parafii Sochocin jest r\u00f3wnie\u017c uroczysto\u015b\u0107 odpustowa, \u00a0\u00a0przeniesiona na niedziel\u0119, 18 wrze\u015bnia. Suma odpustowa o godz. 12.00.\u00a0 \u00a0 \u00a0 \u00a0 \u00a0 \u00a0 \u00a0 \u00a0 \u00a0 \u00a0 \u00a0 \u00a0 \u00a0 6. W czwartek, 15 wrze\u015bnia, w liturgii wspominamy Naj\u015bwi\u0119tsz\u0105 Maryj\u0119 Pann\u0119 Bolesn\u0105. Tym liturgicznym obchodem Ko\u015bci\u00f3\u0142 upami\u0119tnia cierpienie Maryi i Jej udzia\u0142 w m\u0119ce Zbawiciela.\u00a0 \u00a0 \u00a0 \u00a0 \u00a0 \u00a0 \u00a0 \u00a0 \u00a0 \u00a0 \u00a0 \u00a0 \u00a0 \u00a0 \u00a0 \u00a0 \u00a0 \u00a0 \u00a0 \u00a0 \u00a0 \u00a0 \u00a0 \u00a0 \u00a0 \u00a0 \u00a0 \u00a0 \u00a0 \u00a0 \u00a0 \u00a07. W sobot\u0119, 17 wrze\u015bnia, przypada kolejna rocznica zbrojnej napa\u015bci Zwi\u0105zku Radzieckiego na Polsk\u0119. Tego dnia w spos\u00f3b szczeg\u00f3lny b\u0119dziemy si\u0119 modli\u0107 za wszystkich, kt\u00f3rzy zgin\u0119li w obronie naszej ojczyzny.\u00a0 \u00a0 \u00a0 \u00a0 \u00a0 \u00a0 \u00a0 \u00a08. Za tydzie\u0144, 18 wrze\u015bnia, przypada Uroczysto\u015b\u0107 \u015bw. Stanis\u0142awa Kostki, Patrona diecezji p\u0142ockiej i Patrona naszej parafii. B\u0119dziemy prze\u017cywa\u0107 kolejny odpust w naszej wsp\u00f3lnocie parafialnej. Zapraszam dzieci i m\u0142odzie\u017c na Eucharysti\u0119 na godz. 9.00. Pozosta\u0142e Msze \u015awi\u0119te b\u0119d\u0105 r\u00f3wnie\u017c sprawowane z formularza mszalnego o \u015bw. Stanis\u0142awie Kostce.\u00a0 \u00a0 \u00a0 \u00a0 \u00a0 \u00a0 \u00a0 \u00a0 \u00a0 \u00a0 \u00a0 \u00a0 \u00a0 \u00a0 \u00a0 \u00a0 \u00a0 \u00a0 \u00a0 \u00a0 \u00a0 \u00a0 \u00a0 \u00a0 \u00a0 \u00a0 \u00a0 \u00a0 \u00a0 \u00a0 \u00a0 \u00a0 \u00a0 \u00a0 \u00a0 \u00a0 \u00a0 \u00a0 \u00a0 \u00a0 \u00a0 \u00a0 \u00a0 \u00a0 \u00a0 \u00a0 \u00a0 \u00a0 \u00a0 \u00a0 \u00a0 \u00a0 \u00a0 \u00a0 \u00a0 \u00a0 \u00a0 \u00a0 \u00a0 \u00a0 \u00a0 \u00a0 \u00a0 \u00a0 \u00a0 \u00a0 \u00a0 \u00a0 \u00a0 \u00a0 \u00a0 \u00a0 \u00a0 \u00a0 \u00a0 \u00a0 \u00a0 9. 9. W najbli\u017csz\u0105 niedziel\u0119, 18 wrze\u015bnia, przypada r\u00f3wnie\u017c \u015awiatowy Dzie\u0144 \u015arodk\u00f3w Spo\u0142ecznego Przekazu. B\u0119dziemy modli\u0107 si\u0119 za wszystkich pracuj\u0105cych w mediach, aby zawsze s\u0142u\u017cyli prawdzie i dobru.\u00a0 \u00a0 \u00a0 \u00a0 \u00a0 \u00a0 \u00a0 \u00a0 \u00a0 \u00a0 \u00a0 \u00a0 \u00a0 \u00a0 \u00a0 \u00a010. W miniony czwartek prze\u017cywali\u015bmy uroczysto\u015b\u0107 odpustow\u0105, w \u015bwi\u0119to narodzenia NMP. Dzi\u0119kowali\u015bmy r\u00f3wnie\u017c Bogu za tegoroczne plony. Pragn\u0119 podzi\u0119kowa\u0107 mieszka\u0144com K\u0119py za przygotowanie wie\u0144ca do\u017cynkowego, natomiast mieszka\u0144com Koliszewa P\u00f3\u0142noc i Po\u0142udnie oraz Smardzewa Dzia\u0142ki za przygotowanie kosz\u00f3w z warzywami i owocami. Pan J\u00f3zef Popio\u0142kowski przygotowa\u0142 bochen chleba z tegorocznego ziarna. Cz\u0142onkinie Ko\u0142a R\u00f3\u017ca\u0144cowego z Koliszewa z\u0142o\u017cyli ofiar\u0119 pieni\u0119\u017cn\u0105 (300.00 z\u0142otych) na kwiaty do udekorowania o\u0142tarzy. Wszystkim sk\u0142adam serdeczne B\u00f3g zap\u0142a\u0107. Dzi\u0119kuj\u0119 asy\u015bcie procesyjnej i osobom, kt\u00f3re bra\u0142y udzia\u0142 w procesji z darami.\u00a0 \u00a0 \u00a0 \u00a0 \u00a0 \u00a0 \u00a0 \u00a0 \u00a0 \u00a0 \u00a0 \u00a0 \u00a0 \u00a0 \u00a0 \u00a0 \u00a0 \u00a0 \u00a0 \u00a0 \u00a0 \u00a0 \u00a0 \u00a0 \u00a0 \u00a0 \u00a0 \u00a0 \u00a0 \u00a0 \u00a0 \u00a0 \u00a0 \u00a0 \u00a0 \u00a0 \u00a0 \u00a0 \u00a0 \u00a0 \u00a0 \u00a0 \u00a0 \u00a0 \u00a0 \u00a0 \u00a0 \u00a0 \u00a0 \u00a0 \u00a0 \u00a0 \u00a0 \u00a0 \u00a0 \u00a0 \u00a0 \u00a0 \u00a0 \u00a0 \u00a0 \u00a0 \u00a0 \u00a0 \u00a0 \u00a011. Zach\u0119cam do nabycia prasy katolickiej.\u00a0 \u00a0 \u00a0 \u00a0 \u00a0 \u00a0 \u00a0 \u00a0 \u00a0 \u00a0 \u00a0 \u00a0 \u00a0 \u00a0 \u00a0 \u00a0 \u00a0 \u00a0 \u00a0 \u00a0 \u00a0 \u00a0 \u00a0 \u00a0 \u00a0 \u00a0 \u00a0 \u00a0 \u00a0 \u00a0 \u00a0 \u00a0 \u00a0 \u00a0 \u00a0 \u00a0 \u00a0 \u00a0 \u00a0 \u00a0 \u00a0 \u00a0 \u00a0 \u00a0 \u00a0 \u00a0 \u00a0 \u00a0 \u00a0 \u00a0 \u00a0 \u00a0 \u00a0 \u00a0 \u00a0 \u00a0 \u00a0 \u00a0 \u00a0 \u00a0 \u00a0 \u00a0 \u00a0 \u00a0 \u00a0 \u00a0 \u00a0 \u00a0 \u00a0 \u00a0 \u00a0 \u00a0 \u00a0 \u00a012.Wczoraj odby\u0142 si\u0119 pogrzeb \u015b. p. Tadeusza Marciszewskiego, kt\u00f3ry prze\u017cy\u0142 71 lat. Od uczestnik\u00f3w pogrzebu b\u0119dzie odprawionych 11 Mszy \u015awi\u0119tych.\u00a0 \u00a0 \u00a0 \u00a0 \u00a0 \u00a0 \u00a0 \u00a0 \u00a0 \u00a0 \u00a0 \u00a0 \u00a0 \u00a0 \u00a0 \u00a0 \u00a0 \u00a0 \u00a0 \u00a0 \u00a0 \u00a0 \u00a0 \u00a0 \u00a0 \u00a0 \u00a0 \u00a0 \u00a0 \u00a0 \u00a0 \u00a0 \u00a0 \u00a0 \u00a0 \u00a0 \u00a0 \u00a0 \u00a0 \u00a0 \u00a0 \u00a0 \u00a0 \u00a0 \u00a0 \u00a0 \u00a0 \u00a0 \u00a0 \u00a0 \u00a0 \u00a0 \u00a0 \u00a0 \u00a0 \u00a0 \u00a0 \u00a0 \u00a0 \u00a0 \u00a0 \u00a0 \u00a0 \u00a013. Wszystkim jubilatom i solenizantom najbli\u017cszego tygodnia \u017cyczymy do\u015bwiadczenia blisko\u015bci i mocy Pana w codziennym \u017cyciu, pos\u0142usze\u0144stwa Jego s\u0142owu oraz nieustannego dawania \u015bwiadectwa przynale\u017cno\u015bci do Boga i Ko\u015bcio\u0142a.<\/p>\n<p>&nbsp;<\/p>\n<p>&nbsp;<\/p>\n<p><strong>\u00a0<\/strong><\/p>\n","protected":false},"excerpt":{"rendered":"<p>OG\u0141OSZENIA DUSZPASTERSKIE\u00a0 \u00a0 \u00a0 \u00a0 \u00a0 \u00a0 \u00a0 \u00a0 \u00a0 \u00a0 \u00a0 \u00a0 \u00a0 \u00a0 \u00a0 \u00a0 \u00a0 \u00a0 \u00a0 \u00a0 \u00a0 \u00a0 \u00a0 \u00a0 \u00a0 \u00a0 \u00a0 \u00a0 \u00a0 \u00a0 \u00a0 \u00a0 \u00a0 \u00a0 \u00a0 \u00a0 \u00a0 \u00a0 \u00a0 \u00a0 \u00a0 \u00a0 \u00a0 \u00a0 \u00a0 \u00a0 \u00a0 \u00a0 \u00a0 \u00a0 \u00a0 \u00a0 \u00a0 \u00a0 &hellip; <\/p>\n<p><a class=\"more-link btn\" href=\"https:\/\/parafiasmardzewo.pl\/?p=8294\">Kontynuuj czytanie<\/a><\/p>\n","protected":false},"author":2,"featured_media":6302,"comment_status":"open","ping_status":"open","sticky":false,"template":"","format":"standard","meta":[],"categories":[1],"tags":[],"_links":{"self":[{"href":"https:\/\/parafiasmardzewo.pl\/index.php?rest_route=\/wp\/v2\/posts\/8294"}],"collection":[{"href":"https:\/\/parafiasmardzewo.pl\/index.php?rest_route=\/wp\/v2\/posts"}],"about":[{"href":"https:\/\/parafiasmardzewo.pl\/index.php?rest_route=\/wp\/v2\/types\/post"}],"author":[{"embeddable":true,"href":"https:\/\/parafiasmardzewo.pl\/index.php?rest_route=\/wp\/v2\/users\/2"}],"replies":[{"embeddable":true,"href":"https:\/\/parafiasmardzewo.pl\/index.php?rest_route=%2Fwp%2Fv2%2Fcomments&post=8294"}],"version-history":[{"count":3,"href":"https:\/\/parafiasmardzewo.pl\/index.php?rest_route=\/wp\/v2\/posts\/8294\/revisions"}],"predecessor-version":[{"id":8297,"href":"https:\/\/parafiasmardzewo.pl\/index.php?rest_route=\/wp\/v2\/posts\/8294\/revisions\/8297"}],"wp:featuredmedia":[{"embeddable":true,"href":"https:\/\/parafiasmardzewo.pl\/index.php?rest_route=\/wp\/v2\/media\/6302"}],"wp:attachment":[{"href":"https:\/\/parafiasmardzewo.pl\/index.php?rest_route=%2Fwp%2Fv2%2Fmedia&parent=8294"}],"wp:term":[{"taxonomy":"category","embeddable":true,"href":"https:\/\/parafiasmardzewo.pl\/index.php?rest_route=%2Fwp%2Fv2%2Fcategories&post=8294"},{"taxonomy":"post_tag","embeddable":true,"href":"https:\/\/parafiasmardzewo.pl\/index.php?rest_route=%2Fwp%2Fv2%2Ftags&post=8294"}],"curies":[{"name":"wp","href":"https:\/\/api.w.org\/{rel}","templated":true}]}}