{"id":8303,"date":"2022-09-17T20:41:42","date_gmt":"2022-09-17T18:41:42","guid":{"rendered":"http:\/\/parafiasmardzewo.pl\/?p=8303"},"modified":"2022-09-18T15:29:08","modified_gmt":"2022-09-18T13:29:08","slug":"dwudziesta-piata-niedziela-w-ciagu-roku-18-wrzesnia-2022","status":"publish","type":"post","link":"https:\/\/parafiasmardzewo.pl\/?p=8303","title":{"rendered":"DWUDZIESTA PI\u0104TA NIEDZIELA W CI\u0104GU ROKU &#8211; 18 wrze\u015bnia 2022"},"content":{"rendered":"<p><strong>OG\u0141OSZENIA DUSZPASTERSKIE<\/strong><\/p>\n<ol>\n<li>Dzi\u015b dwudziesta pi\u0105ta niedziela zwyk\u0142a w roku ko\u015bcielnym. Modlimy si\u0119 wsp\u00f3lnie, aby\u015bmy zachowuj\u0105c Bo\u017ce przykazania, zas\u0142u\u017cyli na \u017cycie wieczne (kolekta mszalna). Niech udzia\u0142 w\u00a0\u015bwi\u0119tych obrz\u0119dach wspomaga nas na drodze wiernego wype\u0142niania Bo\u017cego prawa.<\/li>\n<li>Dzi\u015b, 18 wrze\u015bnia, przypada \u015bwi\u0119to \u015awi\u0119tego Stanis\u0142awa Kostki, patrona dzieci i\u00a0m\u0142odzie\u017cy, g\u0142\u00f3wnego patrona Polski i patrona naszej parafii. Parafia nasza prze\u017cywa dzi\u015b uroczysto\u015b\u0107 odpustow\u0105. \u00a0Msza \u015awi\u0119ta o godz. 9.00 b\u0119dzie sprawowana w intencji dzieci i m\u0142odzie\u017cy z naszej parafii i tych, kt\u00f3rzy przybywaj\u0105 do naszej \u015bwi\u0105tyni. Nasz\u0105 modlitw\u0105 otaczamy m\u0142ode pokolenie, aby wzrasta\u0142o w wierze i\u00a0blisko\u015bci Pana.<\/li>\n<li>Dzi\u015b przypada tak\u017ce \u015awiatowy Dzie\u0144 \u015arodk\u00f3w Spo\u0142ecznego Przekazu. Nasz\u0105 modlitw\u0105 otaczamy wszystkich pracuj\u0105cych w mediach, aby wiernie s\u0142u\u017cyli prawdzie. W korzystaniu z\u00a0przestrzeni medialnej niech wszystkim towarzyszy wzajemna \u017cyczliwo\u015b\u0107 i szacunek. Dzi\u0119kujemy tak\u017ce za media katolickie, kt\u00f3re s\u0142u\u017c\u0105 szerzeniu Dobrej Nowiny.<\/li>\n<li>W \u015brod\u0119, 21 wrze\u015bnia, w kalendarzu liturgicznym przypada \u015bwi\u0119to \u015awi\u0119tego Mateusza Aposto\u0142a i Ewangelisty.<\/li>\n<li>W pi\u0105tek, 23 wrze\u015bnia, b\u0119dziemy obchodzili liturgiczne wspomnienie \u015awi\u0119tego Ojca Pio. To jeden z najwi\u0119kszych \u015bwi\u0119tych XX wieku, kt\u00f3ry by\u0142 szczeg\u00f3lnym narz\u0119dziem dzia\u0142ania Boga w \u015bwiecie.<\/li>\n<li>W najbli\u017csz\u0105 niedziel\u0119, 25 wrze\u015bnia, w Ko\u015bciele przypada 108. \u015awiatowy Dzie\u0144 Migranta i\u00a0Uchod\u017acy.<\/li>\n<li>Za tydzie\u0144, 25 wrze\u015bnia zapraszam dzieci kl. III i IV i rodzic\u00f3w tych dzieci na Msz\u0119 \u015awi\u0119t\u0105 o godz. 10.45. Po Eucharystii b\u0119dzie spotkanie z rodzicami, kt\u00f3rych dzieci przygotowuj\u0105 si\u0119 do Pierwszej i Generalnej Komunii \u015awi\u0119tej. Na spotkaniu podam terminy uroczysto\u015bci komunijnych.<\/li>\n<li>R\u00f3wnie\u017c 25 wrze\u015bnia zapraszam kandydat\u00f3w do bierzmowania czyli uczni\u00f3w kl. VII, VIII i I &#8211; sza szko\u0142y \u015bredniej\u00a0 oraz tych, kt\u00f3rzy chc\u0105 przyst\u0105pi\u0107 do sakramentu bierzmowania, cho\u0107 nie uczynili tego wcze\u015bniej z m\u0142odzie\u017c\u0105 ze swojego rocznika. Zapraszam na to spotkanie r\u00f3wnie\u017c rodzic\u00f3w tej m\u0142odzie\u017cy, kt\u00f3ra rozpocznie przygotowanie do\u00a0 sakramentu dojrza\u0142o\u015bci chrze\u015bcija\u0144skiej.<\/li>\n<li>Dzieci, kt\u00f3re nie otrzyma\u0142y jeszcze ksi\u0105\u017ceczek zatytu\u0142owanych <strong><em>Ewangelia przez ca\u0142y rok <\/em><\/strong>niech zg\u0142osz\u0105 si\u0119 po ich odbi\u00f3r. Wszystkie dzieci zabieraj\u0105 karteczki-kontrolki i wklejaj\u0105 je do tych ksi\u0105\u017ceczek.<\/li>\n<li>Zach\u0119cam do nabycia prasy katolickiej.<\/li>\n<li>Wszystkich jubilat\u00f3w i solenizant\u00f3w tego tygodnia niech B\u00f3g hojnie obdarza swoj\u0105 \u0142ask\u0105, umacnia w wierze, nadziei i mi\u0142o\u015bci oraz prowadzi \u015bwiat\u0142em swojej prawdy.<\/li>\n<li>W minionym tygodniu odesz\u0142a do domu Ojca \u015bw. p. Hanna Miecznikowska, kt\u00f3ra prze\u017cy\u0142a 79 lat. Od uczestnik\u00f3w pogrzebu b\u0119dzie odprawionych 30 Mszy \u015awi\u0119tych, w tym 10 od rodzin, kt\u00f3re zam\u00f3wi\u0142y Msz\u0119 \u015awi\u0119t\u0105 przed rozpocz\u0119ciem liturgii pogrzebowej. Dobry Jezu, a nasz Panie, daj jej wieczne spoczywanie\u2026<\/li>\n<\/ol>\n<p>&nbsp;<\/p>\n<p>&nbsp;<\/p>\n<p>&nbsp;<\/p>\n<p>&nbsp;<\/p>\n<p>&nbsp;<\/p>\n<p>&nbsp;<\/p>\n","protected":false},"excerpt":{"rendered":"<p>OG\u0141OSZENIA DUSZPASTERSKIE Dzi\u015b dwudziesta pi\u0105ta niedziela zwyk\u0142a w roku ko\u015bcielnym. Modlimy si\u0119 wsp\u00f3lnie, aby\u015bmy zachowuj\u0105c Bo\u017ce przykazania, zas\u0142u\u017cyli na \u017cycie wieczne (kolekta mszalna). Niech udzia\u0142 w\u00a0\u015bwi\u0119tych obrz\u0119dach wspomaga nas na drodze wiernego wype\u0142niania Bo\u017cego prawa. Dzi\u015b, 18 wrze\u015bnia, przypada \u015bwi\u0119to \u015awi\u0119tego Stanis\u0142awa Kostki, patrona dzieci i\u00a0m\u0142odzie\u017cy, g\u0142\u00f3wnego patrona Polski i patrona naszej parafii. Parafia nasza &hellip; <\/p>\n<p><a class=\"more-link btn\" href=\"https:\/\/parafiasmardzewo.pl\/?p=8303\">Kontynuuj czytanie<\/a><\/p>\n","protected":false},"author":2,"featured_media":6302,"comment_status":"open","ping_status":"open","sticky":false,"template":"","format":"standard","meta":[],"categories":[1],"tags":[],"_links":{"self":[{"href":"https:\/\/parafiasmardzewo.pl\/index.php?rest_route=\/wp\/v2\/posts\/8303"}],"collection":[{"href":"https:\/\/parafiasmardzewo.pl\/index.php?rest_route=\/wp\/v2\/posts"}],"about":[{"href":"https:\/\/parafiasmardzewo.pl\/index.php?rest_route=\/wp\/v2\/types\/post"}],"author":[{"embeddable":true,"href":"https:\/\/parafiasmardzewo.pl\/index.php?rest_route=\/wp\/v2\/users\/2"}],"replies":[{"embeddable":true,"href":"https:\/\/parafiasmardzewo.pl\/index.php?rest_route=%2Fwp%2Fv2%2Fcomments&post=8303"}],"version-history":[{"count":3,"href":"https:\/\/parafiasmardzewo.pl\/index.php?rest_route=\/wp\/v2\/posts\/8303\/revisions"}],"predecessor-version":[{"id":8306,"href":"https:\/\/parafiasmardzewo.pl\/index.php?rest_route=\/wp\/v2\/posts\/8303\/revisions\/8306"}],"wp:featuredmedia":[{"embeddable":true,"href":"https:\/\/parafiasmardzewo.pl\/index.php?rest_route=\/wp\/v2\/media\/6302"}],"wp:attachment":[{"href":"https:\/\/parafiasmardzewo.pl\/index.php?rest_route=%2Fwp%2Fv2%2Fmedia&parent=8303"}],"wp:term":[{"taxonomy":"category","embeddable":true,"href":"https:\/\/parafiasmardzewo.pl\/index.php?rest_route=%2Fwp%2Fv2%2Fcategories&post=8303"},{"taxonomy":"post_tag","embeddable":true,"href":"https:\/\/parafiasmardzewo.pl\/index.php?rest_route=%2Fwp%2Fv2%2Ftags&post=8303"}],"curies":[{"name":"wp","href":"https:\/\/api.w.org\/{rel}","templated":true}]}}