{"id":8307,"date":"2022-09-24T20:45:02","date_gmt":"2022-09-24T18:45:02","guid":{"rendered":"http:\/\/parafiasmardzewo.pl\/?p=8307"},"modified":"2022-09-24T20:45:29","modified_gmt":"2022-09-24T18:45:29","slug":"dwudziesta-szosta-niedziela-w-ciagu-roku-25-wrzesnia-2022","status":"publish","type":"post","link":"https:\/\/parafiasmardzewo.pl\/?p=8307","title":{"rendered":"DWUDZIESTA SZ\u00d3STA NIEDZIELA W CI\u0104GU ROKU &#8211; 25 wrze\u015bnia 2022"},"content":{"rendered":"<p><strong>OG\u0141OSZENIA DUSZPASTERSKIE<\/strong><\/p>\n<ol>\n<li>Dzi\u015b dwudziesta sz\u00f3sta niedziela w ci\u0105gu roku liturgicznego. Po raz kolejny (108) obchodzony jest dzisiaj \u015awiatowy Dzie\u0144 Migranta i Uchod\u017acy. Modlitw\u0105 wspieramy wszystkich, kt\u00f3rzy z powodu wojny, prze\u015bladowa\u0144 i innych trudno\u015bci musieli opu\u015bci\u0107 rodzinny kraj, aby do\u015bwiadczali \u017cyczliwo\u015bci i odpowiedniej pomocy w nowych \u015brodowiskach.<\/li>\n<li>Dzisiaj, po Mszy \u015awi\u0119tej o godz. 10.45, b\u0119dzie spotkanie z rodzicami, kt\u00f3rych dzieci przygotowuj\u0105 si\u0119 do Pierwszej (kl. III) i Generalnej (kl. IV) Komunii \u015awi\u0119tej, w roku 2023. Po Eucharystii o godz. 16.00 zapraszam m\u0142odzie\u017c klas: VII, VIII i I &#8211; ej ponadpodstawowej \u00a0na spotkanie kandydat\u00f3w do sakramentu bierzmowania. Na to spotkanie zapraszam r\u00f3wnie\u017c rodzic\u00f3w tej m\u0142odzie\u017cy.<\/li>\n<li>We wtorek, 27 wrze\u015bnia, przypada \u015awiatowy Dzie\u0144 Turystyki. B\u0119dziemy modli\u0107 si\u0119 za wszystkich zaanga\u017cowanych w dzia\u0142alno\u015b\u0107 turystyczn\u0105 i pielgrzymkow\u0105.<\/li>\n<li>W czwartek, 29 wrze\u015bnia, przypada \u015bwi\u0119to \u015awi\u0119tych Archanio\u0142\u00f3w: Micha\u0142a, Gabriela i\u00a0Rafa\u0142a. \u015awi\u0119ci Archanio\u0142owie to szczeg\u00f3lni Bo\u017cy pos\u0142a\u0144cy. Niech ich wstawiennictwo wyprasza nam Bo\u017c\u0105 opiek\u0119.<\/li>\n<li>W pi\u0105tek, 30 wrze\u015bnia, w liturgii wspominamy \u015awi\u0119tego Hieronima, kt\u00f3ry ca\u0142e \u017cycie po\u015bwi\u0119ci\u0142 poznawaniu Pisma \u015awi\u0119tego. Przet\u0142umaczy\u0142 Bibli\u0119 z j\u0119zyka greckiego na j\u0119zyk \u0142aci\u0144ski (tzw. \u201eWulgata\u201d). Pozostawi\u0142 wa\u017cn\u0105 my\u015bl, \u017ce \u201eNieznajomo\u015b\u0107 Pisma \u015awi\u0119tego jest nieznajomo\u015bci\u0105 Chrystusa\u201d.<\/li>\n<li>W najbli\u017csz\u0105 sobot\u0119 rozpoczniemy pa\u017adziernik \u2013 miesi\u0105c modlitwy r\u00f3\u017ca\u0144cowej. Zapraszam wszystkich: dzieci, m\u0142odzie\u017c i doros\u0142ych do udzia\u0142u w nabo\u017ce\u0144stwie r\u00f3\u017ca\u0144cowym codziennie, w dni powszednie, o godz. 16.00 Msza \u015awi\u0119ta i r\u00f3\u017caniec. Osoby, kt\u00f3re nie mog\u0105 przyby\u0107 na t\u0119 modlitw\u0119 do \u015bwi\u0105tyni, zapraszam, aby modli\u0107 si\u0119 na r\u00f3\u017ca\u0144cu w domu. Jest to r\u00f3wnie\u017c pierwsza sobota miesi\u0105ca.<\/li>\n<li>Tego dnia w liturgii Ko\u015bcio\u0142a b\u0119dziemy wspomina\u0107 \u015awi\u0119t\u0105 Teres\u0119 od Dzieci\u0105tka Jezus, nazywan\u0105 Ma\u0142\u0105 Teresk\u0105, patronk\u0119 misji. Jest to jednocze\u015bnie Dzie\u0144 Misyjny Si\u00f3str Zakonnych. Nasz\u0105 modlitw\u0105 b\u0119dziemy wspiera\u0107 siostry zakonne zaanga\u017cowane w prac\u0119 misyjn\u0105.<\/li>\n<li>W sobot\u0119, 1 pa\u017adziernika, przypada r\u00f3wnie\u017c pocz\u0105tek roku akademickiego. Wszystkim studentom \u017cyczymy gorliwo\u015bci w zdobywaniu wiedzy, a nauczycielom akademickim i\u00a0profesorom Bo\u017cego \u015bwiat\u0142a i cierpliwo\u015bci w pracy akademickiej.<\/li>\n<li>Najbli\u017csza niedziela b\u0119dzie pierwsz\u0105 niedziel\u0105 miesi\u0105ca. Na sum\u0119 zapraszam asyst\u0119 procesyjn\u0105.<\/li>\n<li>8 pa\u017adziernika (sobota) b\u0119dziemy go\u015bci\u0107 cz\u0142onk\u00f3w K\u00f3\u0142 \u017bywego R\u00f3\u017ca\u0144ca z diecezji p\u0142ockiej. B\u0119dzie to ju\u017c VII taka og\u00f3lnodiecezjalna pielgrzymka r\u00f3\u017ca\u0144cowa. Szczeg\u00f3\u0142owy program pielgrzymki jest umieszczony w kruchcie ko\u015bcio\u0142a i na stronie internetowej naszej parafii.<\/li>\n<li>List otwarty Komendanta Powiatowego Policji w P\u0142o\u0144sku. <em>Szanowni Pa\u0144stwo! W zwi\u0105zku z powtarzaj\u0105cymi si\u0119 przypadkami oszustw, kt\u00f3rych ofiarami staj\u0105 si\u0119 osoby starsze (\u2026.) apelujemy do Pa\u0144stwa o ostro\u017cno\u015b\u0107 (\u2026). Najcz\u0119\u015bciej stosowanymi metodami przest\u0119pstw wobec os\u00f3b starszych s\u0105 tzw. metody \u201ena wnuczka\u201d, \u201epolicjanta\u201d, \u201efunkcjonariusza CB\u015aP\u201d, \u201eprokuratora\u201d lub wypadek spowodowany przez cz\u0142onka rodziny. (\u2026.).<\/em><\/li>\n<li>Zach\u0119cam do nabycia prasy katolickiej.<\/li>\n<li>W ostatnim tygodniu B\u00f3g powo\u0142a\u0142 do siebie \u015bw. p. Halin\u0119 Jastrz\u0119bsk\u0105, kt\u00f3ra prze\u017cy\u0142a 69 lat. Od uczestnik\u00f3w pogrzebu b\u0119dzie odprawionych 12 Mszy \u015awi\u0119tych, w tym 2 zam\u00f3wione przed liturgi\u0105 pogrzebow\u0105. Niech mi\u0142osierny B\u00f3g da wszystkim spoczywaj\u0105cym w Chrystusie udzia\u0142 w \u015bwiat\u0142o\u015bci wiekuistej.<\/li>\n<li>Wszystkim jubilatom i solenizantom tego tygodnia \u017cyczymy obfito\u015bci Bo\u017cego b\u0142ogos\u0142awie\u0144stwa oraz opieki Niepokalanej.<\/li>\n<\/ol>\n<p>&nbsp;<\/p>\n<p><strong>\u00a0<\/strong><\/p>\n<p>&nbsp;<\/p>\n<p>&nbsp;<\/p>\n<p>&nbsp;<\/p>\n","protected":false},"excerpt":{"rendered":"<p>OG\u0141OSZENIA DUSZPASTERSKIE Dzi\u015b dwudziesta sz\u00f3sta niedziela w ci\u0105gu roku liturgicznego. Po raz kolejny (108) obchodzony jest dzisiaj \u015awiatowy Dzie\u0144 Migranta i Uchod\u017acy. Modlitw\u0105 wspieramy wszystkich, kt\u00f3rzy z powodu wojny, prze\u015bladowa\u0144 i innych trudno\u015bci musieli opu\u015bci\u0107 rodzinny kraj, aby do\u015bwiadczali \u017cyczliwo\u015bci i odpowiedniej pomocy w nowych \u015brodowiskach. Dzisiaj, po Mszy \u015awi\u0119tej o godz. 10.45, b\u0119dzie spotkanie &hellip; <\/p>\n<p><a class=\"more-link btn\" href=\"https:\/\/parafiasmardzewo.pl\/?p=8307\">Kontynuuj czytanie<\/a><\/p>\n","protected":false},"author":2,"featured_media":6302,"comment_status":"open","ping_status":"open","sticky":false,"template":"","format":"standard","meta":[],"categories":[1],"tags":[],"_links":{"self":[{"href":"https:\/\/parafiasmardzewo.pl\/index.php?rest_route=\/wp\/v2\/posts\/8307"}],"collection":[{"href":"https:\/\/parafiasmardzewo.pl\/index.php?rest_route=\/wp\/v2\/posts"}],"about":[{"href":"https:\/\/parafiasmardzewo.pl\/index.php?rest_route=\/wp\/v2\/types\/post"}],"author":[{"embeddable":true,"href":"https:\/\/parafiasmardzewo.pl\/index.php?rest_route=\/wp\/v2\/users\/2"}],"replies":[{"embeddable":true,"href":"https:\/\/parafiasmardzewo.pl\/index.php?rest_route=%2Fwp%2Fv2%2Fcomments&post=8307"}],"version-history":[{"count":1,"href":"https:\/\/parafiasmardzewo.pl\/index.php?rest_route=\/wp\/v2\/posts\/8307\/revisions"}],"predecessor-version":[{"id":8308,"href":"https:\/\/parafiasmardzewo.pl\/index.php?rest_route=\/wp\/v2\/posts\/8307\/revisions\/8308"}],"wp:featuredmedia":[{"embeddable":true,"href":"https:\/\/parafiasmardzewo.pl\/index.php?rest_route=\/wp\/v2\/media\/6302"}],"wp:attachment":[{"href":"https:\/\/parafiasmardzewo.pl\/index.php?rest_route=%2Fwp%2Fv2%2Fmedia&parent=8307"}],"wp:term":[{"taxonomy":"category","embeddable":true,"href":"https:\/\/parafiasmardzewo.pl\/index.php?rest_route=%2Fwp%2Fv2%2Fcategories&post=8307"},{"taxonomy":"post_tag","embeddable":true,"href":"https:\/\/parafiasmardzewo.pl\/index.php?rest_route=%2Fwp%2Fv2%2Ftags&post=8307"}],"curies":[{"name":"wp","href":"https:\/\/api.w.org\/{rel}","templated":true}]}}