{"id":8311,"date":"2022-09-24T21:01:34","date_gmt":"2022-09-24T19:01:34","guid":{"rendered":"http:\/\/parafiasmardzewo.pl\/?p=8311"},"modified":"2022-09-24T21:02:07","modified_gmt":"2022-09-24T19:02:07","slug":"vii-diecezjalna-pielgrzymka-kol-zywego-rozanca-do-smardzewa","status":"publish","type":"post","link":"https:\/\/parafiasmardzewo.pl\/?p=8311","title":{"rendered":"VII Diecezjalna Pielgrzymka K\u00f3\u0142 \u017bywego R\u00f3\u017ca\u0144ca do Smardzewa"},"content":{"rendered":"<p><strong>VII Diecezjalna Pielgrzymka K\u00f3\u0142 \u017bywego R\u00f3\u017ca\u0144ca do Smardzewa<\/strong><\/p>\n<p>Cz\u0142onk\u00f3w K\u00f3\u0142 \u017bywego R\u00f3\u017ca\u0144ca oraz wszystkich czcicieli r\u00f3\u017ca\u0144ca \u015bwi\u0119tego (w tym dzieci i m\u0142odzie\u017c) wraz ze swoimi Ksi\u0119\u017cmi opiekunami zapraszamy na 7. Diecezjaln\u0105 Pielgrzymk\u0119 K\u00f3\u0142 \u017bywego R\u00f3\u017ca\u0144ca w <strong>sobot\u0119 8 pa\u017adziernika 2022 r.<\/strong> do sanktuarium Matki Bo\u017cej R\u00f3\u017ca\u0144cowej w Smardzewie. W programie naszego spotkania, kt\u00f3rego g\u0142\u00f3wn\u0105 intencj\u0105 b\u0119dzie <strong>modlitwa o pok\u00f3j na \u015bwiecie, a szczeg\u00f3lnie na Ukrainie,<\/strong> planujemy mi\u0119dzy innymi: Msz\u0119 \u015bw. koncelebrowan\u0105 pod przewodnictwem J. E. Biskupa\u00a0 Miros\u0142awa Milewskiego, konferencj\u0119 o. Miros\u0142awa Kopczewskiego OFM, wsp\u00f3ln\u0105 modlitw\u0119 r\u00f3\u017ca\u0144cow\u0105, \u015bpiew i braterskie spotkanie.<\/p>\n<p><strong>VII\u00a0 DIECEZJALNA\u00a0 PIELGRZYMKA\u00a0 \u00a0 \u00a0 \u00a0 \u00a0 \u00a0 \u00a0 \u00a0 \u00a0 \u00a0 \u00a0 \u00a0 \u00a0 \u00a0 \u00a0 \u00a0 \u00a0 \u00a0 \u00a0 \u00a0 \u00a0 \u00a0 \u00a0 \u00a0 \u00a0 \u00a0 \u00a0 \u00a0 \u00a0 \u00a0 \u00a0 \u00a0 \u00a0 \u00a0 \u00a0 \u00a0 \u00a0 \u00a0 \u00a0 \u00a0 \u00a0 \u00a0 \u00a0 \u00a0 \u00a0 \u00a0 \u00a0 \u00a0 \u00a0 \u00a0 \u00a0 \u00a0 \u00a0 \u00a0 \u00a0 \u00a0 \u00a0 \u00a0 \u00a0 \u00a0 \u00a0 \u00a0 \u00a0 \u00a0 \u00a0 \u00a0 \u00a0 \u00a0 \u00a0 \u00a0 \u00a0 \u00a0 \u00a0 \u00a0 \u00a0 \u00a0 \u00a0 \u00a0 \u00a0<\/strong><strong>K\u00d3\u0141\u00a0 \u017bYWEGO\u00a0 R\u00d3\u017bA\u0143CA\u00a0 \u00a0 \u00a0 \u00a0 \u00a0 \u00a0 \u00a0 \u00a0 \u00a0 \u00a0 \u00a0 \u00a0 \u00a0 \u00a0 \u00a0 \u00a0 \u00a0 \u00a0 \u00a0 \u00a0 \u00a0 \u00a0 \u00a0 \u00a0 \u00a0 \u00a0 \u00a0 \u00a0 \u00a0 \u00a0 \u00a0 \u00a0 \u00a0 \u00a0 \u00a0 \u00a0 \u00a0 \u00a0 \u00a0 \u00a0 \u00a0 \u00a0 \u00a0 \u00a0 \u00a0 \u00a0 \u00a0 \u00a0 \u00a0 \u00a0 \u00a0 \u00a0 \u00a0 \u00a0 \u00a0 \u00a0 \u00a0 \u00a0 \u00a0 \u00a0 \u00a0 \u00a0 \u00a0 \u00a0 \u00a0 \u00a0 \u00a0 \u00a0 \u00a0 \u00a0 \u00a0 \u00a0 \u00a0 \u00a0 \u00a0 \u00a0 \u00a0 \u00a0 \u00a0 \u00a0 <\/strong><strong>Sanktuarium Matki Bo\u017cej R\u00f3\u017ca\u0144cowej w Smardzewie\u00a0 \u00a0 \u00a0 \u00a0 \u00a0 \u00a0 \u00a0 \u00a0 \u00a0 \u00a0 \u00a0 \u00a0 \u00a0 \u00a0 \u00a0 \u00a0 \u00a0 \u00a0 \u00a0 \u00a0 \u00a0 \u00a0 \u00a0 \u00a0 \u00a0 \u00a0 \u00a0 \u00a0 \u00a0 \u00a0 \u00a0 \u00a0 \u00a0 \u00a0 \u00a0 \u00a0 \u00a0 \u00a0 \u00a0 \u00a0 \u00a0 \u00a0 \u00a0 \u00a0 \u00a0 \u00a0 \u00a0 \u00a0 \u00a0 \u00a0 \u00a0 \u00a0 \u00a0 \u00a0 \u00a0 \u00a0 \u00a0 \u00a0 \u00a0 \u00a0 \u00a0 \u00a0<\/strong><strong>\u201e <\/strong><strong>Je\u015bli ludzie b\u0119d\u0105 si\u0119 lepiej modli\u0107, wszystko obr\u00f3ci si\u0119 na dobro<\/strong><strong>\u201d<\/strong> \u2013 s\u0142owa wypowiedziane przez Matk\u0119 Bo\u017c\u0105, do dzieci, w Gietrzwa\u0142dzie<strong>\u00a0 \u00a0 \u00a0 \u00a0 \u00a0 \u00a0 \u00a0 \u00a0 \u00a0 \u00a0 \u00a0 \u00a0 \u00a0 \u00a0 \u00a0 \u00a0 \u00a0 \u00a0 \u00a0 \u00a0 \u00a0 \u00a0 \u00a0 \u00a0 \u00a0 \u00a0 \u00a0 \u00a0 \u00a0 \u00a0 \u00a0 \u00a0 \u00a0 \u00a0 \u00a0 \u00a0 \u00a0 \u00a0 \u00a0 \u00a0 \u00a0 \u00a0 \u00a0 \u00a0 \u00a0 \u00a0 \u00a0 \u00a0 \u00a0 \u00a0 \u00a0 \u00a0 \u00a0 \u00a0 \u00a0 \u00a0 \u00a0 \u00a0 \u00a0 \u00a0 \u00a0 \u00a0 \u00a0 \u00a0 \u00a0 \u00a0 \u00a0 \u00a0 \u00a0 \u00a0 \u00a0 \u00a0 \u00a0 \u00a0 \u00a0 \u00a0 \u00a0 \u00a0 \u00a0 \u00a0 \u00a0 \u00a0 \u00a0 \u00a0 <\/strong><strong>8 pa\u017adziernika \u00a02022 r.\u00a0 \u00a0 \u00a0 \u00a0 \u00a0 \u00a0 \u00a0 \u00a0 \u00a0 \u00a0 \u00a0 \u00a0 \u00a0 \u00a0 \u00a0 \u00a0 \u00a0 \u00a0 \u00a0 \u00a0 \u00a0 \u00a0 \u00a0 \u00a0 \u00a0 \u00a0 \u00a0 \u00a0 \u00a0 \u00a0 \u00a0 \u00a0 \u00a0 \u00a0 \u00a0 \u00a0 \u00a0 \u00a0 \u00a0 \u00a0 \u00a0 \u00a0 \u00a0 \u00a0 \u00a0 \u00a0 \u00a0 \u00a0 \u00a0 \u00a0 \u00a0 \u00a0 \u00a0 \u00a0 \u00a0 \u00a0 \u00a0 \u00a0 \u00a0 \u00a0 \u00a0 \u00a0 \u00a0 \u00a0 \u00a0 \u00a0 \u00a0 \u00a0 \u00a0 \u00a0 \u00a0 \u00a0 \u00a0 \u00a0 \u00a0 \u00a0 \u00a0 \u00a0 \u00a0 \u00a0 \u00a0 \u00a0 \u00a0 <\/strong><strong>Przewodniczy \u2013 J.E. Biskup Miros\u0142aw Milewski\u00a0 \u00a0 \u00a0 \u00a0 \u00a0 \u00a0 \u00a0 \u00a0 \u00a0 \u00a0 \u00a0 \u00a0 \u00a0 \u00a0 \u00a0 \u00a0 \u00a0 \u00a0 \u00a0 \u00a0 \u00a0 \u00a0 \u00a0 \u00a0 \u00a0 \u00a0 \u00a0 \u00a0 \u00a0 \u00a0 \u00a0 \u00a0 \u00a0 \u00a0 \u00a0 \u00a0 \u00a0 \u00a0 \u00a0 \u00a0 \u00a0 \u00a0 \u00a0 \u00a0 \u00a0 \u00a0 \u00a0 \u00a0 \u00a0 \u00a0 \u00a0 \u00a0 \u00a0 \u00a0 \u00a0 \u00a0 \u00a0 \u00a0 \u00a0 \u00a0 \u00a0 \u00a0 \u00a0 \u00a0 \u00a0 \u00a0 \u00a0<\/strong><strong><em>Program:<\/em><\/strong><\/p>\n<p>Godz. 10.00 \u2013 zawi\u0105zanie wsp\u00f3lnoty i przywitanie uczestnik\u00f3w pielgrzymki<\/p>\n<p>Godz. 10.20 \u2013 <strong>\u201eDlaczego powinni\u015bmy modli\u0107 si\u0119 na r\u00f3\u017ca\u0144cu\u201d<\/strong> \u00a0&#8211; konferencja o. Miros\u0142awa Kopczewskiego, franciszkanina z Niepokalanowa.<\/p>\n<p>Godz. 11.15 \u2013 <strong>Msza \u015bw.<\/strong> koncelebrowana pod przewodnictwem<br \/>\nJ. E. Biskupa Miros\u0142awa Milewskiego<\/p>\n<p>Godz. 12.45 \u2013 przerwa na posi\u0142ek<\/p>\n<p>Godz. 13.15 \u2013 modlitwa r\u00f3\u017ca\u0144cowa (tajemnice radosne)<\/p>\n<p>Godz. 14.00 \u2013 zako\u0144czenie pielgrzymki<\/p>\n<p><em>Wydzia\u0142 Duszpasterski Kurii Diecezjalnej P\u0142ockiej\u00a0 \u00a0 \u00a0 \u00a0 \u00a0 \u00a0 \u00a0 \u00a0 \u00a0 \u00a0 \u00a0 \u00a0 \u00a0 \u00a0 \u00a0 \u00a0 \u00a0 \u00a0 \u00a0 \u00a0 \u00a0 \u00a0 \u00a0 \u00a0 \u00a0 \u00a0 \u00a0 \u00a0 \u00a0 \u00a0 \u00a0 \u00a0 \u00a0 \u00a0 \u00a0 \u00a0 \u00a0 \u00a0 \u00a0 \u00a0 \u00a0 \u00a0 \u00a0 \u00a0 \u00a0 \u00a0 \u00a0 \u00a0 \u00a0 \u00a0 \u00a0 \u00a0 \u00a0 \u00a0 \u00a0 \u00a0 \u00a0 \u00a0 \u00a0 \u00a0 \u00a0 \u00a0 \u00a0 \u00a0 \u00a0 \u00a0 \u00a0 \u00a0<\/em><em>i Diecezjalny Referent K\u00f3\u0142 \u017bywego R\u00f3\u017ca\u0144ca \u2013 ks. Henryk Dymek <\/em><\/p>\n<p>&nbsp;<\/p>\n<p>&nbsp;<\/p>\n<p>&nbsp;<\/p>\n","protected":false},"excerpt":{"rendered":"<p>VII Diecezjalna Pielgrzymka K\u00f3\u0142 \u017bywego R\u00f3\u017ca\u0144ca do Smardzewa Cz\u0142onk\u00f3w K\u00f3\u0142 \u017bywego R\u00f3\u017ca\u0144ca oraz wszystkich czcicieli r\u00f3\u017ca\u0144ca \u015bwi\u0119tego (w tym dzieci i m\u0142odzie\u017c) wraz ze swoimi Ksi\u0119\u017cmi opiekunami zapraszamy na 7. Diecezjaln\u0105 Pielgrzymk\u0119 K\u00f3\u0142 \u017bywego R\u00f3\u017ca\u0144ca w sobot\u0119 8 pa\u017adziernika 2022 r. do sanktuarium Matki Bo\u017cej R\u00f3\u017ca\u0144cowej w Smardzewie. W programie naszego spotkania, kt\u00f3rego g\u0142\u00f3wn\u0105 intencj\u0105 &hellip; <\/p>\n<p><a class=\"more-link btn\" href=\"https:\/\/parafiasmardzewo.pl\/?p=8311\">Kontynuuj czytanie<\/a><\/p>\n","protected":false},"author":2,"featured_media":5168,"comment_status":"open","ping_status":"open","sticky":false,"template":"","format":"standard","meta":[],"categories":[1],"tags":[],"_links":{"self":[{"href":"https:\/\/parafiasmardzewo.pl\/index.php?rest_route=\/wp\/v2\/posts\/8311"}],"collection":[{"href":"https:\/\/parafiasmardzewo.pl\/index.php?rest_route=\/wp\/v2\/posts"}],"about":[{"href":"https:\/\/parafiasmardzewo.pl\/index.php?rest_route=\/wp\/v2\/types\/post"}],"author":[{"embeddable":true,"href":"https:\/\/parafiasmardzewo.pl\/index.php?rest_route=\/wp\/v2\/users\/2"}],"replies":[{"embeddable":true,"href":"https:\/\/parafiasmardzewo.pl\/index.php?rest_route=%2Fwp%2Fv2%2Fcomments&post=8311"}],"version-history":[{"count":2,"href":"https:\/\/parafiasmardzewo.pl\/index.php?rest_route=\/wp\/v2\/posts\/8311\/revisions"}],"predecessor-version":[{"id":8313,"href":"https:\/\/parafiasmardzewo.pl\/index.php?rest_route=\/wp\/v2\/posts\/8311\/revisions\/8313"}],"wp:featuredmedia":[{"embeddable":true,"href":"https:\/\/parafiasmardzewo.pl\/index.php?rest_route=\/wp\/v2\/media\/5168"}],"wp:attachment":[{"href":"https:\/\/parafiasmardzewo.pl\/index.php?rest_route=%2Fwp%2Fv2%2Fmedia&parent=8311"}],"wp:term":[{"taxonomy":"category","embeddable":true,"href":"https:\/\/parafiasmardzewo.pl\/index.php?rest_route=%2Fwp%2Fv2%2Fcategories&post=8311"},{"taxonomy":"post_tag","embeddable":true,"href":"https:\/\/parafiasmardzewo.pl\/index.php?rest_route=%2Fwp%2Fv2%2Ftags&post=8311"}],"curies":[{"name":"wp","href":"https:\/\/api.w.org\/{rel}","templated":true}]}}