{"id":8314,"date":"2022-10-01T18:37:02","date_gmt":"2022-10-01T16:37:02","guid":{"rendered":"http:\/\/parafiasmardzewo.pl\/?p=8314"},"modified":"2022-10-01T18:38:29","modified_gmt":"2022-10-01T16:38:29","slug":"dwudziesta-siodma-niedziela-w-ciagu-roku-2-pazdziernika-2022","status":"publish","type":"post","link":"https:\/\/parafiasmardzewo.pl\/?p=8314","title":{"rendered":"DWUDZIESTA SI\u00d3DMA NIEDZIELA W CI\u0104GU ROKU &#8211; 2 pa\u017adziernika 2022"},"content":{"rendered":"<p><strong>OG\u0141OSZENIA DUSZPASTERSKIE<\/strong><\/p>\n<ol>\n<li>Dzi\u015b dwudziesta si\u00f3dma niedziela zwyk\u0142a w ci\u0105gu roku ko\u015bcielnego. Liturgia niedzielna wypar\u0142a liturgiczne wspomnienie \u015awi\u0119tych Anio\u0142\u00f3w Str\u00f3\u017c\u00f3w. Niech towarzyszy nam wiara w\u00a0obecno\u015b\u0107 i pomoc \u015bwi\u0119tych anio\u0142\u00f3w, kt\u00f3rych B\u00f3g powo\u0142a\u0142, aby nas strzegli na drogach naszego \u017cycia.<\/li>\n<li>Dzisiejsza niedziela jest pierwsz\u0105 niedziel\u0105 miesi\u0105ca. Na sumie b\u0119dzie adoracja i procesja eucharystyczna wok\u00f3\u0142 ko\u015bcio\u0142a. Po Eucharystii o godz. 9.00 b\u0119dzie kr\u00f3tkie spotkanie z dzie\u0107mi kl. III i IV, kt\u00f3rzy przygotowuj\u0105 si\u0119 do Pierwszej i Generalnej Komunii \u015awi\u0119tej.<\/li>\n<li>Trwa pa\u017adziernik \u2013 miesi\u0105c modlitwy r\u00f3\u017ca\u0144cowej. Zapraszam wszystkich: dzieci, m\u0142odzie\u017c i doros\u0142ych do udzia\u0142u w nabo\u017ce\u0144stwie r\u00f3\u017ca\u0144cowym codziennie o godz. 16.30, w niedziel\u0119 po wszystkich Mszach \u015awi\u0119tych, przynajmniej jeden dziesi\u0105tek r\u00f3\u017ca\u0144ca b\u0119dziemy odmawia\u0107. Osoby, kt\u00f3re nie mog\u0105 przyby\u0107 na modlitw\u0119 do \u015bwi\u0105tyni, zapraszam do odmawiania r\u00f3\u017ca\u0144ca w domu. Przypominam tak\u017ce, \u017ce w niedziele i \u015brody odmawiamy tajemnice chwalebne, w poniedzia\u0142ki i soboty \u2013 tajemnice radosne, we wtorki i pi\u0105tki \u2013 bolesne, w czwartki \u2013 tajemnice \u015bwiat\u0142a.<\/li>\n<li>Osoby modl\u0105ce si\u0119 na r\u00f3\u017ca\u0144cu mog\u0105 zyska\u0107 \u0142ask\u0119 odpustu zupe\u0142nego, czyli darowanie kar czy\u015b\u0107cowych za grzechy. Taki odpust pod zwyk\u0142ymi warunkami mo\u017cna zyska\u0107, odmawiaj\u0105c jedn\u0105 cz\u0119\u015b\u0107 r\u00f3\u017ca\u0144ca.<\/li>\n<li>We wtorek, 4 pa\u017adziernika, w kalendarzu liturgicznym przypada wspomnienie \u015awi\u0119tego Franciszka z Asy\u017cu. To tak\u017ce dzie\u0144 imienin papie\u017ca Franciszka. Niech nasza modlitwa b\u0119dzie wsparciem dla Ojca \u015awi\u0119tego.<\/li>\n<li>W \u015brod\u0119, 5 pa\u017adziernika, b\u0119dziemy wspomina\u0107 w liturgii \u015awi\u0119t\u0105 Siostr\u0119 Faustyn\u0119 Kowalsk\u0105, kt\u00f3r\u0105 nazywamy Aposto\u0142k\u0105 Bo\u017cego Mi\u0142osierdzia. Tego dnia w spos\u00f3b szczeg\u00f3lny b\u0119dziemy modli\u0107 si\u0119 przez jej wstawiennictwo o mi\u0142osierdzie Bo\u017ce dla nas i ca\u0142ego \u015bwiata.<\/li>\n<li>Czwartek, 6 pa\u017adziernika, b\u0119dzie pierwszym czwartkiem miesi\u0105ca. B\u0119dziemy modli\u0107 si\u0119 o\u00a0 u\u015bwi\u0119cenie kap\u0142an\u00f3w oraz o nowe powo\u0142ania o godz. 16.30.<\/li>\n<li>W pi\u0105tek, 7 pa\u017adziernika, przypada liturgiczne wspomnienie Naj\u015bwi\u0119tszej Maryi Panny R\u00f3\u017ca\u0144cowej. To jednocze\u015bnie pierwszy pi\u0105tek miesi\u0105ca. Nabo\u017ce\u0144stwo do Naj\u015bwi\u0119tszego Serca Pana Jezusa o godz. 16.30. Po r\u00f3\u017ca\u0144cu odm\u00f3wimy Litani\u0119 do Serca Pana Jezusa. Z sakramentu pokuty i pojednania b\u0119dzie mo\u017cna skorzysta\u0107 od godz. 15.30.<\/li>\n<li>8 pa\u017adziernika (sobota) b\u0119dziemy go\u015bci\u0107 cz\u0142onk\u00f3w K\u00f3\u0142 \u017bywego R\u00f3\u017ca\u0144ca z diecezji p\u0142ockiej. B\u0119dzie to ju\u017c VII taka og\u00f3lnodiecezjalna pielgrzymka r\u00f3\u017ca\u0144cowa. Szczeg\u00f3\u0142owy program pielgrzymki jest umieszczony w kruchcie ko\u015bcio\u0142a i na stronie internetowej naszej parafii.<\/li>\n<li>Wszystkim jubilatom i solenizantom tego tygodnia \u017cyczymy Bo\u017cej m\u0105dro\u015bci w\u00a0codziennych wyborach, wzrastania w mi\u0142o\u015bci oraz podejmowania pokornej s\u0142u\u017cby wzgl\u0119dem Boga i bli\u017aniego.<\/li>\n<li>W tym tygodniu odszed\u0142 do wieczno\u015bci \u015b. p. Janusz Matczak, kt\u00f3ry prze\u017cy\u0142 75 lat. Od uczestnik\u00f3w pogrzebu b\u0119dzie odprawionych 11 Mszy \u015awi\u0119tych.<\/li>\n<\/ol>\n<p><strong>\u00a0<\/strong><\/p>\n","protected":false},"excerpt":{"rendered":"<p>OG\u0141OSZENIA DUSZPASTERSKIE Dzi\u015b dwudziesta si\u00f3dma niedziela zwyk\u0142a w ci\u0105gu roku ko\u015bcielnego. Liturgia niedzielna wypar\u0142a liturgiczne wspomnienie \u015awi\u0119tych Anio\u0142\u00f3w Str\u00f3\u017c\u00f3w. Niech towarzyszy nam wiara w\u00a0obecno\u015b\u0107 i pomoc \u015bwi\u0119tych anio\u0142\u00f3w, kt\u00f3rych B\u00f3g powo\u0142a\u0142, aby nas strzegli na drogach naszego \u017cycia. Dzisiejsza niedziela jest pierwsz\u0105 niedziel\u0105 miesi\u0105ca. Na sumie b\u0119dzie adoracja i procesja eucharystyczna wok\u00f3\u0142 ko\u015bcio\u0142a. Po Eucharystii &hellip; <\/p>\n<p><a class=\"more-link btn\" href=\"https:\/\/parafiasmardzewo.pl\/?p=8314\">Kontynuuj czytanie<\/a><\/p>\n","protected":false},"author":2,"featured_media":6302,"comment_status":"open","ping_status":"open","sticky":false,"template":"","format":"standard","meta":[],"categories":[1],"tags":[],"_links":{"self":[{"href":"https:\/\/parafiasmardzewo.pl\/index.php?rest_route=\/wp\/v2\/posts\/8314"}],"collection":[{"href":"https:\/\/parafiasmardzewo.pl\/index.php?rest_route=\/wp\/v2\/posts"}],"about":[{"href":"https:\/\/parafiasmardzewo.pl\/index.php?rest_route=\/wp\/v2\/types\/post"}],"author":[{"embeddable":true,"href":"https:\/\/parafiasmardzewo.pl\/index.php?rest_route=\/wp\/v2\/users\/2"}],"replies":[{"embeddable":true,"href":"https:\/\/parafiasmardzewo.pl\/index.php?rest_route=%2Fwp%2Fv2%2Fcomments&post=8314"}],"version-history":[{"count":3,"href":"https:\/\/parafiasmardzewo.pl\/index.php?rest_route=\/wp\/v2\/posts\/8314\/revisions"}],"predecessor-version":[{"id":8317,"href":"https:\/\/parafiasmardzewo.pl\/index.php?rest_route=\/wp\/v2\/posts\/8314\/revisions\/8317"}],"wp:featuredmedia":[{"embeddable":true,"href":"https:\/\/parafiasmardzewo.pl\/index.php?rest_route=\/wp\/v2\/media\/6302"}],"wp:attachment":[{"href":"https:\/\/parafiasmardzewo.pl\/index.php?rest_route=%2Fwp%2Fv2%2Fmedia&parent=8314"}],"wp:term":[{"taxonomy":"category","embeddable":true,"href":"https:\/\/parafiasmardzewo.pl\/index.php?rest_route=%2Fwp%2Fv2%2Fcategories&post=8314"},{"taxonomy":"post_tag","embeddable":true,"href":"https:\/\/parafiasmardzewo.pl\/index.php?rest_route=%2Fwp%2Fv2%2Ftags&post=8314"}],"curies":[{"name":"wp","href":"https:\/\/api.w.org\/{rel}","templated":true}]}}