{"id":8321,"date":"2022-10-08T20:57:40","date_gmt":"2022-10-08T18:57:40","guid":{"rendered":"http:\/\/parafiasmardzewo.pl\/?p=8321"},"modified":"2022-10-08T22:42:38","modified_gmt":"2022-10-08T20:42:38","slug":"dwudziesta-osma-niedziela-w-ciagu-roku-9-pazdziernika-2022","status":"publish","type":"post","link":"https:\/\/parafiasmardzewo.pl\/?p=8321","title":{"rendered":"DWUDZIESTA \u00d3SMA NIEDZIELA W CI\u0104GU ROKU &#8211; 9 pa\u017adziernika 2022"},"content":{"rendered":"<p><strong>OG\u0141OSZENIA DUSZPASTERSKIE<\/strong><\/p>\n<ol>\n<li>Dzi\u015b dwudziesta \u00f3sma niedziela w ci\u0105gu roku ko\u015bcielnego. Po Mszy \u015awi\u0119tej o godz. 9.00 b\u0119dzie kr\u00f3tkie spotkanie z dzie\u0107mi kl. III i IV, kt\u00f3rzy przygotowuj\u0105 si\u0119 do Pierwszej i Generalnej Komunii \u015awi\u0119tej.<\/li>\n<li>W pi\u0105tek, 14 pa\u017adziernika, b\u0119dziemy obchodzili Dzie\u0144 Edukacji Narodowej. Wyra\u017amy nasz\u0105 wdzi\u0119czno\u015bci wobec nauczycieli, wychowawc\u00f3w i katechet\u00f3w za trud ich pracy i\u00a0wysi\u0142ek w\u0142o\u017cony w wychowanie m\u0142odego pokolenia. W czasie Mszy \u015awi\u0119tej o godz. 16.00 oraz nabo\u017ce\u0144stwa r\u00f3\u017ca\u0144cowego b\u0119dziemy modli\u0107 si\u0119 za wszystkich nauczycieli, wychowawc\u00f3w, katechet\u00f3w oraz pracownik\u00f3w o\u015bwiaty.<\/li>\n<li>W sobot\u0119, 15 pa\u017adziernika, przypada w kalendarzu liturgicznym wspomnienie \u015awi\u0119tej Teresy od Dzieci\u0105tka Jezusa. Ten dzie\u0144 obchodzony jest tak\u017ce jako Dzie\u0144 Dziecka Utraconego, kt\u00f3ry po raz pierwszy obchodzono w USA w 1988 roku. B\u0119dziemy wspiera\u0107 nasz\u0105 modlitw\u0105 wszystkich rodzic\u00f3w, kt\u00f3rzy utracili dzieci jeszcze przed narodzeniem, wypraszaj\u0105c im Bo\u017ce pocieszenie w trudnych chwilach.<\/li>\n<li>Trwa miesi\u0105c modlitwy r\u00f3\u017ca\u0144cowej. Zapraszam codziennie do \u015bwi\u0105tyni na nabo\u017ce\u0144stwo r\u00f3\u017ca\u0144cowe na godz.16.30.<\/li>\n<li>\u00a013 pa\u017adziernika (czwartek) zapraszam na ostatnie nabo\u017ce\u0144stwo fatimskie w tym roku. Msza\u00a0 \u015awi\u0119ta o godz. 18.00 i r\u00f3\u017caniec.<\/li>\n<li>W najbli\u017csz\u0105 niedziel\u0119, 16 pa\u017adziernika, przypada rocznica wyboru Kardyna\u0142a Karola Wojty\u0142y na Stolic\u0119 Piotrow\u0105. Tego dnia b\u0119dziemy obchodzili kolejny Dzie\u0144 Papieski. Modlitw\u0105 i ofiarami do puszek b\u0119dziemy mogli wesprze\u0107 Fundacj\u0119 \u201eDzie\u0142o Nowego Tysi\u0105clecia\u201d, kt\u00f3ra pomaga w edukacji dzieci i m\u0142odzie\u017cy z ubogich rodzin.<\/li>\n<li>Wczoraj go\u015bcili\u015bmy cz\u0142onk\u00f3w K\u00f3\u0142 R\u00f3\u017ca\u0144cowych z ca\u0142ej naszej diecezji. Uroczysto\u015bciom przewodniczy\u0142 ks. Biskup Miros\u0142aw Milewski. Osobom, kt\u00f3re w\u0142\u0105czy\u0142y si\u0119 w przygotowanie i przebieg tego spotkania modlitewnego serdecznie dzi\u0119kuj\u0119. Szczeg\u00f3lne s\u0142owa podzi\u0119kowania kieruj\u0119 do Pani Barbary, kt\u00f3ra w imieniu naszej wsp\u00f3lnoty parafialnej powita\u0142a ks. Bpa. S\u0142owa wdzi\u0119czno\u015bci kieruj\u0119 do ministrant\u00f3w, lektor\u00f3w i kantorki. Stra\u017cakom ze Smardzewa bardzo serdecznie dzi\u0119kuj\u0119 za\u00a0 pomoc przy parkowaniu pojazd\u00f3w, kt\u00f3rymi przyjechali pielgrzymi.\u00a0 Dzi\u0119kuj\u0119 Panu organi\u015bcie, Pa\u0144stwu ko\u015bcielnym i pozosta\u0142ym osobom. Pan Adam Sta\u0144czak u\u017cyczy\u0142 samochodu i dw\u00f3ch pracownik\u00f3w, kt\u00f3rzy przetransportowali krzes\u0142a i \u0142awki dla pielgrzym\u00f3w. Serdecznie dzi\u0119kuj\u0119 Panu Adamowi. Pa\u0144stwu Kr\u00f3lom dzi\u0119kuj\u0119 za uporz\u0105dkowanie terenu przy krzewach i przy pomnikach za ko\u015bcio\u0142em. Pan Krzysztof Morawski skosi\u0142 traw\u0119 przy ko\u015bciele i na pozosta\u0142ych dzia\u0142kach parafialnych. Serdecznie dzi\u0119kuj\u0119 Panu Krzysztofowi.<\/li>\n<li>Zach\u0119cam do nabycia prasy katolickiej.<\/li>\n<li>Wszystkim jubilatom i solenizantom tego tygodnia \u017cyczymy wzrastania w wierze, \u015bwiat\u0142a Ducha \u015awi\u0119tego w codziennych wyborach oraz opieki Matki Naj\u015bwi\u0119tszej.<\/li>\n<\/ol>\n<p>&nbsp;<\/p>\n","protected":false},"excerpt":{"rendered":"<p>OG\u0141OSZENIA DUSZPASTERSKIE Dzi\u015b dwudziesta \u00f3sma niedziela w ci\u0105gu roku ko\u015bcielnego. Po Mszy \u015awi\u0119tej o godz. 9.00 b\u0119dzie kr\u00f3tkie spotkanie z dzie\u0107mi kl. III i IV, kt\u00f3rzy przygotowuj\u0105 si\u0119 do Pierwszej i Generalnej Komunii \u015awi\u0119tej. W pi\u0105tek, 14 pa\u017adziernika, b\u0119dziemy obchodzili Dzie\u0144 Edukacji Narodowej. Wyra\u017amy nasz\u0105 wdzi\u0119czno\u015bci wobec nauczycieli, wychowawc\u00f3w i katechet\u00f3w za trud ich pracy &hellip; <\/p>\n<p><a class=\"more-link btn\" href=\"https:\/\/parafiasmardzewo.pl\/?p=8321\">Kontynuuj czytanie<\/a><\/p>\n","protected":false},"author":2,"featured_media":6302,"comment_status":"open","ping_status":"open","sticky":false,"template":"","format":"standard","meta":[],"categories":[1],"tags":[],"_links":{"self":[{"href":"https:\/\/parafiasmardzewo.pl\/index.php?rest_route=\/wp\/v2\/posts\/8321"}],"collection":[{"href":"https:\/\/parafiasmardzewo.pl\/index.php?rest_route=\/wp\/v2\/posts"}],"about":[{"href":"https:\/\/parafiasmardzewo.pl\/index.php?rest_route=\/wp\/v2\/types\/post"}],"author":[{"embeddable":true,"href":"https:\/\/parafiasmardzewo.pl\/index.php?rest_route=\/wp\/v2\/users\/2"}],"replies":[{"embeddable":true,"href":"https:\/\/parafiasmardzewo.pl\/index.php?rest_route=%2Fwp%2Fv2%2Fcomments&post=8321"}],"version-history":[{"count":5,"href":"https:\/\/parafiasmardzewo.pl\/index.php?rest_route=\/wp\/v2\/posts\/8321\/revisions"}],"predecessor-version":[{"id":8328,"href":"https:\/\/parafiasmardzewo.pl\/index.php?rest_route=\/wp\/v2\/posts\/8321\/revisions\/8328"}],"wp:featuredmedia":[{"embeddable":true,"href":"https:\/\/parafiasmardzewo.pl\/index.php?rest_route=\/wp\/v2\/media\/6302"}],"wp:attachment":[{"href":"https:\/\/parafiasmardzewo.pl\/index.php?rest_route=%2Fwp%2Fv2%2Fmedia&parent=8321"}],"wp:term":[{"taxonomy":"category","embeddable":true,"href":"https:\/\/parafiasmardzewo.pl\/index.php?rest_route=%2Fwp%2Fv2%2Fcategories&post=8321"},{"taxonomy":"post_tag","embeddable":true,"href":"https:\/\/parafiasmardzewo.pl\/index.php?rest_route=%2Fwp%2Fv2%2Ftags&post=8321"}],"curies":[{"name":"wp","href":"https:\/\/api.w.org\/{rel}","templated":true}]}}