{"id":8331,"date":"2022-10-15T17:39:40","date_gmt":"2022-10-15T15:39:40","guid":{"rendered":"http:\/\/parafiasmardzewo.pl\/?p=8331"},"modified":"2022-10-15T17:41:45","modified_gmt":"2022-10-15T15:41:45","slug":"dwudziesta-dziwiata-niedziela-w-ciagu-roku-16-pazdziernika-2022","status":"publish","type":"post","link":"https:\/\/parafiasmardzewo.pl\/?p=8331","title":{"rendered":"DWUDZIESTA DZIEWI\u0104TA NIEDZIELA W CI\u0104GU ROKU &#8211; 16 pa\u017adziernika 2022"},"content":{"rendered":"<p><strong>OG\u0141OSZENIA DUSZPASTERSKIE<\/strong><\/p>\n<ol>\n<li>Dzi\u015b przypada dwudziesta dziewi\u0105ta niedziela zwyk\u0142a w roku ko\u015bcielnym. Po Mszy \u015awi\u0119tej o godz. 9.00 zapraszam dzieci kl. III i IV na spotkanie przygotowuj\u0105ce do Pierwszej i Generalnej Komunii \u015awi\u0119tej.<\/li>\n<li>Dzi\u015b przypada kolejna rocznica wyboru Kardyna\u0142a Karola Wojty\u0142y na Stolic\u0119 Piotrow\u0105. Przez wstawiennictwo \u015awi\u0119tego Jana Paw\u0142a II m\u00f3dlmy si\u0119 o Bo\u017c\u0119 opiek\u0119 dla ca\u0142ej naszej ojczyzny.<\/li>\n<li>Dzi\u015b przypada r\u00f3wnie\u017c kolejny Dzie\u0144 Papieski. Modlitw\u0105 i ofiarami do puszek wspieramy Fundacj\u0119 \u201eDzie\u0142o Nowego Tysi\u0105clecia\u201d. G\u0142\u00f3wnym jej zadaniem jest promocja nauczania Jana Paw\u0142a II oraz wspieranie edukacji dzieci i m\u0142odzie\u017cy z ubogich rodzin. Dzi\u0119kujemy za ka\u017cdy gest \u017cyczliwo\u015bci i wsparcie tej inicjatywy.<\/li>\n<li>We wtorek, 18 pa\u017adziernika, przypada w liturgii \u015bwi\u0119to \u015awi\u0119tego \u0141ukasza Ewangelisty. Zapraszam na Msz\u0119 \u015awi\u0119t\u0105 o godz.00, w czasie kt\u00f3rej b\u0119dziemy wspiera\u0107 modlitw\u0105 wszystkich pracownik\u00f3w s\u0142u\u017cby zdrowia.<\/li>\n<li>W sobot\u0119, 22 pa\u017adziernika, w liturgii b\u0119dziemy wspomina\u0107 \u015awi\u0119tego Jana Paw\u0142a II. Tego dnia przypada r\u00f3wnie\u017c 74. rocznica \u015bmierci s\u0142ugi Bo\u017cego kard. Augusta Hlonda. W latach 1926-1948 by\u0142 Prymasem Polski. Jemu zawdzi\u0119czamy powstanie Towarzystwa Chrystusowego dla Polonii Zagranicznej. Zadaniem tego zgromadzenia zakonnego jest troska o \u017cycie religijne Polak\u00f3w mieszkaj\u0105cych poza granicami ojczyzny.<\/li>\n<li>Trwa miesi\u0105c modlitwy r\u00f3\u017ca\u0144cowej. Zapraszam codziennie do \u015bwi\u0105tyni na nabo\u017ce\u0144stwo r\u00f3\u017ca\u0144cowe na godz.30.<\/li>\n<li>Najbli\u017csza niedziela, 23 pa\u017adziernika, w Ko\u015bciele b\u0119dzie Niedziel\u0105 Misyjn\u0105. Nasz\u0105 modlitw\u0105 i ofiarami b\u0119dziemy wspiera\u0107 wszystkich pracuj\u0105cych na misjach.<\/li>\n<li>Zach\u0119cam do nabycia prasy katolickiej.<\/li>\n<li>Wszystkim jubilatom i solenizantom tego tygodnia \u017cyczymy wytrwa\u0142o\u015bci w modlitwie oraz ufnego kierowania si\u0119 Bo\u017cym s\u0142owem na wszystkich drogach codzienno\u015bci.<\/li>\n<\/ol>\n<p>&nbsp;<\/p>\n<p>&nbsp;<\/p>\n<p>&nbsp;<\/p>\n<p>&nbsp;<\/p>\n<p>&nbsp;<\/p>\n<p>&nbsp;<\/p>\n<p>&nbsp;<\/p>\n","protected":false},"excerpt":{"rendered":"<p>OG\u0141OSZENIA DUSZPASTERSKIE Dzi\u015b przypada dwudziesta dziewi\u0105ta niedziela zwyk\u0142a w roku ko\u015bcielnym. Po Mszy \u015awi\u0119tej o godz. 9.00 zapraszam dzieci kl. III i IV na spotkanie przygotowuj\u0105ce do Pierwszej i Generalnej Komunii \u015awi\u0119tej. Dzi\u015b przypada kolejna rocznica wyboru Kardyna\u0142a Karola Wojty\u0142y na Stolic\u0119 Piotrow\u0105. Przez wstawiennictwo \u015awi\u0119tego Jana Paw\u0142a II m\u00f3dlmy si\u0119 o Bo\u017c\u0119 opiek\u0119 dla &hellip; <\/p>\n<p><a class=\"more-link btn\" href=\"https:\/\/parafiasmardzewo.pl\/?p=8331\">Kontynuuj czytanie<\/a><\/p>\n","protected":false},"author":2,"featured_media":6302,"comment_status":"open","ping_status":"open","sticky":false,"template":"","format":"standard","meta":[],"categories":[2],"tags":[],"_links":{"self":[{"href":"https:\/\/parafiasmardzewo.pl\/index.php?rest_route=\/wp\/v2\/posts\/8331"}],"collection":[{"href":"https:\/\/parafiasmardzewo.pl\/index.php?rest_route=\/wp\/v2\/posts"}],"about":[{"href":"https:\/\/parafiasmardzewo.pl\/index.php?rest_route=\/wp\/v2\/types\/post"}],"author":[{"embeddable":true,"href":"https:\/\/parafiasmardzewo.pl\/index.php?rest_route=\/wp\/v2\/users\/2"}],"replies":[{"embeddable":true,"href":"https:\/\/parafiasmardzewo.pl\/index.php?rest_route=%2Fwp%2Fv2%2Fcomments&post=8331"}],"version-history":[{"count":2,"href":"https:\/\/parafiasmardzewo.pl\/index.php?rest_route=\/wp\/v2\/posts\/8331\/revisions"}],"predecessor-version":[{"id":8333,"href":"https:\/\/parafiasmardzewo.pl\/index.php?rest_route=\/wp\/v2\/posts\/8331\/revisions\/8333"}],"wp:featuredmedia":[{"embeddable":true,"href":"https:\/\/parafiasmardzewo.pl\/index.php?rest_route=\/wp\/v2\/media\/6302"}],"wp:attachment":[{"href":"https:\/\/parafiasmardzewo.pl\/index.php?rest_route=%2Fwp%2Fv2%2Fmedia&parent=8331"}],"wp:term":[{"taxonomy":"category","embeddable":true,"href":"https:\/\/parafiasmardzewo.pl\/index.php?rest_route=%2Fwp%2Fv2%2Fcategories&post=8331"},{"taxonomy":"post_tag","embeddable":true,"href":"https:\/\/parafiasmardzewo.pl\/index.php?rest_route=%2Fwp%2Fv2%2Ftags&post=8331"}],"curies":[{"name":"wp","href":"https:\/\/api.w.org\/{rel}","templated":true}]}}