{"id":8337,"date":"2022-10-22T20:37:55","date_gmt":"2022-10-22T18:37:55","guid":{"rendered":"http:\/\/parafiasmardzewo.pl\/?p=8337"},"modified":"2022-10-22T21:15:22","modified_gmt":"2022-10-22T19:15:22","slug":"trzydziesta-niedziela-w-ciagu-roku-23-pazdziernika-2022","status":"publish","type":"post","link":"https:\/\/parafiasmardzewo.pl\/?p=8337","title":{"rendered":"TRZYDZIESTA NIEDZIELA W CI\u0104GU ROKU &#8211; 23 pa\u017adziernika 2022"},"content":{"rendered":"<p><strong>OG\u0141OSZENIA DUSZPASTERSKIE<\/strong><\/p>\n<ol>\n<li>Dzi\u015b trzydziesta niedziela zwyk\u0142a w roku liturgicznym. We wsp\u00f3lnocie Ko\u015bcio\u0142a obchodzona jest jako Niedziela Misyjna, kt\u00f3ra rozpoczyna tydzie\u0144 misyjny. Nasz\u0105 modlitw\u0105 wspieramy dzi\u015b wszystkich misjonarzy duchownych i \u015bwieckich, wypraszamy im Bo\u017c\u0105 pomoc w trudzie g\u0142oszenia Ewangelii. \u015awiatowy Dzie\u0144 Misyjny to tak\u017ce okazja do modlitwy o nowe powo\u0142ania misyjne, aby nie zabrak\u0142o g\u0142osicieli Dobrej Nowiny. Dzi\u015b tak\u017ce wspieramy Papieskie Dzie\u0142a Misyjne naszymi ofiarami. Za ka\u017cdy gest dobroci wobec misjonarzy sk\u0142adamy serdeczne B\u00f3g zap\u0142a\u0107!<\/li>\n<li>Po Mszy \u015awi\u0119tej o godz. 9.00 zapraszam dzieci kl. III i IV na spotkanie przygotowuj\u0105ce do Pierwszej i Generalnej Komunii \u015awi\u0119tej.<\/li>\n<li>W pi\u0105tek, 28 pa\u017adziernika, w kalendarzu liturgicznym przypada \u015bwi\u0119to \u015awi\u0119tych Aposto\u0142\u00f3w Szymona i Judy Tadeusza.<\/li>\n<li>Trwa miesi\u0105c modlitwy r\u00f3\u017ca\u0144cowej. Zapraszam codziennie do \u015bwi\u0105tyni na nabo\u017ce\u0144stwo r\u00f3\u017ca\u0144cowe na godz. 16.30. Tych, kt\u00f3rzy z r\u00f3\u017cnych wzgl\u0119d\u00f3w nie mog\u0105 przyby\u0107 na wsp\u00f3ln\u0105 modlitw\u0119, zach\u0119camy do odmawiania r\u00f3\u017ca\u0144ca w domu.<\/li>\n<li>Msze \u015awi\u0119te 1 listopada 2022 roku &#8211; <strong>godz. 8.00 i godz. 10.00<\/strong>. Po Eucharystii o godz. 10.00 p\u00f3jdziemy w procesji na cmentarz.<\/li>\n<li>S\u0142owo ks. Biskupa Wies\u0142awa \u015amigla, administratora diecezji p\u0142ockiej o mianowaniu przez papie\u017ca Franciszka biskupem p\u0142ockim dotychczasowego biskupa pomocniczego archidiecezji pozna\u0144skiej Szymona Stu\u0142kowskiego. Czytaj na stronie internetowej parafii.<\/li>\n<li>Zach\u0119cam do nabycia prasy katolickiej.<\/li>\n<li>Wszystkim jubilatom i solenizantom najbli\u017cszego tygodnia \u017cyczymy obfito\u015bci Bo\u017cych dar\u00f3w oraz szczeg\u00f3lnej opieki Matki Zbawiciela.<\/li>\n<\/ol>\n<p>&nbsp;<\/p>\n<p>&nbsp;<\/p>\n<p>&nbsp;<\/p>\n","protected":false},"excerpt":{"rendered":"<p>OG\u0141OSZENIA DUSZPASTERSKIE Dzi\u015b trzydziesta niedziela zwyk\u0142a w roku liturgicznym. We wsp\u00f3lnocie Ko\u015bcio\u0142a obchodzona jest jako Niedziela Misyjna, kt\u00f3ra rozpoczyna tydzie\u0144 misyjny. Nasz\u0105 modlitw\u0105 wspieramy dzi\u015b wszystkich misjonarzy duchownych i \u015bwieckich, wypraszamy im Bo\u017c\u0105 pomoc w trudzie g\u0142oszenia Ewangelii. \u015awiatowy Dzie\u0144 Misyjny to tak\u017ce okazja do modlitwy o nowe powo\u0142ania misyjne, aby nie zabrak\u0142o g\u0142osicieli Dobrej &hellip; <\/p>\n<p><a class=\"more-link btn\" href=\"https:\/\/parafiasmardzewo.pl\/?p=8337\">Kontynuuj czytanie<\/a><\/p>\n","protected":false},"author":2,"featured_media":6302,"comment_status":"open","ping_status":"open","sticky":false,"template":"","format":"standard","meta":[],"categories":[2],"tags":[],"_links":{"self":[{"href":"https:\/\/parafiasmardzewo.pl\/index.php?rest_route=\/wp\/v2\/posts\/8337"}],"collection":[{"href":"https:\/\/parafiasmardzewo.pl\/index.php?rest_route=\/wp\/v2\/posts"}],"about":[{"href":"https:\/\/parafiasmardzewo.pl\/index.php?rest_route=\/wp\/v2\/types\/post"}],"author":[{"embeddable":true,"href":"https:\/\/parafiasmardzewo.pl\/index.php?rest_route=\/wp\/v2\/users\/2"}],"replies":[{"embeddable":true,"href":"https:\/\/parafiasmardzewo.pl\/index.php?rest_route=%2Fwp%2Fv2%2Fcomments&post=8337"}],"version-history":[{"count":3,"href":"https:\/\/parafiasmardzewo.pl\/index.php?rest_route=\/wp\/v2\/posts\/8337\/revisions"}],"predecessor-version":[{"id":8345,"href":"https:\/\/parafiasmardzewo.pl\/index.php?rest_route=\/wp\/v2\/posts\/8337\/revisions\/8345"}],"wp:featuredmedia":[{"embeddable":true,"href":"https:\/\/parafiasmardzewo.pl\/index.php?rest_route=\/wp\/v2\/media\/6302"}],"wp:attachment":[{"href":"https:\/\/parafiasmardzewo.pl\/index.php?rest_route=%2Fwp%2Fv2%2Fmedia&parent=8337"}],"wp:term":[{"taxonomy":"category","embeddable":true,"href":"https:\/\/parafiasmardzewo.pl\/index.php?rest_route=%2Fwp%2Fv2%2Fcategories&post=8337"},{"taxonomy":"post_tag","embeddable":true,"href":"https:\/\/parafiasmardzewo.pl\/index.php?rest_route=%2Fwp%2Fv2%2Ftags&post=8337"}],"curies":[{"name":"wp","href":"https:\/\/api.w.org\/{rel}","templated":true}]}}