{"id":8339,"date":"2022-10-22T20:42:40","date_gmt":"2022-10-22T18:42:40","guid":{"rendered":"http:\/\/parafiasmardzewo.pl\/?p=8339"},"modified":"2022-10-22T20:44:07","modified_gmt":"2022-10-22T18:44:07","slug":"slowo-ks-biskupa-smigla-administratora-apostolskiego-diecezji-plockiej","status":"publish","type":"post","link":"https:\/\/parafiasmardzewo.pl\/?p=8339","title":{"rendered":"S\u0141OWO KS. BISKUPA \u015aMIGLA, ADMINISTRATORA APOSTOLSKIEGO DIECEZJI P\u0141OCKIEJ"},"content":{"rendered":"<p>Nasze modlitwy zosta\u0142y wys\u0142uchane i papie\u017c Franciszek mianowa\u0142 biskupem p\u0142ockim dotychczasowego biskupa pomocniczego archidiecezji pozna\u0144skiej Szymona Stu\u0142kowskiego. Jeste\u015bmy wdzi\u0119czni Ojcu \u015awi\u0119temu za t\u0119 decyzj\u0119 i nowego pasterza! Cieszymy si\u0119, \u017ce nominacja ma miejsce w dniu liturgicznego wspomnienia \u015bw. Jana Paw\u0142a II.W dniu kanonicznego przej\u0119cia diecezji przez biskupa Szymona wygasa misja administratora apostolskiego, kt\u00f3r\u0105 spe\u0142nia\u0142em w duchu s\u0142u\u017cby Ko\u015bcio\u0142owi oraz w poczuciu szacunku dla diecezji p\u0142ockiej. Wyra\u017cam wdzi\u0119czno\u015b\u0107 wszystkim duchownym, osobom konsekrowanym i wiernym \u015bwieckim za wsp\u00f3\u0142prac\u0119, \u017cyczliwo\u015b\u0107 i zaanga\u017cowanie w sprawy diecezji. Bardzo prosz\u0119 o serdeczne przyj\u0119cie biskupa Szymona Stu\u0142kowskiego!\u00a0 \u00a0 \u00a0 \u00a0 \u00a0 \u00a0 \u00a0 \u00a0 \u00a0 \u00a0 \u00a0 \u00a0 \u00a0 \u00a0 \u00a0 \u00a0 \u00a0 \u00a0 \u00a0 \u00a0 \u00a0 \u00a0 \u00a0 \u00a0 \u00a0 \u00a0 \u00a0 \u00a0 \u00a0 \u00a0 \u00a0 \u00a0 \u00a0 \u00a0 \u00a0 \u00a0 \u00a0 \u00a0 \u00a0 \u00a0 \u00a0 \u00a0 \u00a0 \u00a0 \u00a0 \u00a0 \u00a0 \u00a0 \u00a0 \u00a0 \u00a0 \u00a0 \u00a0 \u00a0 \u00a0 \u00a0 \u00a0 \u00a0 \u00a0 \u00a0 \u00a0 \u00a0 \u00a0 \u00a0 \u00a0 \u00a0 \u00a0 \u00a0 \u00a0 \u00a0 \u00a0 \u00a0 \u00a0 \u00a0 \u00a0 \u00a0 \u00a0 \u00a0 \u00a0 \u00a0 \u00a0 \u00a0 \u00a0 \u00a0 \u00a0 \u00a0 \u00a0 \u00a0 \u00a0Nowy biskup p\u0142ocki to do\u015bwiadczony duszpasterz, gorliwy biskup, specjalista z zakresu teologii pastoralnej i dobry cz\u0142owiek. Przez wiele lat pos\u0142ugiwa\u0142 w duszpasterstwie w Polsce i Austrii, pracowa\u0142 r\u00f3wnie\u017c na Wydziale Teologicznym Uniwersytetu im. Adama Mickiewicza w Poznaniu oraz by\u0142 rektorem Archidiecezjalnego Seminarium Duchownego w Poznaniu. Jego dewiza biskupia brzmi: Vos autem dixi amicos (Nazwa\u0142em was przyjaci\u00f3\u0142mi) \u2013 s\u0105 to s\u0142owa zaczerpni\u0119te z Ewangelii wed\u0142ug \u015bw. Jana (15,15). W archidiecezji pozna\u0144skiej pe\u0142ni\u0142 urz\u0105d wikariusza generalnego, a w ramach Konferencji Episkopatu Polski jest wiceprzewodnicz\u0105cym Rady ds. Apostolstwa \u015awieckich, cz\u0142onkiem Komisji Duszpasterstwa i Komisji ds. Misji. Zapraszam do wsp\u00f3lnej modlitwy za nowego biskupa i diecezj\u0119. Biskupowi Szymonowi gratuluj\u0119 i \u017cycz\u0119 b\u0142ogos\u0142awie\u0144stwa Bo\u017cego w pos\u0142udze. Zapewniam o \u017cyczliwo\u015bci oraz gotowo\u015bci do wsp\u00f3\u0142pracy!<\/p>\n<p>Toru\u0144-P\u0142ock, 22 pa\u017adziernika 2022 r.<br \/>\nWe wspomnienie \u015bw. Jana Paw\u0142a II<\/p>\n<p><em>Z modlitw\u0105 i b\u0142ogos\u0142awie\u0144stwem<\/em>\u00a0\u00a0\u00a0\u00a0\u00a0\u00a0\u00a0\u00a0\u00a0\u00a0\u00a0\u00a0\u00a0\u00a0\u00a0\u00a0\u00a0\u00a0\u00a0\u00a0\u00a0\u00a0\u00a0\u00a0\u00a0\u00a0\u00a0\u00a0\u00a0\u00a0\u00a0\u00a0\u00a0\u00a0\u00a0\u00a0\u00a0\u00a0\u00a0\u00a0\u00a0\u00a0\u00a0\u00a0\u00a0\u00a0\u00a0\u00a0\u00a0\u00a0\u00a0\u00a0\u00a0\u00a0\u00a0\u00a0\u00a0\u00a0\u00a0\u00a0\u00a0\u00a0\u00a0\u00a0\u00a0\u00a0\u00a0\u00a0\u00a0\u00a0\u00a0\u00a0\u00a0\u00a0\u00a0\u00a0\u00a0\u00a0\u00a0\u00a0\u00a0\u00a0\u00a0\u00a0\u00a0\u00a0\u00a0\u00a0\u00a0\u00a0\u00a0\u00a0\u00a0\u00a0\u00a0\u00a0 <em>\u2020 Wies\u0142aw \u015amigiel<\/em><\/p>\n<p><strong>Zarz\u0105dzenie:<\/strong>\u00a0S\u0142owo Ksi\u0119dza Biskupa Wies\u0142awa \u015amigla, administratora apostolskiego diecezji p\u0142ockiej, nale\u017cy odczyta\u0107 wiernym w najbli\u017csz\u0105 niedziel\u0119, 23 pa\u017adziernika br., podczas wszystkich Mszy \u015bwi\u0119tych, w ramach og\u0142osze\u0144 parafialnych.<br \/>\nP\u0142ock, dnia 22 pa\u017adziernika 2022 r.<\/p>\n<p><em>\u00a0\u00a0\u00a0\u00a0\u00a0\u00a0\u00a0\u00a0\u00a0\u00a0\u00a0\u00a0\u00a0\u00a0\u00a0\u00a0\u00a0\u00a0\u00a0\u00a0\u00a0\u00a0\u00a0\u00a0\u00a0\u00a0\u00a0\u00a0\u00a0\u00a0\u00a0\u00a0\u00a0\u00a0\u00a0\u00a0\u00a0\u00a0\u00a0\u00a0\u00a0\u00a0\u00a0\u00a0\u00a0\u00a0\u00a0\u00a0\u00a0\u00a0\u00a0\u00a0\u00a0\u00a0\u00a0\u00a0\u00a0\u00a0\u00a0\u00a0\u00a0\u00a0\u00a0\u00a0\u00a0\u00a0\u00a0\u00a0\u00a0\u00a0\u00a0\u00a0\u00a0\u00a0\u00a0\u00a0\u00a0\u00a0\u00a0\u00a0\u00a0\u00a0\u00a0\u00a0\u00a0\u00a0\u00a0\u00a0\u00a0\u00a0\u00a0\u00a0\u00a0\u00a0\u00a0\u00a0\u00a0\u00a0\u00a0\u00a0\u00a0\u00a0\u00a0\u00a0\u00a0\u00a0\u00a0\u00a0\u00a0\u00a0\u00a0\u00a0 \u2020 Miros\u0142aw Milewski<\/em><br \/>\n<em>\u00a0\u00a0\u00a0\u00a0\u00a0\u00a0\u00a0\u00a0\u00a0\u00a0\u00a0\u00a0\u00a0\u00a0\u00a0\u00a0\u00a0\u00a0\u00a0\u00a0\u00a0\u00a0\u00a0\u00a0\u00a0\u00a0\u00a0\u00a0\u00a0\u00a0\u00a0\u00a0\u00a0\u00a0\u00a0\u00a0\u00a0\u00a0\u00a0\u00a0\u00a0\u00a0\u00a0\u00a0\u00a0\u00a0\u00a0\u00a0\u00a0\u00a0\u00a0\u00a0\u00a0\u00a0\u00a0\u00a0\u00a0\u00a0\u00a0\u00a0\u00a0\u00a0\u00a0\u00a0\u00a0\u00a0\u00a0\u00a0\u00a0\u00a0\u00a0\u00a0\u00a0\u00a0\u00a0\u00a0\u00a0\u00a0\u00a0\u00a0\u00a0\u00a0\u00a0\u00a0\u00a0\u00a0\u00a0\u00a0\u00a0\u00a0\u00a0\u00a0\u00a0\u00a0\u00a0\u00a0\u00a0\u00a0\u00a0\u00a0\u00a0\u00a0\u00a0\u00a0\u00a0\u00a0\u00a0\u00a0\u00a0 \u00a0\u00a0\u00a0\u00a0\u00a0wikariusz generalny<\/em><\/p>\n","protected":false},"excerpt":{"rendered":"<p>Nasze modlitwy zosta\u0142y wys\u0142uchane i papie\u017c Franciszek mianowa\u0142 biskupem p\u0142ockim dotychczasowego biskupa pomocniczego archidiecezji pozna\u0144skiej Szymona Stu\u0142kowskiego. Jeste\u015bmy wdzi\u0119czni Ojcu \u015awi\u0119temu za t\u0119 decyzj\u0119 i nowego pasterza! Cieszymy si\u0119, \u017ce nominacja ma miejsce w dniu liturgicznego wspomnienia \u015bw. Jana Paw\u0142a II.W dniu kanonicznego przej\u0119cia diecezji przez biskupa Szymona wygasa misja administratora apostolskiego, kt\u00f3r\u0105 spe\u0142nia\u0142em w &hellip; <\/p>\n<p><a class=\"more-link btn\" href=\"https:\/\/parafiasmardzewo.pl\/?p=8339\">Kontynuuj czytanie<\/a><\/p>\n","protected":false},"author":2,"featured_media":0,"comment_status":"open","ping_status":"open","sticky":false,"template":"","format":"standard","meta":[],"categories":[1],"tags":[],"_links":{"self":[{"href":"https:\/\/parafiasmardzewo.pl\/index.php?rest_route=\/wp\/v2\/posts\/8339"}],"collection":[{"href":"https:\/\/parafiasmardzewo.pl\/index.php?rest_route=\/wp\/v2\/posts"}],"about":[{"href":"https:\/\/parafiasmardzewo.pl\/index.php?rest_route=\/wp\/v2\/types\/post"}],"author":[{"embeddable":true,"href":"https:\/\/parafiasmardzewo.pl\/index.php?rest_route=\/wp\/v2\/users\/2"}],"replies":[{"embeddable":true,"href":"https:\/\/parafiasmardzewo.pl\/index.php?rest_route=%2Fwp%2Fv2%2Fcomments&post=8339"}],"version-history":[{"count":2,"href":"https:\/\/parafiasmardzewo.pl\/index.php?rest_route=\/wp\/v2\/posts\/8339\/revisions"}],"predecessor-version":[{"id":8341,"href":"https:\/\/parafiasmardzewo.pl\/index.php?rest_route=\/wp\/v2\/posts\/8339\/revisions\/8341"}],"wp:attachment":[{"href":"https:\/\/parafiasmardzewo.pl\/index.php?rest_route=%2Fwp%2Fv2%2Fmedia&parent=8339"}],"wp:term":[{"taxonomy":"category","embeddable":true,"href":"https:\/\/parafiasmardzewo.pl\/index.php?rest_route=%2Fwp%2Fv2%2Fcategories&post=8339"},{"taxonomy":"post_tag","embeddable":true,"href":"https:\/\/parafiasmardzewo.pl\/index.php?rest_route=%2Fwp%2Fv2%2Ftags&post=8339"}],"curies":[{"name":"wp","href":"https:\/\/api.w.org\/{rel}","templated":true}]}}