{"id":8395,"date":"2022-11-05T10:55:17","date_gmt":"2022-11-05T09:55:17","guid":{"rendered":"http:\/\/parafiasmardzewo.pl\/?p=8395"},"modified":"2022-11-05T10:55:17","modified_gmt":"2022-11-05T09:55:17","slug":"poswiecenie-pomnika","status":"publish","type":"post","link":"https:\/\/parafiasmardzewo.pl\/?p=8395","title":{"rendered":"PO\u015aWI\u0118CENIE POMNIKA"},"content":{"rendered":"<p>Dnia 2 listopada 2022 roku na cmentarzu grzebalnym w Sarbiewie zosta\u0142 po\u015bwi\u0119cony Pomnik upami\u0119tniaj\u0105cy zamordowanych w hitlerowskim obozie pracy w Smardzewie w latach 1940\u201341. Obrz\u0119du po\u015bwi\u0119cenia dokona\u0142 ks. Janusz Ziarko, proboszcz parafii Sarbiewo. Kr\u00f3tk\u0105 histori\u0119, hitlerowskiego obozu pracy w Smardzewie w latach 1940\u201341, przedstawi\u0142 ks. Henryk Dymek, proboszcz parafii Smardzewo. W uroczysto\u015bci uczestniczyli m. in. Jerzy Ryzi\u0144ski, burmistrz Miasta i Gminy Sochocin oraz El\u017cbieta Krauze, sekretarz tego urz\u0119du. Byli obecni r\u00f3wnie\u017c przedstawiciele Szko\u0142y Podstawowej w Sarbiewie im. Ks. K. M. Sarbiewskiego z dyrektor szko\u0142y Monik\u0105 Witkowsk\u0105 oraz m\u0142odzie\u017c\u0105 i reprezentanci Szko\u0142y Podstawowej w Smardzewie im. Powsta\u0144c\u00f3w Styczniowych 1863 r. z Katarzyn\u0105 Rajewsk\u0105, zast\u0119pc\u0105 dyrektora szko\u0142y. Licznie zgromadzeni wierni z parafii Sarbiewo i przedstawiciele parafii Smardzewo odm\u00f3wili modlitwy za zamordowanych w czasie drugiej wojny \u015bwiatowej oraz zmar\u0142ych spoczywaj\u0105cych na cmentarzu w Sarbiewie. Kr\u00f3tkie s\u0142owo do zebranych na uroczysto\u015bci skierowa\u0142 burmistrz Sochocina, zach\u0119caj\u0105c do pami\u0119ci o tych, kt\u00f3rzy cierpieli i umierali w obronie Ojczyzny. Uroczysto\u015b\u0107 zako\u0144czono od\u015bpiewaniem pie\u015bni <em>Bo\u017ce co\u015b Polsk\u0119. <\/em><\/p>\n<p>Ks. Henryk Dymek<\/p>\n<p>&nbsp;<\/p>\n","protected":false},"excerpt":{"rendered":"<p>Dnia 2 listopada 2022 roku na cmentarzu grzebalnym w Sarbiewie zosta\u0142 po\u015bwi\u0119cony Pomnik upami\u0119tniaj\u0105cy zamordowanych w hitlerowskim obozie pracy w Smardzewie w latach 1940\u201341. Obrz\u0119du po\u015bwi\u0119cenia dokona\u0142 ks. Janusz Ziarko, proboszcz parafii Sarbiewo. Kr\u00f3tk\u0105 histori\u0119, hitlerowskiego obozu pracy w Smardzewie w latach 1940\u201341, przedstawi\u0142 ks. Henryk Dymek, proboszcz parafii Smardzewo. W uroczysto\u015bci uczestniczyli m. in. &hellip; <\/p>\n<p><a class=\"more-link btn\" href=\"https:\/\/parafiasmardzewo.pl\/?p=8395\">Kontynuuj czytanie<\/a><\/p>\n","protected":false},"author":2,"featured_media":8351,"comment_status":"open","ping_status":"open","sticky":false,"template":"","format":"standard","meta":[],"categories":[1],"tags":[],"_links":{"self":[{"href":"https:\/\/parafiasmardzewo.pl\/index.php?rest_route=\/wp\/v2\/posts\/8395"}],"collection":[{"href":"https:\/\/parafiasmardzewo.pl\/index.php?rest_route=\/wp\/v2\/posts"}],"about":[{"href":"https:\/\/parafiasmardzewo.pl\/index.php?rest_route=\/wp\/v2\/types\/post"}],"author":[{"embeddable":true,"href":"https:\/\/parafiasmardzewo.pl\/index.php?rest_route=\/wp\/v2\/users\/2"}],"replies":[{"embeddable":true,"href":"https:\/\/parafiasmardzewo.pl\/index.php?rest_route=%2Fwp%2Fv2%2Fcomments&post=8395"}],"version-history":[{"count":1,"href":"https:\/\/parafiasmardzewo.pl\/index.php?rest_route=\/wp\/v2\/posts\/8395\/revisions"}],"predecessor-version":[{"id":8396,"href":"https:\/\/parafiasmardzewo.pl\/index.php?rest_route=\/wp\/v2\/posts\/8395\/revisions\/8396"}],"wp:featuredmedia":[{"embeddable":true,"href":"https:\/\/parafiasmardzewo.pl\/index.php?rest_route=\/wp\/v2\/media\/8351"}],"wp:attachment":[{"href":"https:\/\/parafiasmardzewo.pl\/index.php?rest_route=%2Fwp%2Fv2%2Fmedia&parent=8395"}],"wp:term":[{"taxonomy":"category","embeddable":true,"href":"https:\/\/parafiasmardzewo.pl\/index.php?rest_route=%2Fwp%2Fv2%2Fcategories&post=8395"},{"taxonomy":"post_tag","embeddable":true,"href":"https:\/\/parafiasmardzewo.pl\/index.php?rest_route=%2Fwp%2Fv2%2Ftags&post=8395"}],"curies":[{"name":"wp","href":"https:\/\/api.w.org\/{rel}","templated":true}]}}