{"id":8397,"date":"2022-11-05T14:17:22","date_gmt":"2022-11-05T13:17:22","guid":{"rendered":"http:\/\/parafiasmardzewo.pl\/?p=8397"},"modified":"2022-11-05T14:17:47","modified_gmt":"2022-11-05T13:17:47","slug":"trzydziesta-druga-niedziela-w-ciagu-roku-6-listopada-2022","status":"publish","type":"post","link":"https:\/\/parafiasmardzewo.pl\/?p=8397","title":{"rendered":"TRZYDZIESTA DRUGA NIEDZIELA W CI\u0104GU ROKU  &#8211; 6 listopada 2022"},"content":{"rendered":"<p><strong>OG\u0141OSZENIA DUSZPASTERSKIE<\/strong><\/p>\n<ol>\n<li>Dzi\u015b trzydziesta druga niedziela zwyk\u0142a w roku ko\u015bcielnym i pierwsza niedziela miesi\u0105ca. Z tej racji po sumie wystawienie Naj\u015bwi\u0119tszego Sakramentu i adoracja. Po Eucharystii o godz. 9.00 spotkanie z dzie\u0107mi kl. III i IV.<\/li>\n<li>W \u015brod\u0119, 9 listopada, przypada \u015bwi\u0119to Po\u015bwi\u0119cenia Bazyliki Latera\u0144skiej. Bazylika na Lateranie jest ko\u015bcio\u0142em katedralnym biskupa Rzymu, czyli papie\u017ca. Nad wej\u015bciem widnieje napis w j\u0119zyku \u0142aci\u0144skim: \u201eMatka i G\u0142owa wszystkich ko\u015bcio\u0142\u00f3w Miasta i \u015awiata\u201d. Do XIV wieku stanowi\u0142a ona centrum \u017cycia Ko\u015bcio\u0142a. To \u015bwi\u0119to to tak\u017ce wyraz naszej jedno\u015bci z\u00a0nast\u0119pc\u0105 \u015awi\u0119tego Piotra \u2013 papie\u017cem Franciszkiem. Papie\u017ca i wszystkie sprawy Ko\u015bcio\u0142a b\u0119dziemy polecali Bogu przez r\u0119ce Maryi.<\/li>\n<li>W pi\u0105tek, 11 listopada, przypada \u015awi\u0119to Niepodleg\u0142o\u015bci. Msze \u015awi\u0119te w naszej \u015bwi\u0105tyni o\u00a0godz. 10.00 (w intencji Ojczyzny) i 16.00. Zapraszam na wsp\u00f3ln\u0105 modlitw\u0119 w intencji naszej ojczyzny. Modlitewn\u0105 pami\u0119ci\u0105 b\u0119dziemy ogarnia\u0107 wszystkich, kt\u00f3rzy zgin\u0119li w walce o jej wolno\u015b\u0107. Niech zewn\u0119trznym znakiem naszego \u015bwi\u0119towania b\u0119dzie wywieszona flaga narodowa.<\/li>\n<li>Biskup Szymon Stu\u0142kowski, Biskup P\u0142ocki wyda\u0142 Dekret, w kt\u00f3rym czytamy m.in. \u201e\u2026udzielam dyspensy od obowi\u0105zku powstrzymania si\u0119 od spo\u017cywania pokarm\u00f3w mi\u0119snych w dniu\u00a0<strong>11 listopada 2022\u00a0<\/strong>r.<br \/>\n(pi\u0105tek \u2013 Narodowe \u015awi\u0119to Niepodleg\u0142o\u015bci) wszystkim wiernym diecezji p\u0142ockiej, a tak\u017ce innym osobom przebywaj\u0105cym w tym dniu na terenie diecezji p\u0142ockiej. Zach\u0119cam jednocze\u015bnie do zast\u0105pienia wstrzemi\u0119\u017aliwo\u015bci innymi formami pokuty, zw\u0142aszcza uczynkami mi\u0142o\u015bci i pobo\u017cno\u015bci\u201d<em>.\u00a0 \u00a0 \u00a0 <\/em><\/li>\n<li><em>\u00a0<\/em>Mo\u017cna zamawia\u0107 wypominki za naszych bliskich zmar\u0142ych.<\/li>\n<li>W najbli\u017csz\u0105 niedziel\u0119, 13 listopada, przypada obchodzony od 2009 roku Dzie\u0144 Solidarno\u015bci z Ko\u015bcio\u0142em Prze\u015bladowanym (zawsze w drug\u0105 niedziel\u0119 listopada). Tak\u017ce tego dnia b\u0119dziemy obchodzi\u0107 ju\u017c po raz pi\u0105ty ustanowiony przez papie\u017ca Franciszka \u015awiatowy Dzie\u0144 Ubogich.<\/li>\n<li>Po\u015bwi\u0119cenie pomnika \u2013 czytaj na stronie internetowej parafii.<\/li>\n<li>Zach\u0119cam do nabycia prasy katolickiej.<\/li>\n<li>Wszystkim jubilatom i solenizantom \u017cyczymy otwarto\u015bci na Bo\u017ce s\u0142owo oraz odwagi w\u00a0podejmowaniu codziennych obowi\u0105zk\u00f3w wzgl\u0119dem Boga i bli\u017aniego.<\/li>\n<\/ol>\n<p>&nbsp;<\/p>\n<p>&nbsp;<\/p>\n<p>&nbsp;<\/p>\n<p>&nbsp;<\/p>\n<p><strong>\u00a0<\/strong><\/p>\n<p><strong>\u00a0<\/strong><\/p>\n<p><strong>\u00a0<\/strong><\/p>\n","protected":false},"excerpt":{"rendered":"<p>OG\u0141OSZENIA DUSZPASTERSKIE Dzi\u015b trzydziesta druga niedziela zwyk\u0142a w roku ko\u015bcielnym i pierwsza niedziela miesi\u0105ca. Z tej racji po sumie wystawienie Naj\u015bwi\u0119tszego Sakramentu i adoracja. Po Eucharystii o godz. 9.00 spotkanie z dzie\u0107mi kl. III i IV. W \u015brod\u0119, 9 listopada, przypada \u015bwi\u0119to Po\u015bwi\u0119cenia Bazyliki Latera\u0144skiej. Bazylika na Lateranie jest ko\u015bcio\u0142em katedralnym biskupa Rzymu, czyli papie\u017ca. &hellip; <\/p>\n<p><a class=\"more-link btn\" href=\"https:\/\/parafiasmardzewo.pl\/?p=8397\">Kontynuuj czytanie<\/a><\/p>\n","protected":false},"author":2,"featured_media":6301,"comment_status":"open","ping_status":"open","sticky":false,"template":"","format":"standard","meta":[],"categories":[2],"tags":[],"_links":{"self":[{"href":"https:\/\/parafiasmardzewo.pl\/index.php?rest_route=\/wp\/v2\/posts\/8397"}],"collection":[{"href":"https:\/\/parafiasmardzewo.pl\/index.php?rest_route=\/wp\/v2\/posts"}],"about":[{"href":"https:\/\/parafiasmardzewo.pl\/index.php?rest_route=\/wp\/v2\/types\/post"}],"author":[{"embeddable":true,"href":"https:\/\/parafiasmardzewo.pl\/index.php?rest_route=\/wp\/v2\/users\/2"}],"replies":[{"embeddable":true,"href":"https:\/\/parafiasmardzewo.pl\/index.php?rest_route=%2Fwp%2Fv2%2Fcomments&post=8397"}],"version-history":[{"count":1,"href":"https:\/\/parafiasmardzewo.pl\/index.php?rest_route=\/wp\/v2\/posts\/8397\/revisions"}],"predecessor-version":[{"id":8398,"href":"https:\/\/parafiasmardzewo.pl\/index.php?rest_route=\/wp\/v2\/posts\/8397\/revisions\/8398"}],"wp:featuredmedia":[{"embeddable":true,"href":"https:\/\/parafiasmardzewo.pl\/index.php?rest_route=\/wp\/v2\/media\/6301"}],"wp:attachment":[{"href":"https:\/\/parafiasmardzewo.pl\/index.php?rest_route=%2Fwp%2Fv2%2Fmedia&parent=8397"}],"wp:term":[{"taxonomy":"category","embeddable":true,"href":"https:\/\/parafiasmardzewo.pl\/index.php?rest_route=%2Fwp%2Fv2%2Fcategories&post=8397"},{"taxonomy":"post_tag","embeddable":true,"href":"https:\/\/parafiasmardzewo.pl\/index.php?rest_route=%2Fwp%2Fv2%2Ftags&post=8397"}],"curies":[{"name":"wp","href":"https:\/\/api.w.org\/{rel}","templated":true}]}}