{"id":8410,"date":"2022-11-12T18:19:41","date_gmt":"2022-11-12T17:19:41","guid":{"rendered":"http:\/\/parafiasmardzewo.pl\/?p=8410"},"modified":"2022-11-12T18:19:41","modified_gmt":"2022-11-12T17:19:41","slug":"list-pasterski-biskupa-plockiego","status":"publish","type":"post","link":"https:\/\/parafiasmardzewo.pl\/?p=8410","title":{"rendered":"LIST PASTERSKI BISKUPA P\u0141OCKIEGO"},"content":{"rendered":"<p>Drogie Siostry i Drodzy Bracia w jednej wierze w Chrystusa!<\/p>\n<p>Ojciec \u015awi\u0119ty Franciszek ustanowi\u0142 mnie biskupem diecezjalnym w P\u0142ocku, to znaczy, \u017ce zleci\u0142 mi odpowiedzialno\u015b\u0107 za Wasze zbawienie, zbawienie ludzi \u017cyj\u0105cych na terenie tej prastarej diecezji. Decyzj\u0119 Papie\u017ca przyj\u0105\u0142em z wiar\u0105 i pos\u0142usze\u0144stwem, kt\u00f3re rozumiem, nie jako pozbawienie mnie w\u0142asnego zdania, ale jako szczytow\u0105 form\u0119 wolno\u015bci, w kt\u00f3rej oddaj\u0119 w\u0142asn\u0105 wolno\u015b\u0107 na s\u0142u\u017cb\u0119 budowania Kr\u00f3lestwa Bo\u017cego.<\/p>\n<p>Jeden z wielkich filozof\u00f3w mawia\u0142: \u201eTo co najwa\u017cniejsze dokonuje si\u0119 w spotkaniu\u201d. Pan B\u00f3g otwiera przed nami szans\u0119 spotkania, by\u015bmy dzielili si\u0119 do\u015bwiadczeniem wiary, kt\u00f3re mamy w sobie. Zdaj\u0119 sobie spraw\u0119, \u017ce jako biskup diecezji p\u0142ockiej mam dzieli\u0107 si\u0119 z Wami moim do\u015bwiadczeniem Boga, z niego mam czerpa\u0107 inspiracj\u0119 do pracy po\u015br\u00f3d Was. Chc\u0119 b\u0119d\u0105c z Wami \u201epachnie\u0107\u201d Chrystusem. Ale r\u00f3wnocze\u015bnie potrzebuj\u0119 Waszego do\u015bwiadczenia Boga. Powiem jasno: jako Wasz biskup chcia\u0142bym radowa\u0107 si\u0119 Wasz\u0105 wiar\u0105, Wasz\u0105 religijno\u015bci\u0105 i pobo\u017cno\u015bci\u0105. Jest mi to potrzebne, chc\u0119 karmi\u0107 si\u0119 Waszym do\u015bwiadczeniem Boga. Kr\u00f3tko jestem z Wami, ale ju\u017c teraz dzi\u0119kuj\u0119 Panu Bogu za to, co prze\u017cy\u0142em spotykaj\u0105c si\u0119 w wielu miejscach z r\u00f3\u017cnymi osobami.<\/p>\n<p>Staj\u0119 przed Wami w pokorze, \u015bwiadom moich s\u0142abo\u015bci i niedoskona\u0142o\u015bci. Wiem, \u017ce urz\u0105d biskupa zwi\u0105zany jest z autorytetem w Ko\u015bciele. Jestem jednak g\u0142\u0119boko przekonany, \u017ce je\u015bli nie stanie za urz\u0119dem styl mojego \u017cycia jako cz\u0142owieka, katolika, kap\u0142ana i biskupa, nie obroni mnie autorytet urz\u0119du. Prosz\u0119 Was o \u017cyczliwe przyj\u0119cie mnie do wsp\u00f3lnoty Ko\u015bcio\u0142a Chrystusowego, kt\u00f3ry \u017cyje od prawie 950 lat na tej ziemi. Powiem za \u015bwi\u0119tym Paw\u0142em, kt\u00f3rego s\u0142owem z Drugiego Listu do Tesaloniczan karmi nas dzisiaj Ko\u015bci\u00f3\u0142: \u201e(\u2026) nie chc\u0119 je\u015b\u0107 za darmo chleba, ale pracowa\u0107 w trudzie i zm\u0119czeniu we dnie i w nocy, aby dla nikogo z Was nie by\u0107 ci\u0119\u017carem\u201d (por. 2 Tes 3, 8).<\/p>\n<p>W dniu og\u0142oszenia mojej nominacji biskupiej, przed trzema i p\u00f3\u0142 rokiem, czytali\u015bmy Ewangeli\u0119 wed\u0142ug \u015bwi\u0119tego Jana, w kt\u00f3rej Jezus m\u00f3wi\u0142 do swoich uczni\u00f3w: \u201enazwa\u0142em Was przyjaci\u00f3\u0142mi\u201d (J 15, 15). Te s\u0142owa zabra\u0142em ze sob\u0105 na drog\u0119 mojej biskupiej s\u0142u\u017cby. Chc\u0119 wam dzisiaj powiedzie\u0107, \u017ce Jezus nazywa Was przyjaci\u00f3\u0142mi i bardzo pragnie, by wszyscy ochrzczeni odkryli t\u0119 prawd\u0119 i uwierzyli Jego s\u0142owu.<\/p>\n<p>Papie\u017c Franciszek wzywa nas, biskup\u00f3w i kap\u0142an\u00f3w, by\u015bmy pachnieli owcami, to znaczy byli blisko ludzi, do kt\u00f3rych posy\u0142a nas B\u00f3g, znali ich b\u00f3le i strapienia, rado\u015bci i nadzieje i post\u0119powali razem na drodze zbawienia. B\u0119d\u0119 robi\u0142 wszystko, by podj\u0105\u0107 to wyzwanie, g\u0142\u0119boko wierz\u0105c, \u017ce owce pachn\u0105 krzy\u017cmem, czyli \u015bwi\u0119tym olejem, kt\u00f3rym zosta\u0142y namaszczone na chrzcie \u015bwi\u0119tym.<\/p>\n<p>Przed nami nowy rok duszpasterski, kt\u00f3ry rozpoczynamy Adwentem. Kolejny raz w \u017cyciu prze\u017cywa\u0107 b\u0119dziemy tajemnice naszego zbawienia. Chcemy w Polsce podj\u0105\u0107 refleksj\u0119 nad Ko\u015bcio\u0142em. Has\u0142em programu duszpasterskiego na lata 2022\/2023 s\u0105 s\u0142owa: \u201eWierz\u0119 w Ko\u015bci\u00f3\u0142 Chrystusowy\u201d. Podejmijmy wsp\u00f3lnie ten temat poznaj\u0105c Ko\u015bci\u00f3\u0142, kt\u00f3ry razem z Chrystusem tworzymy.<\/p>\n<p>W sobot\u0119 przed pierwsz\u0105 niedziel\u0105 Adwentu, 26 listopada 2022 roku o godz. 11.00, odb\u0119dzie si\u0119 m\u00f3j ingres do prastarej katedry w P\u0142ocku. Serdecznie zapraszam Was, Siostry i Bracia, na t\u0119 uroczysto\u015b\u0107. Bardzo prosz\u0119 o modlitw\u0119 za mnie, bym umia\u0142 zrealizowa\u0107 zadanie, jakie Pan B\u00f3g stawia przede mn\u0105. Ciesz\u0119 si\u0119, \u017ce na pocz\u0105tku nowego roku duszpasterskiego b\u0119d\u0119 m\u00f3g\u0142 otworzy\u0107 w Ciechanowie pierwsz\u0105 na terenie naszej diecezji kaplic\u0119 wieczystej adoracji Naj\u015bwi\u0119tszego Sakramentu. To inicjatywa oddolna ludzi \u015bwieckich, kt\u00f3rzy wraz z kap\u0142anami podj\u0119li si\u0119 przygotowania tego pi\u0119knego dzie\u0142a. Od dnia 8 grudnia br. w Ciechanowie dzie\u0144 i noc b\u0119dzie trwa\u0142a modlitwa przed Jezusem Eucharystycznym. Prosz\u0119, pami\u0119tajcie o mnie modl\u0105c si\u0119 w tym miejscu, ale i wsz\u0119dzie, gdzie si\u0119 modlicie, w naszej diecezji i poza ni\u0105.<\/p>\n<p>Dzie\u0144 przed ingresem, 25 listopada br. o godz. 20.00, do bazyliki katedralnej w P\u0142ocku, zapraszam na wieczorn\u0105 modlitw\u0119 kap\u0142an\u00f3w. Bardzo zale\u017cy mi na tym, by spotka\u0107 si\u0119 z Wami, Drodzy Bracia, na s\u0142uchaniu s\u0142owa Bo\u017cego i modlitwie. Poprosi\u0142em Arcybiskupa Grzegorza Rysia, by poprowadzi\u0142 nasze spotkanie. Chc\u0119, by\u015bmy razem prosili Ducha \u015awi\u0119tego o \u015bwiat\u0142o, by wskaza\u0142 nam jak mamy i\u015b\u0107 razem drog\u0105 wiary. Niech \u015bwi\u0119ci i b\u0142ogos\u0142awieni tej ziemi wspieraj\u0105 nas swoim wstawiennictwem.<\/p>\n<p>\u015awi\u0119ci Stanis\u0142awie Kostko, Zygmuncie, siostro Faustyno, b\u0142ogos\u0142awieni biskupi Antoni Julianie i Leonie &#8211; m\u00f3dlcie si\u0119 za nami!<\/p>\n<p>Wypraszam u Boga Jego b\u0142ogos\u0142awie\u0144stwo na nasz\u0105 wsp\u00f3ln\u0105 drog\u0119!<\/p>\n<p>\u2020 Szymon Stu\u0142kowski<br \/>\nBiskup P\u0142ocki<\/p>\n<p>P\u0142ock, dnia 10 listopada 2022 r.<\/p>\n","protected":false},"excerpt":{"rendered":"<p>Drogie Siostry i Drodzy Bracia w jednej wierze w Chrystusa! Ojciec \u015awi\u0119ty Franciszek ustanowi\u0142 mnie biskupem diecezjalnym w P\u0142ocku, to znaczy, \u017ce zleci\u0142 mi odpowiedzialno\u015b\u0107 za Wasze zbawienie, zbawienie ludzi \u017cyj\u0105cych na terenie tej prastarej diecezji. Decyzj\u0119 Papie\u017ca przyj\u0105\u0142em z wiar\u0105 i pos\u0142usze\u0144stwem, kt\u00f3re rozumiem, nie jako pozbawienie mnie w\u0142asnego zdania, ale jako szczytow\u0105 form\u0119 &hellip; <\/p>\n<p><a class=\"more-link btn\" href=\"https:\/\/parafiasmardzewo.pl\/?p=8410\">Kontynuuj czytanie<\/a><\/p>\n","protected":false},"author":1,"featured_media":8408,"comment_status":"open","ping_status":"open","sticky":false,"template":"","format":"standard","meta":[],"categories":[6],"tags":[],"_links":{"self":[{"href":"https:\/\/parafiasmardzewo.pl\/index.php?rest_route=\/wp\/v2\/posts\/8410"}],"collection":[{"href":"https:\/\/parafiasmardzewo.pl\/index.php?rest_route=\/wp\/v2\/posts"}],"about":[{"href":"https:\/\/parafiasmardzewo.pl\/index.php?rest_route=\/wp\/v2\/types\/post"}],"author":[{"embeddable":true,"href":"https:\/\/parafiasmardzewo.pl\/index.php?rest_route=\/wp\/v2\/users\/1"}],"replies":[{"embeddable":true,"href":"https:\/\/parafiasmardzewo.pl\/index.php?rest_route=%2Fwp%2Fv2%2Fcomments&post=8410"}],"version-history":[{"count":1,"href":"https:\/\/parafiasmardzewo.pl\/index.php?rest_route=\/wp\/v2\/posts\/8410\/revisions"}],"predecessor-version":[{"id":8411,"href":"https:\/\/parafiasmardzewo.pl\/index.php?rest_route=\/wp\/v2\/posts\/8410\/revisions\/8411"}],"wp:featuredmedia":[{"embeddable":true,"href":"https:\/\/parafiasmardzewo.pl\/index.php?rest_route=\/wp\/v2\/media\/8408"}],"wp:attachment":[{"href":"https:\/\/parafiasmardzewo.pl\/index.php?rest_route=%2Fwp%2Fv2%2Fmedia&parent=8410"}],"wp:term":[{"taxonomy":"category","embeddable":true,"href":"https:\/\/parafiasmardzewo.pl\/index.php?rest_route=%2Fwp%2Fv2%2Fcategories&post=8410"},{"taxonomy":"post_tag","embeddable":true,"href":"https:\/\/parafiasmardzewo.pl\/index.php?rest_route=%2Fwp%2Fv2%2Ftags&post=8410"}],"curies":[{"name":"wp","href":"https:\/\/api.w.org\/{rel}","templated":true}]}}